{"id":15299,"date":"2025-01-25T12:59:48","date_gmt":"2025-01-25T12:59:48","guid":{"rendered":"https:\/\/mifavorita.com.pa\/2017\/?p=15299"},"modified":"2025-01-25T12:59:48","modified_gmt":"2025-01-25T12:59:48","slug":"operativos-de-miambiente-detectaron-tala-extraccion-de-arena-y-minerales-y-caza-ilegal-en-cocle","status":"publish","type":"post","link":"https:\/\/mifavorita.com.pa\/2017\/operativos-de-miambiente-detectaron-tala-extraccion-de-arena-y-minerales-y-caza-ilegal-en-cocle\/","title":{"rendered":"OPERATIVOS DE MIAMBIENTE DETECTARON TALA, EXTRACCI\u00d3N DE ARENA Y MINERALES, Y CAZA ILEGAL EN COCL\u00c9"},"content":{"rendered":"\n<p class=\"p1\">Diversos operativos ha llevado a cabo el Ministerio de Ambiente en las \u00faltimas horas en la provincia de Cocl\u00e9 en los que se ha detectado anomal\u00edas en puntos como Los Pollos, La Frontera y zonas aleda\u00f1as en R\u00edo Hato, en los que se extrae arena de forma ilegal. <\/p>\n\n\n\n<p class=\"p1\">Las personas involucradas han sido citadas a las oficinas del Ministerio el d\u00eda lunes 27 de enero, para que brinden declaraciones de lo sucedido y para que se verifiquen los correctivos; este caso ha sido remitido a la Fiscal\u00eda Superior Especializada en Delitos Ambientales.&nbsp;<\/p>\n\n\n\n<figure class=\"wp-block-image size-large\"><img fetchpriority=\"high\" decoding=\"async\" width=\"1024\" height=\"1021\" src=\"https:\/\/mifavorita.com.pa\/2017\/wp-content\/uploads\/2025\/01\/img_4988-1-1024x1021.jpg\" class=\"wp-image-15296\" srcset=\"https:\/\/mifavorita.com.pa\/2017\/wp-content\/uploads\/2025\/01\/img_4988-1-1024x1021.jpg 1024w, https:\/\/mifavorita.com.pa\/2017\/wp-content\/uploads\/2025\/01\/img_4988-1-300x300.jpg 300w, https:\/\/mifavorita.com.pa\/2017\/wp-content\/uploads\/2025\/01\/img_4988-1-150x150.jpg 150w, https:\/\/mifavorita.com.pa\/2017\/wp-content\/uploads\/2025\/01\/img_4988-1-768x766.jpg 768w, https:\/\/mifavorita.com.pa\/2017\/wp-content\/uploads\/2025\/01\/img_4988-1-700x698.jpg 700w, https:\/\/mifavorita.com.pa\/2017\/wp-content\/uploads\/2025\/01\/img_4988-1-500x499.jpg 500w, https:\/\/mifavorita.com.pa\/2017\/wp-content\/uploads\/2025\/01\/img_4988-1.jpg 1157w\" sizes=\"(max-width: 1024px) 100vw, 1024px\" \/><\/figure>\n\n\n\n<p class=\"p1\">Tambi\u00e9n se detect\u00f3 una campamento clandestino ubicado dentro del per\u00edmetro de una propiedad abandonada, en el que se hab\u00eda talado un bosque de galer\u00eda, y pose\u00edan trampas para la presunta captura de fauna silvestre, el cual fue desmantelado.<\/p>\n\n\n\n<figure class=\"wp-block-image size-large\"><img decoding=\"async\" width=\"1024\" height=\"1011\" src=\"https:\/\/mifavorita.com.pa\/2017\/wp-content\/uploads\/2025\/01\/img_4987-2-1-1024x1011.jpg\" class=\"wp-image-15297\" srcset=\"https:\/\/mifavorita.com.pa\/2017\/wp-content\/uploads\/2025\/01\/img_4987-2-1-1024x1011.jpg 1024w, https:\/\/mifavorita.com.pa\/2017\/wp-content\/uploads\/2025\/01\/img_4987-2-1-300x296.jpg 300w, https:\/\/mifavorita.com.pa\/2017\/wp-content\/uploads\/2025\/01\/img_4987-2-1-768x758.jpg 768w, https:\/\/mifavorita.com.pa\/2017\/wp-content\/uploads\/2025\/01\/img_4987-2-1-700x691.jpg 700w, https:\/\/mifavorita.com.pa\/2017\/wp-content\/uploads\/2025\/01\/img_4987-2-1-500x493.jpg 500w, https:\/\/mifavorita.com.pa\/2017\/wp-content\/uploads\/2025\/01\/img_4987-2-1.jpg 1143w\" sizes=\"(max-width: 1024px) 100vw, 1024px\" \/><\/figure>\n\n\n\n<p class=\"p1\">Hasta el momento, se adelantan las investigaciones por estos casos, y por otros en los que no se descarta la participaci\u00f3n de gran cantidad de personas que por a\u00f1os se han dedicado a esto, y que incluyen la extracci\u00f3n ilegal de minerales, puesto que no cuentan con permisos correspondientes. <\/p>\n\n\n\n<p class=\"p1\">Se presume la participaci\u00f3n de funcionarios p\u00fablicos de diversa \u00edndole en dichas actividades.&nbsp;<\/p>\n\n\n\n<figure class=\"wp-block-image size-large\"><img decoding=\"async\" width=\"1024\" height=\"1010\" src=\"https:\/\/mifavorita.com.pa\/2017\/wp-content\/uploads\/2025\/01\/img_4989-1-1024x1010.jpg\" class=\"wp-image-15298\" srcset=\"https:\/\/mifavorita.com.pa\/2017\/wp-content\/uploads\/2025\/01\/img_4989-1-1024x1010.jpg 1024w, https:\/\/mifavorita.com.pa\/2017\/wp-content\/uploads\/2025\/01\/img_4989-1-300x296.jpg 300w, https:\/\/mifavorita.com.pa\/2017\/wp-content\/uploads\/2025\/01\/img_4989-1-768x757.jpg 768w, https:\/\/mifavorita.com.pa\/2017\/wp-content\/uploads\/2025\/01\/img_4989-1-700x690.jpg 700w, https:\/\/mifavorita.com.pa\/2017\/wp-content\/uploads\/2025\/01\/img_4989-1-500x493.jpg 500w, https:\/\/mifavorita.com.pa\/2017\/wp-content\/uploads\/2025\/01\/img_4989-1.jpg 1145w\" sizes=\"(max-width: 1024px) 100vw, 1024px\" \/><\/figure>\n","protected":false},"excerpt":{"rendered":"<p>Diversos operativos ha llevado a cabo el Ministerio de Ambiente en las \u00faltimas horas en la provincia de Cocl\u00e9 en los que se ha detectado anomal\u00edas en puntos como Los Pollos, La Frontera y zonas aleda\u00f1as en R\u00edo Hato, en los que se extrae arena de forma ilegal. Las personas involucradas han sido citadas a [&hellip;]<\/p>\n","protected":false},"author":6,"featured_media":15295,"comment_status":"closed","ping_status":"open","sticky":false,"template":"","format":"standard","meta":{"footnotes":""},"categories":[17,1],"tags":[],"class_list":["post-15299","post","type-post","status-publish","format-standard","has-post-thumbnail","hentry","category-comunitaria","category-noticias"],"_links":{"self":[{"href":"https:\/\/mifavorita.com.pa\/2017\/wp-json\/wp\/v2\/posts\/15299","targetHints":{"allow":["GET"]}}],"collection":[{"href":"https:\/\/mifavorita.com.pa\/2017\/wp-json\/wp\/v2\/posts"}],"about":[{"href":"https:\/\/mifavorita.com.pa\/2017\/wp-json\/wp\/v2\/types\/post"}],"author":[{"embeddable":true,"href":"https:\/\/mifavorita.com.pa\/2017\/wp-json\/wp\/v2\/users\/6"}],"replies":[{"embeddable":true,"href":"https:\/\/mifavorita.com.pa\/2017\/wp-json\/wp\/v2\/comments?post=15299"}],"version-history":[{"count":1,"href":"https:\/\/mifavorita.com.pa\/2017\/wp-json\/wp\/v2\/posts\/15299\/revisions"}],"predecessor-version":[{"id":15300,"href":"https:\/\/mifavorita.com.pa\/2017\/wp-json\/wp\/v2\/posts\/15299\/revisions\/15300"}],"wp:featuredmedia":[{"embeddable":true,"href":"https:\/\/mifavorita.com.pa\/2017\/wp-json\/wp\/v2\/media\/15295"}],"wp:attachment":[{"href":"https:\/\/mifavorita.com.pa\/2017\/wp-json\/wp\/v2\/media?parent=15299"}],"wp:term":[{"taxonomy":"category","embeddable":true,"href":"https:\/\/mifavorita.com.pa\/2017\/wp-json\/wp\/v2\/categories?post=15299"},{"taxonomy":"post_tag","embeddable":true,"href":"https:\/\/mifavorita.com.pa\/2017\/wp-json\/wp\/v2\/tags?post=15299"}],"curies":[{"name":"wp","href":"https:\/\/api.w.org\/{rel}","templated":true}]}}