{"id":15301,"date":"2025-01-25T14:33:43","date_gmt":"2025-01-25T14:33:43","guid":{"rendered":"https:\/\/mifavorita.com.pa\/2017\/?p=15301"},"modified":"2025-01-25T14:34:29","modified_gmt":"2025-01-25T14:34:29","slug":"empresaria-radicada-en-farallon-presenta-su-libro-un-amor-entre-las-olas-del-mar-que-narra-experiencias-de-vida-y-emprendimiento","status":"publish","type":"post","link":"https:\/\/mifavorita.com.pa\/2017\/empresaria-radicada-en-farallon-presenta-su-libro-un-amor-entre-las-olas-del-mar-que-narra-experiencias-de-vida-y-emprendimiento\/","title":{"rendered":"EMPRESARIA RADICADA EN FARALL\u00d2N PRESENTA SU LIBRO UN AMOR ENTRE LAS OLAS DEL MAR, QUE NARRA EXPERIENCIAS DE VIDA Y EMPRENDIMIENTO"},"content":{"rendered":"\n<p>Una historia de amor, turismo, emprendimiento y vida ser\u00e1 presentada por parte de Luz Massiel Mu\u00f1oz Gudi\u00f1o de Hugentobler, el pr\u00f3ximo 1 de febrero en la playa Farall\u00f3n en horas de la tarde, y que mostrar\u00e1 trav\u00e9s de su libro \u201cUn Amor Entre las Olas del Mar\u201d, c\u00f3mo el amor y la pasi\u00f3n por vivir triunfan sobre la muerte.<\/p>\n\n\n\n<p>La empresaria, aunque no es de Cocl\u00e9, ha sido adoptada por esta provincia, en la que trabaja con su restaurante \u201cLa Fogata\u201d que recibe personas de todo el mundo desde hace m\u00e1s de 20 a\u00f1os, y que ofrece mariscos frescos, directamente de manos de pescadores de las costas antoneras.<\/p>\n\n\n\n<figure class=\"wp-block-image size-large\"><img fetchpriority=\"high\" decoding=\"async\" width=\"896\" height=\"1024\" src=\"https:\/\/mifavorita.com.pa\/2017\/wp-content\/uploads\/2025\/01\/IMG_4993-896x1024.jpeg\" alt=\"\" class=\"wp-image-15304\" srcset=\"https:\/\/mifavorita.com.pa\/2017\/wp-content\/uploads\/2025\/01\/IMG_4993-896x1024.jpeg 896w, https:\/\/mifavorita.com.pa\/2017\/wp-content\/uploads\/2025\/01\/IMG_4993-263x300.jpeg 263w, https:\/\/mifavorita.com.pa\/2017\/wp-content\/uploads\/2025\/01\/IMG_4993-768x878.jpeg 768w, https:\/\/mifavorita.com.pa\/2017\/wp-content\/uploads\/2025\/01\/IMG_4993-700x800.jpeg 700w, https:\/\/mifavorita.com.pa\/2017\/wp-content\/uploads\/2025\/01\/IMG_4993-500x571.jpeg 500w, https:\/\/mifavorita.com.pa\/2017\/wp-content\/uploads\/2025\/01\/IMG_4993.jpeg 1170w\" sizes=\"(max-width: 896px) 100vw, 896px\" \/><figcaption class=\"wp-element-caption\"><em>Clientes de todo el mundo, especialmente de Canad\u00e1, visitan La Fogata en Farall\u00f3n, por la saz\u00f3n y mariscos frescos<\/em><\/figcaption><\/figure>\n\n\n\n<p>La se\u00f1ora Luz Massiel indic\u00f3 que en el libro relata las experiencias vividas desde su infancia, hasta el hermoso matrimonio que form\u00f3 con su fallecido esposo Jorge, fallecido en noviembre del 2023 a causa de un c\u00e1ncer, as\u00ed mismo c\u00f3mo logr\u00f3 levantarse tras esta inesperada p\u00e9rdida, siguiendo con el legado de la cocina, pasi\u00f3n que descubri\u00f3 gracias a \u00e9l, y cuidando su restaurante como un hijo.<\/p>\n\n\n\n<p>Ella tambi\u00e9n mencion\u00f3 que de su esposo aprendi\u00f3 a valorar cada detalle de las hermosas costas coclesanas, el cielo, la luna, las olas y los atardeceres, siendo la portada uno de esos recuerdos junto a \u00e9l. Destac\u00f3 a su vez, la importancia de llevar una vida feliz, para que, en los \u00faltimos momentos de vida, el sentimiento sea de satisfacci\u00f3n.<\/p>\n\n\n\n<figure class=\"wp-block-image size-full\"><img decoding=\"async\" width=\"632\" height=\"655\" src=\"https:\/\/mifavorita.com.pa\/2017\/wp-content\/uploads\/2025\/01\/IMG_4994.jpeg\" alt=\"\" class=\"wp-image-15305\" srcset=\"https:\/\/mifavorita.com.pa\/2017\/wp-content\/uploads\/2025\/01\/IMG_4994.jpeg 632w, https:\/\/mifavorita.com.pa\/2017\/wp-content\/uploads\/2025\/01\/IMG_4994-289x300.jpeg 289w, https:\/\/mifavorita.com.pa\/2017\/wp-content\/uploads\/2025\/01\/IMG_4994-500x518.jpeg 500w\" sizes=\"(max-width: 632px) 100vw, 632px\" \/><figcaption class=\"wp-element-caption\"><em>La se\u00f1ora Luz Massiel junto a su esposo Jorge Hugentobler Q.E.P.D., inspiraci\u00f3n del libro <\/em><\/figcaption><\/figure>\n\n\n\n<p>Indic\u00f3 que el libro estar\u00e1 disponible en la p\u00e1gina web lafogatapanama.com, y en la editora D\u2019McPherson en la ciudad capital, as\u00ed tambi\u00e9n en el local del restaurante.<\/p>\n\n\n\n<p>La se\u00f1ora Luz Massiel indic\u00f3 que Cocl\u00e9 lo tiene todo, y que ella tambi\u00e9n conf\u00eda en el potencial tur\u00edstico de esta provincia, resaltando siempre el trabajo honesto de su gente y la belleza natural que ofrece, por lo que les invit\u00f3 a seguir apoyando a los comercios de la zona.<\/p>\n","protected":false},"excerpt":{"rendered":"<p>Una historia de amor, turismo, emprendimiento y vida ser\u00e1 presentada por parte de Luz Massiel Mu\u00f1oz Gudi\u00f1o de Hugentobler, el pr\u00f3ximo 1 de febrero en la playa Farall\u00f3n en horas de la tarde, y que mostrar\u00e1 trav\u00e9s de su libro \u201cUn Amor Entre las Olas del Mar\u201d, c\u00f3mo el amor y la pasi\u00f3n por vivir [&hellip;]<\/p>\n","protected":false},"author":6,"featured_media":15303,"comment_status":"open","ping_status":"open","sticky":false,"template":"","format":"standard","meta":{"footnotes":""},"categories":[30,1],"tags":[],"class_list":["post-15301","post","type-post","status-publish","format-standard","has-post-thumbnail","hentry","category-cultura","category-noticias"],"_links":{"self":[{"href":"https:\/\/mifavorita.com.pa\/2017\/wp-json\/wp\/v2\/posts\/15301","targetHints":{"allow":["GET"]}}],"collection":[{"href":"https:\/\/mifavorita.com.pa\/2017\/wp-json\/wp\/v2\/posts"}],"about":[{"href":"https:\/\/mifavorita.com.pa\/2017\/wp-json\/wp\/v2\/types\/post"}],"author":[{"embeddable":true,"href":"https:\/\/mifavorita.com.pa\/2017\/wp-json\/wp\/v2\/users\/6"}],"replies":[{"embeddable":true,"href":"https:\/\/mifavorita.com.pa\/2017\/wp-json\/wp\/v2\/comments?post=15301"}],"version-history":[{"count":2,"href":"https:\/\/mifavorita.com.pa\/2017\/wp-json\/wp\/v2\/posts\/15301\/revisions"}],"predecessor-version":[{"id":15306,"href":"https:\/\/mifavorita.com.pa\/2017\/wp-json\/wp\/v2\/posts\/15301\/revisions\/15306"}],"wp:featuredmedia":[{"embeddable":true,"href":"https:\/\/mifavorita.com.pa\/2017\/wp-json\/wp\/v2\/media\/15303"}],"wp:attachment":[{"href":"https:\/\/mifavorita.com.pa\/2017\/wp-json\/wp\/v2\/media?parent=15301"}],"wp:term":[{"taxonomy":"category","embeddable":true,"href":"https:\/\/mifavorita.com.pa\/2017\/wp-json\/wp\/v2\/categories?post=15301"},{"taxonomy":"post_tag","embeddable":true,"href":"https:\/\/mifavorita.com.pa\/2017\/wp-json\/wp\/v2\/tags?post=15301"}],"curies":[{"name":"wp","href":"https:\/\/api.w.org\/{rel}","templated":true}]}}