{"id":15307,"date":"2025-01-25T14:51:57","date_gmt":"2025-01-25T14:51:57","guid":{"rendered":"https:\/\/mifavorita.com.pa\/2017\/?p=15307"},"modified":"2025-01-25T14:52:44","modified_gmt":"2025-01-25T14:52:44","slug":"penonome-se-mantiene-sin-agua-servicio-debe-reestablecerse-la-noche-de-este-sabado-25-de-enero","status":"publish","type":"post","link":"https:\/\/mifavorita.com.pa\/2017\/penonome-se-mantiene-sin-agua-servicio-debe-reestablecerse-la-noche-de-este-sabado-25-de-enero\/","title":{"rendered":"PENONOM\u00c9 SE MANTIENE SIN AGUA: SERVICIO DEBE REESTABLECERSE LA NOCHE DE ESTE S\u00c1BADO 25 DE ENERO"},"content":{"rendered":"\n<p>Al 50% se encuentra funcionando la planta potabilizadora de agua potable de Penonom\u00e9, por lo que, desde horas de la ma\u00f1ana del viernes 24 de enero, muchos residentes han reportado la falta del vital l\u00edquido en sus hogares, otros la escasa cantidad que sale de los grifos.<\/p>\n\n\n\n<p>&nbsp;El Instituto de Acueductos y Alcantarillados Nacionales, por su parte inform\u00f3 que esta situaci\u00f3n se debe a un da\u00f1o, y que en horas de la tarde o noche de este s\u00e1bado 25, debe volver a la normalidad.<\/p>\n\n\n\n<p>Arcenio Gonz\u00e1lez, director del IDAAN en Cocl\u00e9, explic\u00f3 que se produjo un fallo en una de las bombas de la toma de agua cruda de Penonom\u00e9, lo que afecta la distribuci\u00f3n de agua en zonas altas como Vista Hermosa, Las Delicias y Cerro Centenario.<\/p>\n\n\n\n<p>El director explic\u00f3 que los trabajos para recuperar el equipo iniciaron de inmediato, lo que lograr\u00eda reinstalar la bomba a eso de las 3 de la tarde, normalizando as\u00ed el servicio en horas de la noche. adem\u00e1s, dijo que junto al personal de electromec\u00e1nica no encontraron el motivo del da\u00f1o en la bomba, ya que el nivel la turbiedad del r\u00edo es m\u00ednima.<\/p>\n\n\n\n<p>Gonz\u00e1lez manifest\u00f3 que, en la estaci\u00f3n seca, el mantenimiento que se realiza en la toma de agua cruda de Penonom\u00e9, es menos frecuente, ya que no se presentan muchas crecidas en el r\u00edo Zarat\u00ed, sin embargo, esperan que la situaci\u00f3n no vuelva a ocurrir, garantizando que la poblaci\u00f3n reciba el suministro de agua regularmente.<\/p>\n\n\n\n<p>Durante este s\u00e1bado 25, unos 4 o 5 camiones cisternas deben proveer de agua potable a los puntos m\u00e1s afectados en Penonom\u00e9.<\/p>\n","protected":false},"excerpt":{"rendered":"<p>Al 50% se encuentra funcionando la planta potabilizadora de agua potable de Penonom\u00e9, por lo que, desde horas de la ma\u00f1ana del viernes 24 de enero, muchos residentes han reportado la falta del vital l\u00edquido en sus hogares, otros la escasa cantidad que sale de los grifos. &nbsp;El Instituto de Acueductos y Alcantarillados Nacionales, por [&hellip;]<\/p>\n","protected":false},"author":6,"featured_media":15308,"comment_status":"open","ping_status":"open","sticky":false,"template":"","format":"standard","meta":{"footnotes":""},"categories":[17,1],"tags":[],"class_list":["post-15307","post","type-post","status-publish","format-standard","has-post-thumbnail","hentry","category-comunitaria","category-noticias"],"_links":{"self":[{"href":"https:\/\/mifavorita.com.pa\/2017\/wp-json\/wp\/v2\/posts\/15307","targetHints":{"allow":["GET"]}}],"collection":[{"href":"https:\/\/mifavorita.com.pa\/2017\/wp-json\/wp\/v2\/posts"}],"about":[{"href":"https:\/\/mifavorita.com.pa\/2017\/wp-json\/wp\/v2\/types\/post"}],"author":[{"embeddable":true,"href":"https:\/\/mifavorita.com.pa\/2017\/wp-json\/wp\/v2\/users\/6"}],"replies":[{"embeddable":true,"href":"https:\/\/mifavorita.com.pa\/2017\/wp-json\/wp\/v2\/comments?post=15307"}],"version-history":[{"count":1,"href":"https:\/\/mifavorita.com.pa\/2017\/wp-json\/wp\/v2\/posts\/15307\/revisions"}],"predecessor-version":[{"id":15309,"href":"https:\/\/mifavorita.com.pa\/2017\/wp-json\/wp\/v2\/posts\/15307\/revisions\/15309"}],"wp:featuredmedia":[{"embeddable":true,"href":"https:\/\/mifavorita.com.pa\/2017\/wp-json\/wp\/v2\/media\/15308"}],"wp:attachment":[{"href":"https:\/\/mifavorita.com.pa\/2017\/wp-json\/wp\/v2\/media?parent=15307"}],"wp:term":[{"taxonomy":"category","embeddable":true,"href":"https:\/\/mifavorita.com.pa\/2017\/wp-json\/wp\/v2\/categories?post=15307"},{"taxonomy":"post_tag","embeddable":true,"href":"https:\/\/mifavorita.com.pa\/2017\/wp-json\/wp\/v2\/tags?post=15307"}],"curies":[{"name":"wp","href":"https:\/\/api.w.org\/{rel}","templated":true}]}}