{"id":15310,"date":"2025-01-25T16:09:04","date_gmt":"2025-01-25T16:09:04","guid":{"rendered":"https:\/\/mifavorita.com.pa\/2017\/?p=15310"},"modified":"2025-01-25T16:10:18","modified_gmt":"2025-01-25T16:10:18","slug":"cerro-guacamaya-de-penonome-se-incendia-personal-de-diversas-instituciones-apoyan-en-la-extincion","status":"publish","type":"post","link":"https:\/\/mifavorita.com.pa\/2017\/cerro-guacamaya-de-penonome-se-incendia-personal-de-diversas-instituciones-apoyan-en-la-extincion\/","title":{"rendered":"CERRO GUACAMAYA DE PENONOM\u00c9 SE INCENDIA: PERSONAL DE DIVERSAS INSTITUCIONES APOYAN EN LA EXTINCI\u00d3N"},"content":{"rendered":"\n<figure class=\"wp-block-image size-large\"><img fetchpriority=\"high\" decoding=\"async\" width=\"842\" height=\"1024\" src=\"https:\/\/mifavorita.com.pa\/2017\/wp-content\/uploads\/2025\/01\/IMG_4996-842x1024.jpeg\" alt=\"\" class=\"wp-image-15311\" srcset=\"https:\/\/mifavorita.com.pa\/2017\/wp-content\/uploads\/2025\/01\/IMG_4996-842x1024.jpeg 842w, https:\/\/mifavorita.com.pa\/2017\/wp-content\/uploads\/2025\/01\/IMG_4996-247x300.jpeg 247w, https:\/\/mifavorita.com.pa\/2017\/wp-content\/uploads\/2025\/01\/IMG_4996-768x934.jpeg 768w, https:\/\/mifavorita.com.pa\/2017\/wp-content\/uploads\/2025\/01\/IMG_4996-700x851.jpeg 700w, https:\/\/mifavorita.com.pa\/2017\/wp-content\/uploads\/2025\/01\/IMG_4996-500x608.jpeg 500w, https:\/\/mifavorita.com.pa\/2017\/wp-content\/uploads\/2025\/01\/IMG_4996.jpeg 1162w\" sizes=\"(max-width: 842px) 100vw, 842px\" \/><\/figure>\n\n\n\n<p>Personal del Ministerio de Ambiente de la Brigada Forestal voluntaria de El Jobo, en conjunto con el Cuerpo de Bomberos y el Sistema Nacional de Protecci\u00f3n Civil, se mantienen este s\u00e1bado 25 de enero intentando sofocar un incendio producido el d\u00eda de ayer viernes 24, en el Cerro Guacamaya, ubicado en el distrito de Penonom\u00e9.<\/p>\n\n\n\n<p>La Junta Administradora de Acueductos Rurales de Ca\u00f1averal tambi\u00e9n se ha sumado a estas laboras, de manera que se controle lo antes posible, y as\u00ed evitar que el da\u00f1o a la flora y fauna siga avanzando. Este cerro contiene una de las mayores reservas de agua del distrito y provee del vital l\u00edquido a varias comunidades.<\/p>\n\n\n\n<p>Estas labores se han complicado por el dif\u00edcil acceso al sitio, los fuertes vientos propios de la temporada y lo alto del incendio, el cual se ubica en la cima.<\/p>\n\n\n\n<figure class=\"wp-block-image size-large\"><img decoding=\"async\" width=\"861\" height=\"1024\" src=\"https:\/\/mifavorita.com.pa\/2017\/wp-content\/uploads\/2025\/01\/IMG_4997-861x1024.jpeg\" alt=\"\" class=\"wp-image-15313\" srcset=\"https:\/\/mifavorita.com.pa\/2017\/wp-content\/uploads\/2025\/01\/IMG_4997-861x1024.jpeg 861w, https:\/\/mifavorita.com.pa\/2017\/wp-content\/uploads\/2025\/01\/IMG_4997-252x300.jpeg 252w, https:\/\/mifavorita.com.pa\/2017\/wp-content\/uploads\/2025\/01\/IMG_4997-768x913.jpeg 768w, https:\/\/mifavorita.com.pa\/2017\/wp-content\/uploads\/2025\/01\/IMG_4997-700x832.jpeg 700w, https:\/\/mifavorita.com.pa\/2017\/wp-content\/uploads\/2025\/01\/IMG_4997-500x594.jpeg 500w, https:\/\/mifavorita.com.pa\/2017\/wp-content\/uploads\/2025\/01\/IMG_4997.jpeg 1170w\" sizes=\"(max-width: 861px) 100vw, 861px\" \/><\/figure>\n\n\n\n<p>Tambi\u00e9n la Gobernaci\u00f3n de la Provincia y autoridades locales, se han unido a las labores de extinci\u00f3n con personal y coordinaci\u00f3n de apoyo con insumos.<\/p>\n\n\n\n<p>El propio ministro de Ambiente, Juan Carlos Navarro, manifest\u00f3 su apoyo a los paname\u00f1os valientes que se encuentran combatiendo este incendio criminal.<\/p>\n\n\n\n<figure class=\"wp-block-image size-large\"><img decoding=\"async\" width=\"873\" height=\"1024\" src=\"https:\/\/mifavorita.com.pa\/2017\/wp-content\/uploads\/2025\/01\/IMG_4998-873x1024.jpeg\" alt=\"\" class=\"wp-image-15314\" srcset=\"https:\/\/mifavorita.com.pa\/2017\/wp-content\/uploads\/2025\/01\/IMG_4998-873x1024.jpeg 873w, https:\/\/mifavorita.com.pa\/2017\/wp-content\/uploads\/2025\/01\/IMG_4998-256x300.jpeg 256w, https:\/\/mifavorita.com.pa\/2017\/wp-content\/uploads\/2025\/01\/IMG_4998-768x901.jpeg 768w, https:\/\/mifavorita.com.pa\/2017\/wp-content\/uploads\/2025\/01\/IMG_4998-700x821.jpeg 700w, https:\/\/mifavorita.com.pa\/2017\/wp-content\/uploads\/2025\/01\/IMG_4998-500x587.jpeg 500w, https:\/\/mifavorita.com.pa\/2017\/wp-content\/uploads\/2025\/01\/IMG_4998.jpeg 1170w\" sizes=\"(max-width: 873px) 100vw, 873px\" \/><\/figure>\n\n\n\n<p>De igual forma, la instituci\u00f3n iniciar\u00e1 un proceso administrativo correspondiente en contra el responsable que ya ha sido identificado. Este hecho pone en peligro las vidas humanas que intentan sofocar el incendio, y causa da\u00f1os a la cobertura boscosa.&nbsp;<\/p>\n\n\n\n<p>Indicaron que ser\u00e1n inflexibles con personas que insistan en provocar incendios y atentar en contra de los recursos naturales.<\/p>\n","protected":false},"excerpt":{"rendered":"<p>Personal del Ministerio de Ambiente de la Brigada Forestal voluntaria de El Jobo, en conjunto con el Cuerpo de Bomberos y el Sistema Nacional de Protecci\u00f3n Civil, se mantienen este s\u00e1bado 25 de enero intentando sofocar un incendio producido el d\u00eda de ayer viernes 24, en el Cerro Guacamaya, ubicado en el distrito de Penonom\u00e9. [&hellip;]<\/p>\n","protected":false},"author":6,"featured_media":15312,"comment_status":"open","ping_status":"open","sticky":false,"template":"","format":"standard","meta":{"footnotes":""},"categories":[17,1],"tags":[],"class_list":["post-15310","post","type-post","status-publish","format-standard","has-post-thumbnail","hentry","category-comunitaria","category-noticias"],"_links":{"self":[{"href":"https:\/\/mifavorita.com.pa\/2017\/wp-json\/wp\/v2\/posts\/15310","targetHints":{"allow":["GET"]}}],"collection":[{"href":"https:\/\/mifavorita.com.pa\/2017\/wp-json\/wp\/v2\/posts"}],"about":[{"href":"https:\/\/mifavorita.com.pa\/2017\/wp-json\/wp\/v2\/types\/post"}],"author":[{"embeddable":true,"href":"https:\/\/mifavorita.com.pa\/2017\/wp-json\/wp\/v2\/users\/6"}],"replies":[{"embeddable":true,"href":"https:\/\/mifavorita.com.pa\/2017\/wp-json\/wp\/v2\/comments?post=15310"}],"version-history":[{"count":2,"href":"https:\/\/mifavorita.com.pa\/2017\/wp-json\/wp\/v2\/posts\/15310\/revisions"}],"predecessor-version":[{"id":15316,"href":"https:\/\/mifavorita.com.pa\/2017\/wp-json\/wp\/v2\/posts\/15310\/revisions\/15316"}],"wp:featuredmedia":[{"embeddable":true,"href":"https:\/\/mifavorita.com.pa\/2017\/wp-json\/wp\/v2\/media\/15312"}],"wp:attachment":[{"href":"https:\/\/mifavorita.com.pa\/2017\/wp-json\/wp\/v2\/media?parent=15310"}],"wp:term":[{"taxonomy":"category","embeddable":true,"href":"https:\/\/mifavorita.com.pa\/2017\/wp-json\/wp\/v2\/categories?post=15310"},{"taxonomy":"post_tag","embeddable":true,"href":"https:\/\/mifavorita.com.pa\/2017\/wp-json\/wp\/v2\/tags?post=15310"}],"curies":[{"name":"wp","href":"https:\/\/api.w.org\/{rel}","templated":true}]}}