{"id":15317,"date":"2025-01-27T19:54:35","date_gmt":"2025-01-27T19:54:35","guid":{"rendered":"https:\/\/mifavorita.com.pa\/2017\/?p=15317"},"modified":"2025-01-27T19:56:58","modified_gmt":"2025-01-27T19:56:58","slug":"esta-semana-debe-iniciar-la-construccion-de-la-piscina-municipal-de-anton","status":"publish","type":"post","link":"https:\/\/mifavorita.com.pa\/2017\/esta-semana-debe-iniciar-la-construccion-de-la-piscina-municipal-de-anton\/","title":{"rendered":"ESTA SEMANA DEBE INICIAR LA CONSTRUCCI\u00d3N DE LA PISCINA MUNICIPAL DE ANT\u00d3N"},"content":{"rendered":"\n<p>Esta \u00faltima semana de enero deben dar inicio los trabajos de construcci\u00f3n de la piscina municipal de Ant\u00f3n, por un costo de 289 mil 995 balboas, y que se ubicar\u00e1 detr\u00e1s del Gimnasio Popular. El pasado 6 de enero se entreg\u00f3 la orden de proceder de parte de las autoridades del distrito a la empresa encargada de la obra ARCOSOL S.A.<\/p>\n\n\n\n<p>En 200 d\u00edas debe culminarse este proyecto, que ser\u00e1 el soporte al entrenamiento de deportistas del distrito y de otros lugares, para la capacitaci\u00f3n a salvavidas que puedan cubrir las playas de la Riviera Pac\u00edfica, terapias cl\u00ednicas para personas con discapacidad o en recuperaci\u00f3n de alguna condici\u00f3n, as\u00ed tambi\u00e9n en el caso de ocio.<\/p>\n\n\n\n<p>Seg\u00fan el alcalde, Eric Dom\u00ednguez, originalmente la construcci\u00f3n debi\u00f3 iniciar el 20 de enero, sin embargo, por la falta de firmas en algunos planos por parte de Ingenier\u00eda Municipal, se aplaz\u00f3.<\/p>\n\n\n\n<figure class=\"wp-block-image size-large\"><img fetchpriority=\"high\" decoding=\"async\" width=\"868\" height=\"1024\" src=\"https:\/\/mifavorita.com.pa\/2017\/wp-content\/uploads\/2025\/01\/IMG_5060-868x1024.png\" alt=\"\" class=\"wp-image-15319\" srcset=\"https:\/\/mifavorita.com.pa\/2017\/wp-content\/uploads\/2025\/01\/IMG_5060-868x1024.png 868w, https:\/\/mifavorita.com.pa\/2017\/wp-content\/uploads\/2025\/01\/IMG_5060-254x300.png 254w, https:\/\/mifavorita.com.pa\/2017\/wp-content\/uploads\/2025\/01\/IMG_5060-768x907.png 768w, https:\/\/mifavorita.com.pa\/2017\/wp-content\/uploads\/2025\/01\/IMG_5060-700x826.png 700w, https:\/\/mifavorita.com.pa\/2017\/wp-content\/uploads\/2025\/01\/IMG_5060-500x590.png 500w, https:\/\/mifavorita.com.pa\/2017\/wp-content\/uploads\/2025\/01\/IMG_5060.png 1153w\" sizes=\"(max-width: 868px) 100vw, 868px\" \/><figcaption class=\"wp-element-caption\"><em>Firma de la orden de proceder de la piscina municipal el pasado 6 de enero de 2025<\/em><\/figcaption><\/figure>\n\n\n\n<p>El alcalde se\u00f1al\u00f3 que este es un proyecto muy interesante, sin embargo, reconocen que mantenerla tendr\u00e1 otro costo a parte de la construcci\u00f3n, por lo que tendr\u00e1 un cobro simb\u00f3lico para su uso, para que pueda cubrir el funcionamiento de manera que no colapse como ha pasado en otros municipios. <\/p>\n\n\n\n<p>Con este cobro simb\u00f3lico se buscar\u00eda dar sostenibilidad al pago de la administraci\u00f3n del lugar y mantenimiento en general de la misma, y que reconoce que es sin duda la preocupaci\u00f3n de la poblaci\u00f3n una vez est\u00e9 lista. <\/p>\n\n\n\n<p>La orden de proceder de esta piscina fue entregada el 6 de enero pasado, y se ejecuta con fondos del programa de Inversi\u00f3n de Bienes Inmuebles (IBIS). <\/p>\n\n\n\n<p><\/p>\n","protected":false},"excerpt":{"rendered":"<p>Esta \u00faltima semana de enero deben dar inicio los trabajos de construcci\u00f3n de la piscina municipal de Ant\u00f3n, por un costo de 289 mil 995 balboas, y que se ubicar\u00e1 detr\u00e1s del Gimnasio Popular. El pasado 6 de enero se entreg\u00f3 la orden de proceder de parte de las autoridades del distrito a la empresa [&hellip;]<\/p>\n","protected":false},"author":6,"featured_media":15318,"comment_status":"open","ping_status":"open","sticky":false,"template":"","format":"standard","meta":{"footnotes":""},"categories":[17,1],"tags":[],"class_list":["post-15317","post","type-post","status-publish","format-standard","has-post-thumbnail","hentry","category-comunitaria","category-noticias"],"_links":{"self":[{"href":"https:\/\/mifavorita.com.pa\/2017\/wp-json\/wp\/v2\/posts\/15317","targetHints":{"allow":["GET"]}}],"collection":[{"href":"https:\/\/mifavorita.com.pa\/2017\/wp-json\/wp\/v2\/posts"}],"about":[{"href":"https:\/\/mifavorita.com.pa\/2017\/wp-json\/wp\/v2\/types\/post"}],"author":[{"embeddable":true,"href":"https:\/\/mifavorita.com.pa\/2017\/wp-json\/wp\/v2\/users\/6"}],"replies":[{"embeddable":true,"href":"https:\/\/mifavorita.com.pa\/2017\/wp-json\/wp\/v2\/comments?post=15317"}],"version-history":[{"count":2,"href":"https:\/\/mifavorita.com.pa\/2017\/wp-json\/wp\/v2\/posts\/15317\/revisions"}],"predecessor-version":[{"id":15322,"href":"https:\/\/mifavorita.com.pa\/2017\/wp-json\/wp\/v2\/posts\/15317\/revisions\/15322"}],"wp:featuredmedia":[{"embeddable":true,"href":"https:\/\/mifavorita.com.pa\/2017\/wp-json\/wp\/v2\/media\/15318"}],"wp:attachment":[{"href":"https:\/\/mifavorita.com.pa\/2017\/wp-json\/wp\/v2\/media?parent=15317"}],"wp:term":[{"taxonomy":"category","embeddable":true,"href":"https:\/\/mifavorita.com.pa\/2017\/wp-json\/wp\/v2\/categories?post=15317"},{"taxonomy":"post_tag","embeddable":true,"href":"https:\/\/mifavorita.com.pa\/2017\/wp-json\/wp\/v2\/tags?post=15317"}],"curies":[{"name":"wp","href":"https:\/\/api.w.org\/{rel}","templated":true}]}}