{"id":15323,"date":"2025-01-27T20:35:16","date_gmt":"2025-01-27T20:35:16","guid":{"rendered":"https:\/\/mifavorita.com.pa\/2017\/?p=15323"},"modified":"2025-01-27T20:36:16","modified_gmt":"2025-01-27T20:36:16","slug":"en-conmemoracion-al-dia-contra-la-lepra-promueven-su-prevencion-en-cocle","status":"publish","type":"post","link":"https:\/\/mifavorita.com.pa\/2017\/en-conmemoracion-al-dia-contra-la-lepra-promueven-su-prevencion-en-cocle\/","title":{"rendered":"EN CONMEMORACI\u00d3N AL D\u00cdA CONTRA LA LEPRA, PROMUEVEN SU PREVENCI\u00d3N EN COCL\u00c9"},"content":{"rendered":"\n<p>Conmemorando el d\u00eda contra la lepra, el Ministerio de Salud, junto a sus departamentos se mantiene realizando una jornada de sensibilizaci\u00f3n en todo el pa\u00eds, y en el caso de la provincia de Cocl\u00e9, mediante volanteaos, se busca que la poblaci\u00f3n conozca con s\u00edntomas y las repercusiones de la enfermedad.<\/p>\n\n\n\n<p>Entre el 2011 y el 2022, Panam\u00e1 solo report\u00f3 34 casos de lepra, pese a ello, los esfuerzos para contrarrestar la enfermedad no se han detenido, pues la meta es reducirlo a 0 pacientes, por lo que para este a\u00f1o han elegido el lema \u201cUnirnos, actuar y eliminar\u201d.<\/p>\n\n\n\n<div class=\"wp-block-buttons is-layout-flex wp-block-buttons-is-layout-flex\"><\/div>\n\n\n\n<figure class=\"wp-block-image size-large\"><img fetchpriority=\"high\" decoding=\"async\" width=\"709\" height=\"1024\" src=\"https:\/\/mifavorita.com.pa\/2017\/wp-content\/uploads\/2025\/01\/IMG_5080-709x1024.jpeg\" alt=\"\" class=\"wp-image-15325\" srcset=\"https:\/\/mifavorita.com.pa\/2017\/wp-content\/uploads\/2025\/01\/IMG_5080-709x1024.jpeg 709w, https:\/\/mifavorita.com.pa\/2017\/wp-content\/uploads\/2025\/01\/IMG_5080-208x300.jpeg 208w, https:\/\/mifavorita.com.pa\/2017\/wp-content\/uploads\/2025\/01\/IMG_5080-768x1110.jpeg 768w, https:\/\/mifavorita.com.pa\/2017\/wp-content\/uploads\/2025\/01\/IMG_5080-1063x1536.jpeg 1063w, https:\/\/mifavorita.com.pa\/2017\/wp-content\/uploads\/2025\/01\/IMG_5080-1417x2048.jpeg 1417w, https:\/\/mifavorita.com.pa\/2017\/wp-content\/uploads\/2025\/01\/IMG_5080-700x1012.jpeg 700w, https:\/\/mifavorita.com.pa\/2017\/wp-content\/uploads\/2025\/01\/IMG_5080-500x723.jpeg 500w, https:\/\/mifavorita.com.pa\/2017\/wp-content\/uploads\/2025\/01\/IMG_5080.jpeg 1568w\" sizes=\"(max-width: 709px) 100vw, 709px\" \/><\/figure>\n\n\n\n<p>Maribel Ramos, enfermera coordinadora del programa de tuberculosis y lepra, dijo que este es un compromiso mundial, desde pacientes hasta la sociedad en general, con un objetivo claro y alcanzable: eliminar la enfermedad, con educaci\u00f3n y tratamientos a tiempo.<\/p>\n\n\n\n<p>Indic\u00f3 que se debe valorar aquellas personas que han superado la enfermedad, incluso superando estigmatizaci\u00f3n de sus propios familiares, aspecto que interviene en su tratamiento.<\/p>\n\n\n\n<p>Por su parte,Naty Aguirre, enfermera coordinadora de epidemiolog\u00eda, dijo que esta enfermedad tiene manifestaci\u00f3n cut\u00e1nea con manchas blancas u oscuras, sumado a p\u00e1pulas o lesiones en la piel elevadas que no se curan pero aumentan en espesor, que hacen que no tengan sensibilidad.<\/p>\n\n\n\n<p>As\u00ed mismo, dijo que se inicia con un tratamiento farmacol\u00f3gico de 3 pastillas, las cuales son f\u00e1ciles de tomar y que es vigilado con el equipo m\u00e9dico en sus inicios, pero que mejorar significativamente la calidad de vida de las personas, las cuales en 3 d\u00edas dejan de ser foco de contagio.<\/p>\n\n\n\n<p>El trabajo que se mantienen las instancias m\u00e9dicas consiste en la evaluaci\u00f3n de los casos, atenci\u00f3n y retenci\u00f3n de la enfermedad, fomentando el respeto y discreci\u00f3n con los pacientes. El contagio de la lepra se da en un tiempo prolongado, por lo que casi siempre la infecci\u00f3n de esta bacteria se da entre familiares, a trav\u00e9s del aire. &nbsp;<\/p>\n\n\n\n<p>La lepra puede dejar serias secuelas a nivel neurol\u00f3gico si no es tratada a tiempo, lo que puede causar discapacidad en quien la padece en sus extremidades superiores y\/o inferiores.<\/p>\n\n\n\n<p>En 2023, se registraron 182.815 nuevos casos de lepra en el mundo, un 5% m\u00e1s que en 2022. Brasil es el pa\u00eds de Am\u00e9rica Latina con m\u00e1s casos registrados. <\/p>\n\n\n\n<figure class=\"wp-block-image size-large\"><img decoding=\"async\" width=\"675\" height=\"1024\" src=\"https:\/\/mifavorita.com.pa\/2017\/wp-content\/uploads\/2025\/01\/IMG_5082-675x1024.jpeg\" alt=\"\" class=\"wp-image-15326\" srcset=\"https:\/\/mifavorita.com.pa\/2017\/wp-content\/uploads\/2025\/01\/IMG_5082-675x1024.jpeg 675w, https:\/\/mifavorita.com.pa\/2017\/wp-content\/uploads\/2025\/01\/IMG_5082-198x300.jpeg 198w, https:\/\/mifavorita.com.pa\/2017\/wp-content\/uploads\/2025\/01\/IMG_5082-768x1164.jpeg 768w, https:\/\/mifavorita.com.pa\/2017\/wp-content\/uploads\/2025\/01\/IMG_5082-1013x1536.jpeg 1013w, https:\/\/mifavorita.com.pa\/2017\/wp-content\/uploads\/2025\/01\/IMG_5082-1351x2048.jpeg 1351w, https:\/\/mifavorita.com.pa\/2017\/wp-content\/uploads\/2025\/01\/IMG_5082-700x1061.jpeg 700w, https:\/\/mifavorita.com.pa\/2017\/wp-content\/uploads\/2025\/01\/IMG_5082-500x758.jpeg 500w, https:\/\/mifavorita.com.pa\/2017\/wp-content\/uploads\/2025\/01\/IMG_5082.jpeg 1496w\" sizes=\"(max-width: 675px) 100vw, 675px\" \/><\/figure>\n","protected":false},"excerpt":{"rendered":"<p>Conmemorando el d\u00eda contra la lepra, el Ministerio de Salud, junto a sus departamentos se mantiene realizando una jornada de sensibilizaci\u00f3n en todo el pa\u00eds, y en el caso de la provincia de Cocl\u00e9, mediante volanteaos, se busca que la poblaci\u00f3n conozca con s\u00edntomas y las repercusiones de la enfermedad. Entre el 2011 y el [&hellip;]<\/p>\n","protected":false},"author":6,"featured_media":15324,"comment_status":"open","ping_status":"open","sticky":false,"template":"","format":"standard","meta":{"footnotes":""},"categories":[1,16],"tags":[],"class_list":["post-15323","post","type-post","status-publish","format-standard","has-post-thumbnail","hentry","category-noticias","category-salud"],"_links":{"self":[{"href":"https:\/\/mifavorita.com.pa\/2017\/wp-json\/wp\/v2\/posts\/15323","targetHints":{"allow":["GET"]}}],"collection":[{"href":"https:\/\/mifavorita.com.pa\/2017\/wp-json\/wp\/v2\/posts"}],"about":[{"href":"https:\/\/mifavorita.com.pa\/2017\/wp-json\/wp\/v2\/types\/post"}],"author":[{"embeddable":true,"href":"https:\/\/mifavorita.com.pa\/2017\/wp-json\/wp\/v2\/users\/6"}],"replies":[{"embeddable":true,"href":"https:\/\/mifavorita.com.pa\/2017\/wp-json\/wp\/v2\/comments?post=15323"}],"version-history":[{"count":1,"href":"https:\/\/mifavorita.com.pa\/2017\/wp-json\/wp\/v2\/posts\/15323\/revisions"}],"predecessor-version":[{"id":15327,"href":"https:\/\/mifavorita.com.pa\/2017\/wp-json\/wp\/v2\/posts\/15323\/revisions\/15327"}],"wp:featuredmedia":[{"embeddable":true,"href":"https:\/\/mifavorita.com.pa\/2017\/wp-json\/wp\/v2\/media\/15324"}],"wp:attachment":[{"href":"https:\/\/mifavorita.com.pa\/2017\/wp-json\/wp\/v2\/media?parent=15323"}],"wp:term":[{"taxonomy":"category","embeddable":true,"href":"https:\/\/mifavorita.com.pa\/2017\/wp-json\/wp\/v2\/categories?post=15323"},{"taxonomy":"post_tag","embeddable":true,"href":"https:\/\/mifavorita.com.pa\/2017\/wp-json\/wp\/v2\/tags?post=15323"}],"curies":[{"name":"wp","href":"https:\/\/api.w.org\/{rel}","templated":true}]}}