{"id":15336,"date":"2025-01-28T00:32:50","date_gmt":"2025-01-28T00:32:50","guid":{"rendered":"https:\/\/mifavorita.com.pa\/2017\/?p=15336"},"modified":"2025-09-30T14:38:48","modified_gmt":"2025-09-30T14:38:48","slug":"controlado-incendio-en-el-cerro-guacamaya-mas-de-2000-hectareas-afectadas-y-sospechas-de-mano-criminal","status":"publish","type":"post","link":"https:\/\/mifavorita.com.pa\/2017\/controlado-incendio-en-el-cerro-guacamaya-mas-de-2000-hectareas-afectadas-y-sospechas-de-mano-criminal\/","title":{"rendered":"CONTROLADO INCENDIO EN EL CERRO GUACAMAYA: M\u00c1S DE 2,000 HECT\u00c1REAS AFECTADAS Y SOSPECHAS DE MANO CRIMINAL"},"content":{"rendered":"\n<figure class=\"wp-block-image size-large\"><img fetchpriority=\"high\" decoding=\"async\" width=\"1024\" height=\"474\" src=\"https:\/\/mifavorita.com.pa\/2017\/wp-content\/uploads\/2025\/01\/videocapture_20250127-1927062301594433098247402-1024x474.jpg\" alt=\"\" class=\"wp-image-15328\" srcset=\"https:\/\/mifavorita.com.pa\/2017\/wp-content\/uploads\/2025\/01\/videocapture_20250127-1927062301594433098247402-1024x474.jpg 1024w, https:\/\/mifavorita.com.pa\/2017\/wp-content\/uploads\/2025\/01\/videocapture_20250127-1927062301594433098247402-300x139.jpg 300w, https:\/\/mifavorita.com.pa\/2017\/wp-content\/uploads\/2025\/01\/videocapture_20250127-1927062301594433098247402-768x355.jpg 768w, https:\/\/mifavorita.com.pa\/2017\/wp-content\/uploads\/2025\/01\/videocapture_20250127-1927062301594433098247402-1536x710.jpg 1536w, https:\/\/mifavorita.com.pa\/2017\/wp-content\/uploads\/2025\/01\/videocapture_20250127-1927062301594433098247402-700x324.jpg 700w, https:\/\/mifavorita.com.pa\/2017\/wp-content\/uploads\/2025\/01\/videocapture_20250127-1927062301594433098247402-500x231.jpg 500w, https:\/\/mifavorita.com.pa\/2017\/wp-content\/uploads\/2025\/01\/videocapture_20250127-1927062301594433098247402.jpg 2000w\" sizes=\"(max-width: 1024px) 100vw, 1024px\" \/><\/figure>\n\n\n\n<figure class=\"wp-block-image\"><img decoding=\"async\" width=\"1024\" height=\"474\" src=\"https:\/\/mifavorita.com.pa\/2017\/wp-content\/uploads\/2025\/01\/videocapture_20250127-1927121868053460685382691-1024x474.jpg\" alt=\"\" class=\"wp-image-15329\" srcset=\"https:\/\/mifavorita.com.pa\/2017\/wp-content\/uploads\/2025\/01\/videocapture_20250127-1927121868053460685382691-1024x474.jpg 1024w, https:\/\/mifavorita.com.pa\/2017\/wp-content\/uploads\/2025\/01\/videocapture_20250127-1927121868053460685382691-300x139.jpg 300w, https:\/\/mifavorita.com.pa\/2017\/wp-content\/uploads\/2025\/01\/videocapture_20250127-1927121868053460685382691-768x355.jpg 768w, https:\/\/mifavorita.com.pa\/2017\/wp-content\/uploads\/2025\/01\/videocapture_20250127-1927121868053460685382691-1536x710.jpg 1536w, https:\/\/mifavorita.com.pa\/2017\/wp-content\/uploads\/2025\/01\/videocapture_20250127-1927121868053460685382691-700x324.jpg 700w, https:\/\/mifavorita.com.pa\/2017\/wp-content\/uploads\/2025\/01\/videocapture_20250127-1927121868053460685382691-500x231.jpg 500w, https:\/\/mifavorita.com.pa\/2017\/wp-content\/uploads\/2025\/01\/videocapture_20250127-1927121868053460685382691.jpg 2000w\" sizes=\"(max-width: 1024px) 100vw, 1024px\" \/><\/figure>\n\n\n\n<p>El incendio en el Cerro Guacamaya, una importante reserva h\u00eddrica en la provincia de Cocl\u00e9, fue extinguido tras d\u00edas de arduo trabajo que moviliz\u00f3 a bomberos, brigadistas y autoridades. Sin embargo, las consecuencias del desastre ambiental son graves y existen sospechas de que fue provocado.<\/p>\n\n\n\n<p>La comandante Margarita Ducreaux, jefa de los bomberos en Cocl\u00e9, explic\u00f3 c\u00f3mo se logr\u00f3 controlar el fuego gracias a la intervenci\u00f3n a\u00e9rea:<br>\u00abGracias a Dios el d\u00eda de hoy tuvimos el apoyo de la aeronaval con un helic\u00f3ptero. En dos horas y media logramos la extinci\u00f3n utilizando 1,280 galones de agua y el concentrado F500 para humectar el \u00e1rea. Fue un trabajo arduo que involucr\u00f3 a 84 personas entre bomberos, voluntarios y brigadistas de Mi Ambiente. Sin embargo, el costo es elevado, aproximadamente 50,000 d\u00f3lares diarios, y ya hemos perdido m\u00e1s de 2,000 hect\u00e1reas de una reserva h\u00eddrica vital para la regi\u00f3n.\u00bb<\/p>\n\n\n\n<figure class=\"wp-block-image size-large\"><img decoding=\"async\" width=\"1024\" height=\"474\" src=\"https:\/\/mifavorita.com.pa\/2017\/wp-content\/uploads\/2025\/01\/videocapture_20250127-1927496038035269926172072-1024x474.jpg\" alt=\"\" class=\"wp-image-15335\" srcset=\"https:\/\/mifavorita.com.pa\/2017\/wp-content\/uploads\/2025\/01\/videocapture_20250127-1927496038035269926172072-1024x474.jpg 1024w, https:\/\/mifavorita.com.pa\/2017\/wp-content\/uploads\/2025\/01\/videocapture_20250127-1927496038035269926172072-300x139.jpg 300w, https:\/\/mifavorita.com.pa\/2017\/wp-content\/uploads\/2025\/01\/videocapture_20250127-1927496038035269926172072-768x355.jpg 768w, https:\/\/mifavorita.com.pa\/2017\/wp-content\/uploads\/2025\/01\/videocapture_20250127-1927496038035269926172072-1536x710.jpg 1536w, https:\/\/mifavorita.com.pa\/2017\/wp-content\/uploads\/2025\/01\/videocapture_20250127-1927496038035269926172072-700x324.jpg 700w, https:\/\/mifavorita.com.pa\/2017\/wp-content\/uploads\/2025\/01\/videocapture_20250127-1927496038035269926172072-500x231.jpg 500w, https:\/\/mifavorita.com.pa\/2017\/wp-content\/uploads\/2025\/01\/videocapture_20250127-1927496038035269926172072.jpg 2000w\" sizes=\"(max-width: 1024px) 100vw, 1024px\" \/><\/figure>\n\n\n\n<figure class=\"wp-block-image\"><img loading=\"lazy\" decoding=\"async\" width=\"1024\" height=\"474\" src=\"https:\/\/mifavorita.com.pa\/2017\/wp-content\/uploads\/2025\/01\/videocapture_20250127-1927412887320526643747463-1024x474.jpg\" alt=\"\" class=\"wp-image-15333\" srcset=\"https:\/\/mifavorita.com.pa\/2017\/wp-content\/uploads\/2025\/01\/videocapture_20250127-1927412887320526643747463-1024x474.jpg 1024w, https:\/\/mifavorita.com.pa\/2017\/wp-content\/uploads\/2025\/01\/videocapture_20250127-1927412887320526643747463-300x139.jpg 300w, https:\/\/mifavorita.com.pa\/2017\/wp-content\/uploads\/2025\/01\/videocapture_20250127-1927412887320526643747463-768x355.jpg 768w, https:\/\/mifavorita.com.pa\/2017\/wp-content\/uploads\/2025\/01\/videocapture_20250127-1927412887320526643747463-1536x710.jpg 1536w, https:\/\/mifavorita.com.pa\/2017\/wp-content\/uploads\/2025\/01\/videocapture_20250127-1927412887320526643747463-700x324.jpg 700w, https:\/\/mifavorita.com.pa\/2017\/wp-content\/uploads\/2025\/01\/videocapture_20250127-1927412887320526643747463-500x231.jpg 500w, https:\/\/mifavorita.com.pa\/2017\/wp-content\/uploads\/2025\/01\/videocapture_20250127-1927412887320526643747463.jpg 2000w\" sizes=\"(max-width: 1024px) 100vw, 1024px\" \/><\/figure>\n\n\n\n<figure class=\"wp-block-image\"><img loading=\"lazy\" decoding=\"async\" width=\"1024\" height=\"474\" src=\"https:\/\/mifavorita.com.pa\/2017\/wp-content\/uploads\/2025\/01\/videocapture_20250127-1927447305778963255814659-1024x474.jpg\" alt=\"\" class=\"wp-image-15334\" srcset=\"https:\/\/mifavorita.com.pa\/2017\/wp-content\/uploads\/2025\/01\/videocapture_20250127-1927447305778963255814659-1024x474.jpg 1024w, https:\/\/mifavorita.com.pa\/2017\/wp-content\/uploads\/2025\/01\/videocapture_20250127-1927447305778963255814659-300x139.jpg 300w, https:\/\/mifavorita.com.pa\/2017\/wp-content\/uploads\/2025\/01\/videocapture_20250127-1927447305778963255814659-768x355.jpg 768w, https:\/\/mifavorita.com.pa\/2017\/wp-content\/uploads\/2025\/01\/videocapture_20250127-1927447305778963255814659-1536x710.jpg 1536w, https:\/\/mifavorita.com.pa\/2017\/wp-content\/uploads\/2025\/01\/videocapture_20250127-1927447305778963255814659-700x324.jpg 700w, https:\/\/mifavorita.com.pa\/2017\/wp-content\/uploads\/2025\/01\/videocapture_20250127-1927447305778963255814659-500x231.jpg 500w, https:\/\/mifavorita.com.pa\/2017\/wp-content\/uploads\/2025\/01\/videocapture_20250127-1927447305778963255814659.jpg 2000w\" sizes=\"(max-width: 1024px) 100vw, 1024px\" \/><\/figure>\n\n\n\n<figure class=\"wp-block-gallery has-nested-images columns-default is-cropped wp-block-gallery-1 is-layout-flex wp-block-gallery-is-layout-flex\"><\/figure>\n\n\n\n<p>Por su parte, Jhon Jairo Trujillo, director regional de Mi Ambiente, resalt\u00f3 las consecuencias ambientales y la sospecha de mano criminal:<br \/>\u00abEsta es una situaci\u00f3n preocupante. El da\u00f1o alcanza m\u00e1s de 2,000 hect\u00e1reas de una reserva que cuenta con 5,300. Si estos incendios contin\u00faan, las tomas de agua de las comunidades se ver\u00e1n afectadas. Adem\u00e1s, hemos recibido informaci\u00f3n de los comunitarios que reportaron haber visto a una persona descender de un veh\u00edculo y provocar el incendio. Aunque no tenemos pruebas concretas, todo apunta a que podr\u00eda tratarse de un acto deliberado.\u00bb<\/p>\n\n\n\n<p>Finalmente, el Ingeniero Juan Carlos Navarro, Ministro de Ambiente de Panam\u00e1, hizo un llamado urgente a la poblaci\u00f3n:<br>\u00abEl Cerro Guacamaya es un ecosistema vital que no podemos darnos el lujo de perder. Estamos reforzando las estrategias de prevenci\u00f3n, pero necesitamos que la ciudadan\u00eda colabore. Pedimos a la poblaci\u00f3n evitar las quemas, reportar cualquier actividad sospechosa y unirse a esta lucha para proteger nuestros recursos naturales. Este desastre no solo afecta al ambiente, sino tambi\u00e9n a la seguridad y bienestar de nuestras comunidades.\u00bb<\/p>\n\n\n\n<figure class=\"wp-block-image size-large\"><img loading=\"lazy\" decoding=\"async\" width=\"1024\" height=\"474\" src=\"https:\/\/mifavorita.com.pa\/2017\/wp-content\/uploads\/2025\/01\/videocapture_20250127-1927347059638605385883791-1024x474.jpg\" alt=\"\" class=\"wp-image-15332\" srcset=\"https:\/\/mifavorita.com.pa\/2017\/wp-content\/uploads\/2025\/01\/videocapture_20250127-1927347059638605385883791-1024x474.jpg 1024w, https:\/\/mifavorita.com.pa\/2017\/wp-content\/uploads\/2025\/01\/videocapture_20250127-1927347059638605385883791-300x139.jpg 300w, https:\/\/mifavorita.com.pa\/2017\/wp-content\/uploads\/2025\/01\/videocapture_20250127-1927347059638605385883791-768x355.jpg 768w, https:\/\/mifavorita.com.pa\/2017\/wp-content\/uploads\/2025\/01\/videocapture_20250127-1927347059638605385883791-1536x710.jpg 1536w, https:\/\/mifavorita.com.pa\/2017\/wp-content\/uploads\/2025\/01\/videocapture_20250127-1927347059638605385883791-700x324.jpg 700w, https:\/\/mifavorita.com.pa\/2017\/wp-content\/uploads\/2025\/01\/videocapture_20250127-1927347059638605385883791-500x231.jpg 500w, https:\/\/mifavorita.com.pa\/2017\/wp-content\/uploads\/2025\/01\/videocapture_20250127-1927347059638605385883791.jpg 2000w\" sizes=\"(max-width: 1024px) 100vw, 1024px\" \/><\/figure>\n\n\n\n<figure class=\"wp-block-image\"><img loading=\"lazy\" decoding=\"async\" width=\"1024\" height=\"474\" src=\"https:\/\/mifavorita.com.pa\/2017\/wp-content\/uploads\/2025\/01\/videocapture_20250127-1927305105746632845014560-1024x474.jpg\" alt=\"\" class=\"wp-image-15330\" srcset=\"https:\/\/mifavorita.com.pa\/2017\/wp-content\/uploads\/2025\/01\/videocapture_20250127-1927305105746632845014560-1024x474.jpg 1024w, https:\/\/mifavorita.com.pa\/2017\/wp-content\/uploads\/2025\/01\/videocapture_20250127-1927305105746632845014560-300x139.jpg 300w, https:\/\/mifavorita.com.pa\/2017\/wp-content\/uploads\/2025\/01\/videocapture_20250127-1927305105746632845014560-768x355.jpg 768w, https:\/\/mifavorita.com.pa\/2017\/wp-content\/uploads\/2025\/01\/videocapture_20250127-1927305105746632845014560-1536x710.jpg 1536w, https:\/\/mifavorita.com.pa\/2017\/wp-content\/uploads\/2025\/01\/videocapture_20250127-1927305105746632845014560-700x324.jpg 700w, https:\/\/mifavorita.com.pa\/2017\/wp-content\/uploads\/2025\/01\/videocapture_20250127-1927305105746632845014560-500x231.jpg 500w, https:\/\/mifavorita.com.pa\/2017\/wp-content\/uploads\/2025\/01\/videocapture_20250127-1927305105746632845014560.jpg 2000w\" sizes=\"(max-width: 1024px) 100vw, 1024px\" \/><\/figure>\n\n\n\n<figure class=\"wp-block-image\"><img loading=\"lazy\" decoding=\"async\" width=\"1024\" height=\"474\" src=\"https:\/\/mifavorita.com.pa\/2017\/wp-content\/uploads\/2025\/01\/videocapture_20250127-1927596783284931296429444-1024x474.jpg\" alt=\"\" class=\"wp-image-15331\" srcset=\"https:\/\/mifavorita.com.pa\/2017\/wp-content\/uploads\/2025\/01\/videocapture_20250127-1927596783284931296429444-1024x474.jpg 1024w, https:\/\/mifavorita.com.pa\/2017\/wp-content\/uploads\/2025\/01\/videocapture_20250127-1927596783284931296429444-300x139.jpg 300w, https:\/\/mifavorita.com.pa\/2017\/wp-content\/uploads\/2025\/01\/videocapture_20250127-1927596783284931296429444-768x355.jpg 768w, https:\/\/mifavorita.com.pa\/2017\/wp-content\/uploads\/2025\/01\/videocapture_20250127-1927596783284931296429444-1536x710.jpg 1536w, https:\/\/mifavorita.com.pa\/2017\/wp-content\/uploads\/2025\/01\/videocapture_20250127-1927596783284931296429444-700x324.jpg 700w, https:\/\/mifavorita.com.pa\/2017\/wp-content\/uploads\/2025\/01\/videocapture_20250127-1927596783284931296429444-500x231.jpg 500w, https:\/\/mifavorita.com.pa\/2017\/wp-content\/uploads\/2025\/01\/videocapture_20250127-1927596783284931296429444.jpg 2000w\" sizes=\"(max-width: 1024px) 100vw, 1024px\" \/><\/figure>\n\n\n\n<p>Con la extinci\u00f3n del incendio, las autoridades centran ahora sus esfuerzos en investigar las causas y prevenir futuros incidentes que podr\u00edan poner en peligro las reservas naturales del pa\u00eds.<\/p>\n","protected":false},"excerpt":{"rendered":"<p>El incendio en el Cerro Guacamaya, una importante reserva h\u00eddrica en la provincia de Cocl\u00e9, fue extinguido tras d\u00edas de arduo trabajo que moviliz\u00f3 a bomberos, brigadistas y autoridades. Sin embargo, las consecuencias del desastre ambiental son graves y existen sospechas de que fue provocado. La comandante Margarita Ducreaux, jefa de los bomberos en Cocl\u00e9, [&hellip;]<\/p>\n","protected":false},"author":7,"featured_media":15340,"comment_status":"open","ping_status":"open","sticky":false,"template":"","format":"standard","meta":{"footnotes":""},"categories":[17,1],"tags":[],"class_list":["post-15336","post","type-post","status-publish","format-standard","has-post-thumbnail","hentry","category-comunitaria","category-noticias"],"_links":{"self":[{"href":"https:\/\/mifavorita.com.pa\/2017\/wp-json\/wp\/v2\/posts\/15336","targetHints":{"allow":["GET"]}}],"collection":[{"href":"https:\/\/mifavorita.com.pa\/2017\/wp-json\/wp\/v2\/posts"}],"about":[{"href":"https:\/\/mifavorita.com.pa\/2017\/wp-json\/wp\/v2\/types\/post"}],"author":[{"embeddable":true,"href":"https:\/\/mifavorita.com.pa\/2017\/wp-json\/wp\/v2\/users\/7"}],"replies":[{"embeddable":true,"href":"https:\/\/mifavorita.com.pa\/2017\/wp-json\/wp\/v2\/comments?post=15336"}],"version-history":[{"count":1,"href":"https:\/\/mifavorita.com.pa\/2017\/wp-json\/wp\/v2\/posts\/15336\/revisions"}],"predecessor-version":[{"id":15337,"href":"https:\/\/mifavorita.com.pa\/2017\/wp-json\/wp\/v2\/posts\/15336\/revisions\/15337"}],"wp:featuredmedia":[{"embeddable":true,"href":"https:\/\/mifavorita.com.pa\/2017\/wp-json\/wp\/v2\/media\/15340"}],"wp:attachment":[{"href":"https:\/\/mifavorita.com.pa\/2017\/wp-json\/wp\/v2\/media?parent=15336"}],"wp:term":[{"taxonomy":"category","embeddable":true,"href":"https:\/\/mifavorita.com.pa\/2017\/wp-json\/wp\/v2\/categories?post=15336"},{"taxonomy":"post_tag","embeddable":true,"href":"https:\/\/mifavorita.com.pa\/2017\/wp-json\/wp\/v2\/tags?post=15336"}],"curies":[{"name":"wp","href":"https:\/\/api.w.org\/{rel}","templated":true}]}}