{"id":15342,"date":"2025-01-28T15:28:19","date_gmt":"2025-01-28T15:28:19","guid":{"rendered":"https:\/\/mifavorita.com.pa\/2017\/?p=15342"},"modified":"2025-01-28T15:32:54","modified_gmt":"2025-01-28T15:32:54","slug":"proteccion-civil-refuerza-operativos-en-playa-santa-clara-para-garantizar-seguridad-durante-temporada-alta","status":"publish","type":"post","link":"https:\/\/mifavorita.com.pa\/2017\/proteccion-civil-refuerza-operativos-en-playa-santa-clara-para-garantizar-seguridad-durante-temporada-alta\/","title":{"rendered":"PROTECCI\u00d3N CIVIL REFUERZA OPERATIVOS EN PLAYA SANTA CLARA PARA GARANTIZAR SEGURIDAD DURANTE TEMPORADA ALTA."},"content":{"rendered":"\n<figure class=\"wp-block-gallery has-nested-images columns-default is-cropped wp-block-gallery-1 is-layout-flex wp-block-gallery-is-layout-flex\">\n<figure class=\"wp-block-image size-large\"><img fetchpriority=\"high\" decoding=\"async\" width=\"1024\" height=\"717\" data-id=\"15343\" src=\"https:\/\/mifavorita.com.pa\/2017\/wp-content\/uploads\/2025\/01\/Elena3-1024x717.jpg\" alt=\"\" class=\"wp-image-15343\" srcset=\"https:\/\/mifavorita.com.pa\/2017\/wp-content\/uploads\/2025\/01\/Elena3-1024x717.jpg 1024w, https:\/\/mifavorita.com.pa\/2017\/wp-content\/uploads\/2025\/01\/Elena3-300x210.jpg 300w, https:\/\/mifavorita.com.pa\/2017\/wp-content\/uploads\/2025\/01\/Elena3-768x538.jpg 768w, https:\/\/mifavorita.com.pa\/2017\/wp-content\/uploads\/2025\/01\/Elena3-700x490.jpg 700w, https:\/\/mifavorita.com.pa\/2017\/wp-content\/uploads\/2025\/01\/Elena3-500x350.jpg 500w, https:\/\/mifavorita.com.pa\/2017\/wp-content\/uploads\/2025\/01\/Elena3.jpg 1080w\" sizes=\"(max-width: 1024px) 100vw, 1024px\" \/><\/figure>\n<\/figure>\n\n\n\n<p>Con el objetivo de prevenir accidentes y garantizar la seguridad de los miles de ba\u00f1istas que visitan las playas durante la temporada seca, el Sistema Nacional de Protecci\u00f3n Civil ha implementado un operativo especial en la playa Santa Clara, ubicada en la provincia de Cocl\u00e9. Desde el 1 de enero, y hasta el mes de mayo, personal de guardavidas y equipos de seguridad estar\u00e1n desplegados los domingos para monitorear y asistir a los visitantes.<\/p>\n\n\n\n<figure class=\"wp-block-gallery has-nested-images columns-default is-cropped wp-block-gallery-2 is-layout-flex wp-block-gallery-is-layout-flex\">\n<figure class=\"wp-block-image size-large\"><img decoding=\"async\" width=\"1024\" height=\"768\" data-id=\"15345\" src=\"https:\/\/mifavorita.com.pa\/2017\/wp-content\/uploads\/2025\/01\/Elena2-1024x768.jpg\" alt=\"\" class=\"wp-image-15345\" srcset=\"https:\/\/mifavorita.com.pa\/2017\/wp-content\/uploads\/2025\/01\/Elena2-1024x768.jpg 1024w, https:\/\/mifavorita.com.pa\/2017\/wp-content\/uploads\/2025\/01\/Elena2-300x225.jpg 300w, https:\/\/mifavorita.com.pa\/2017\/wp-content\/uploads\/2025\/01\/Elena2-768x576.jpg 768w, https:\/\/mifavorita.com.pa\/2017\/wp-content\/uploads\/2025\/01\/Elena2-1536x1152.jpg 1536w, https:\/\/mifavorita.com.pa\/2017\/wp-content\/uploads\/2025\/01\/Elena2-700x525.jpg 700w, https:\/\/mifavorita.com.pa\/2017\/wp-content\/uploads\/2025\/01\/Elena2-500x375.jpg 500w, https:\/\/mifavorita.com.pa\/2017\/wp-content\/uploads\/2025\/01\/Elena2-800x600.jpg 800w, https:\/\/mifavorita.com.pa\/2017\/wp-content\/uploads\/2025\/01\/Elena2.jpg 1600w\" sizes=\"(max-width: 1024px) 100vw, 1024px\" \/><\/figure>\n<\/figure>\n\n\n\n<p>Henry Smith, director de Protecci\u00f3n Civil en Cocl\u00e9, explic\u00f3 que estos operativos son necesarios debido al aumento significativo de visitantes durante los fines de semana, especialmente los domingos, cuando la afluencia puede alcanzar entre 2,000 y 2,500 personas. Por eso, se mantiene un monitoreo constante y se brindan indicaciones claras a los ba\u00f1istas.<\/p>\n\n\n\n<p>Hasta el momento, no se han reportado incidentes graves en la playa Santa Clara, lo que refleja la efectividad del operativo. Sin embargo, las autoridades insisten en la importancia de que los visitantes sigan las recomendaciones de los guardavidas, como respetar las \u00e1reas delimitadas para el ba\u00f1o y evitar adentrarse en el mar cuando las condiciones no sean seguras.<\/p>\n\n\n\n<figure class=\"wp-block-gallery has-nested-images columns-default is-cropped wp-block-gallery-3 is-layout-flex wp-block-gallery-is-layout-flex\">\n<figure class=\"wp-block-image size-large\"><img decoding=\"async\" width=\"1024\" height=\"768\" data-id=\"15344\" src=\"https:\/\/mifavorita.com.pa\/2017\/wp-content\/uploads\/2025\/01\/Elena1-1024x768.jpg\" alt=\"\" class=\"wp-image-15344\" srcset=\"https:\/\/mifavorita.com.pa\/2017\/wp-content\/uploads\/2025\/01\/Elena1-1024x768.jpg 1024w, https:\/\/mifavorita.com.pa\/2017\/wp-content\/uploads\/2025\/01\/Elena1-300x225.jpg 300w, https:\/\/mifavorita.com.pa\/2017\/wp-content\/uploads\/2025\/01\/Elena1-768x576.jpg 768w, https:\/\/mifavorita.com.pa\/2017\/wp-content\/uploads\/2025\/01\/Elena1-1536x1152.jpg 1536w, https:\/\/mifavorita.com.pa\/2017\/wp-content\/uploads\/2025\/01\/Elena1-700x525.jpg 700w, https:\/\/mifavorita.com.pa\/2017\/wp-content\/uploads\/2025\/01\/Elena1-500x375.jpg 500w, https:\/\/mifavorita.com.pa\/2017\/wp-content\/uploads\/2025\/01\/Elena1-800x600.jpg 800w, https:\/\/mifavorita.com.pa\/2017\/wp-content\/uploads\/2025\/01\/Elena1.jpg 1600w\" sizes=\"(max-width: 1024px) 100vw, 1024px\" \/><\/figure>\n<\/figure>\n\n\n\n<p>La playa Santa Clara, reconocida por su belleza natural y su ambiente familiar, es uno de los destinos m\u00e1s populares en el Pac\u00edfico paname\u00f1o durante esta \u00e9poca del a\u00f1o. Con estos operativos, Protecci\u00f3n Civil busca no solo responder ante emergencias, sino tambi\u00e9n fomentar una cultura de prevenci\u00f3n y responsabilidad entre los ba\u00f1istas.<\/p>\n\n\n\n<p>El operativo continuar\u00e1 activo todos los domingos hasta mayo, asegurando que tanto residentes como turistas puedan disfrutar de las playas de Cocl\u00e9 con tranquilidad. Las autoridades reiteran su compromiso con la seguridad y hacen un llamado a la colaboraci\u00f3n ciudadana para evitar incidentes.<\/p>\n\n\n\n<p><\/p>\n","protected":false},"excerpt":{"rendered":"<p>Con el objetivo de prevenir accidentes y garantizar la seguridad de los miles de ba\u00f1istas que visitan las playas durante la temporada seca, el Sistema Nacional de Protecci\u00f3n Civil ha implementado un operativo especial en la playa Santa Clara, ubicada en la provincia de Cocl\u00e9. Desde el 1 de enero, y hasta el mes de [&hellip;]<\/p>\n","protected":false},"author":7,"featured_media":15343,"comment_status":"open","ping_status":"open","sticky":false,"template":"","format":"standard","meta":{"footnotes":""},"categories":[17,1],"tags":[],"class_list":["post-15342","post","type-post","status-publish","format-standard","has-post-thumbnail","hentry","category-comunitaria","category-noticias"],"_links":{"self":[{"href":"https:\/\/mifavorita.com.pa\/2017\/wp-json\/wp\/v2\/posts\/15342","targetHints":{"allow":["GET"]}}],"collection":[{"href":"https:\/\/mifavorita.com.pa\/2017\/wp-json\/wp\/v2\/posts"}],"about":[{"href":"https:\/\/mifavorita.com.pa\/2017\/wp-json\/wp\/v2\/types\/post"}],"author":[{"embeddable":true,"href":"https:\/\/mifavorita.com.pa\/2017\/wp-json\/wp\/v2\/users\/7"}],"replies":[{"embeddable":true,"href":"https:\/\/mifavorita.com.pa\/2017\/wp-json\/wp\/v2\/comments?post=15342"}],"version-history":[{"count":1,"href":"https:\/\/mifavorita.com.pa\/2017\/wp-json\/wp\/v2\/posts\/15342\/revisions"}],"predecessor-version":[{"id":15346,"href":"https:\/\/mifavorita.com.pa\/2017\/wp-json\/wp\/v2\/posts\/15342\/revisions\/15346"}],"wp:featuredmedia":[{"embeddable":true,"href":"https:\/\/mifavorita.com.pa\/2017\/wp-json\/wp\/v2\/media\/15343"}],"wp:attachment":[{"href":"https:\/\/mifavorita.com.pa\/2017\/wp-json\/wp\/v2\/media?parent=15342"}],"wp:term":[{"taxonomy":"category","embeddable":true,"href":"https:\/\/mifavorita.com.pa\/2017\/wp-json\/wp\/v2\/categories?post=15342"},{"taxonomy":"post_tag","embeddable":true,"href":"https:\/\/mifavorita.com.pa\/2017\/wp-json\/wp\/v2\/tags?post=15342"}],"curies":[{"name":"wp","href":"https:\/\/api.w.org\/{rel}","templated":true}]}}