{"id":15347,"date":"2025-01-28T16:59:12","date_gmt":"2025-01-28T16:59:12","guid":{"rendered":"https:\/\/mifavorita.com.pa\/2017\/?p=15347"},"modified":"2025-01-28T17:00:08","modified_gmt":"2025-01-28T17:00:08","slug":"enfermeras-y-tecnicos-de-salud-marchan-en-panama-por-estabilidad-laboral-y-contratos-permanentes","status":"publish","type":"post","link":"https:\/\/mifavorita.com.pa\/2017\/enfermeras-y-tecnicos-de-salud-marchan-en-panama-por-estabilidad-laboral-y-contratos-permanentes\/","title":{"rendered":"ENFERMERAS Y T\u00c9CNICOS DE SALUD MARCHAN EN PANAM\u00c1 POR ESTABILIDAD LABORAL Y CONTRATOS PERMANENTES"},"content":{"rendered":"\n<figure class=\"wp-block-gallery has-nested-images columns-default is-cropped wp-block-gallery-1 is-layout-flex wp-block-gallery-is-layout-flex\">\n<figure class=\"wp-block-image size-large\"><img fetchpriority=\"high\" decoding=\"async\" width=\"744\" height=\"1024\" data-id=\"15348\" src=\"https:\/\/mifavorita.com.pa\/2017\/wp-content\/uploads\/2025\/01\/enfermeras--744x1024.jpg\" alt=\"\" class=\"wp-image-15348\" srcset=\"https:\/\/mifavorita.com.pa\/2017\/wp-content\/uploads\/2025\/01\/enfermeras--744x1024.jpg 744w, https:\/\/mifavorita.com.pa\/2017\/wp-content\/uploads\/2025\/01\/enfermeras--218x300.jpg 218w, https:\/\/mifavorita.com.pa\/2017\/wp-content\/uploads\/2025\/01\/enfermeras--768x1057.jpg 768w, https:\/\/mifavorita.com.pa\/2017\/wp-content\/uploads\/2025\/01\/enfermeras--700x963.jpg 700w, https:\/\/mifavorita.com.pa\/2017\/wp-content\/uploads\/2025\/01\/enfermeras--500x688.jpg 500w, https:\/\/mifavorita.com.pa\/2017\/wp-content\/uploads\/2025\/01\/enfermeras-.jpg 930w\" sizes=\"(max-width: 744px) 100vw, 744px\" \/><\/figure>\n<\/figure>\n\n\n\n<p>Este martes, cientos de enfermeras, enfermeros y t\u00e9cnicos de salud de todo el pa\u00eds se congregar\u00e1n en la ciudad capital para participar en una marcha nacional organizada por la Asociaci\u00f3n Nacional de Enfermeras de Panam\u00e1 (ANEP).<\/p>\n\n\n\n<p>&nbsp;La movilizaci\u00f3n partir\u00e1 desde la sede de la ANEP a las 4:00 p.m. y llegar\u00e1 hasta la Presidencia de la Rep\u00fablica. Su principal demanda es la estabilidad laboral y la firma de contratos permanentes para m\u00e1s de 1,783 profesionales que enfrentan incertidumbre en sus condiciones laborales.<\/p>\n\n\n\n<p>Deyanira Rodr\u00edguez, presidenta del cap\u00edtulo de Cocl\u00e9 de la ANEP, explic\u00f3 que este problema se arrastra desde la pandemia y afecta a trabajadores de hospitales y centros de salud y que a pesar de su esfuerzo constante, muchos no han recibido contratos fijos ni salarios regulares. Seg\u00fan Rodr\u00edguez, \u201cmuchos colegas llevan a\u00f1os con contratos temporales de 3 a 6 meses, lo que genera incertidumbre y dificultades para satisfacer necesidades b\u00e1sicas\u201d.<\/p>\n\n\n\n<p>Desde Cocl\u00e9, dos grupos de trabajadores se sumar\u00e1n a la marcha. Uno de ellos partir\u00e1 desde la plaza SKY en Aguadulce, mientras que el otro lo har\u00e1 desde el hospital Aquilino Tejeira de Penonom\u00e9. Ambos se unir\u00e1n en la capital para exigir soluciones concretas. Rodr\u00edguez destac\u00f3 que la falta de estabilidad laboral afecta tanto a los trabajadores como a los pacientes que dependen de una atenci\u00f3n de calidad.<\/p>\n\n\n\n<p>La dirigente de la ANEP tambi\u00e9n mencion\u00f3 que han sostenido reuniones con el Ministerio de Salud, pero los avances han sido muy lentos. \u201cNos dicen que el proceso est\u00e1 en curso, pero llevamos a\u00f1os esperando soluciones concretas\u201d, se\u00f1al\u00f3. Adem\u00e1s, hizo un llamado a la ciudadan\u00eda y a las familias de los trabajadores a unirse a esta lucha que busca garantizar una atenci\u00f3n digna en el sistema de salud.<\/p>\n\n\n\n<p>La movilizaci\u00f3n es apenas el inicio de una serie de actividades que la ANEP planea realizar para visibilizar las demandas del sector. \u201cEste es solo el primer paso. Seguiremos luchando por nuestros derechos y por una salud digna para todos los paname\u00f1os\u201d, concluy\u00f3 Rodr\u00edguez, reiterando que se necesita una mayor inversi\u00f3n en salud y en las condiciones laborales del personal m\u00e9dico.<\/p>\n","protected":false},"excerpt":{"rendered":"<p>Este martes, cientos de enfermeras, enfermeros y t\u00e9cnicos de salud de todo el pa\u00eds se congregar\u00e1n en la ciudad capital para participar en una marcha nacional organizada por la Asociaci\u00f3n Nacional de Enfermeras de Panam\u00e1 (ANEP). &nbsp;La movilizaci\u00f3n partir\u00e1 desde la sede de la ANEP a las 4:00 p.m. y llegar\u00e1 hasta la Presidencia de [&hellip;]<\/p>\n","protected":false},"author":7,"featured_media":15348,"comment_status":"open","ping_status":"open","sticky":false,"template":"","format":"standard","meta":{"footnotes":""},"categories":[1,16],"tags":[],"class_list":["post-15347","post","type-post","status-publish","format-standard","has-post-thumbnail","hentry","category-noticias","category-salud"],"_links":{"self":[{"href":"https:\/\/mifavorita.com.pa\/2017\/wp-json\/wp\/v2\/posts\/15347","targetHints":{"allow":["GET"]}}],"collection":[{"href":"https:\/\/mifavorita.com.pa\/2017\/wp-json\/wp\/v2\/posts"}],"about":[{"href":"https:\/\/mifavorita.com.pa\/2017\/wp-json\/wp\/v2\/types\/post"}],"author":[{"embeddable":true,"href":"https:\/\/mifavorita.com.pa\/2017\/wp-json\/wp\/v2\/users\/7"}],"replies":[{"embeddable":true,"href":"https:\/\/mifavorita.com.pa\/2017\/wp-json\/wp\/v2\/comments?post=15347"}],"version-history":[{"count":1,"href":"https:\/\/mifavorita.com.pa\/2017\/wp-json\/wp\/v2\/posts\/15347\/revisions"}],"predecessor-version":[{"id":15349,"href":"https:\/\/mifavorita.com.pa\/2017\/wp-json\/wp\/v2\/posts\/15347\/revisions\/15349"}],"wp:featuredmedia":[{"embeddable":true,"href":"https:\/\/mifavorita.com.pa\/2017\/wp-json\/wp\/v2\/media\/15348"}],"wp:attachment":[{"href":"https:\/\/mifavorita.com.pa\/2017\/wp-json\/wp\/v2\/media?parent=15347"}],"wp:term":[{"taxonomy":"category","embeddable":true,"href":"https:\/\/mifavorita.com.pa\/2017\/wp-json\/wp\/v2\/categories?post=15347"},{"taxonomy":"post_tag","embeddable":true,"href":"https:\/\/mifavorita.com.pa\/2017\/wp-json\/wp\/v2\/tags?post=15347"}],"curies":[{"name":"wp","href":"https:\/\/api.w.org\/{rel}","templated":true}]}}