{"id":15350,"date":"2025-01-28T19:52:24","date_gmt":"2025-01-28T19:52:24","guid":{"rendered":"https:\/\/mifavorita.com.pa\/2017\/?p=15350"},"modified":"2025-01-28T19:53:21","modified_gmt":"2025-01-28T19:53:21","slug":"jefes-de-farmacia-de-la-css-en-cocle-se-reunen-para-mejorar-abastecimiento-de-medicinas","status":"publish","type":"post","link":"https:\/\/mifavorita.com.pa\/2017\/jefes-de-farmacia-de-la-css-en-cocle-se-reunen-para-mejorar-abastecimiento-de-medicinas\/","title":{"rendered":"JEFES DE FARMACIA DE LA CSS EN COCL\u00c9 SE RE\u00daNEN PARA MEJORAR ABASTECIMIENTO DE MEDICINAS"},"content":{"rendered":"\n<figure class=\"wp-block-image size-large\"><img fetchpriority=\"high\" decoding=\"async\" width=\"1024\" height=\"525\" src=\"https:\/\/mifavorita.com.pa\/2017\/wp-content\/uploads\/2025\/01\/Screenshot_20250123_080141_com.hihonor.photos-1024x525.jpg\" alt=\"\" class=\"wp-image-15353\" srcset=\"https:\/\/mifavorita.com.pa\/2017\/wp-content\/uploads\/2025\/01\/Screenshot_20250123_080141_com.hihonor.photos-1024x525.jpg 1024w, https:\/\/mifavorita.com.pa\/2017\/wp-content\/uploads\/2025\/01\/Screenshot_20250123_080141_com.hihonor.photos-300x154.jpg 300w, https:\/\/mifavorita.com.pa\/2017\/wp-content\/uploads\/2025\/01\/Screenshot_20250123_080141_com.hihonor.photos-768x394.jpg 768w, https:\/\/mifavorita.com.pa\/2017\/wp-content\/uploads\/2025\/01\/Screenshot_20250123_080141_com.hihonor.photos-700x359.jpg 700w, https:\/\/mifavorita.com.pa\/2017\/wp-content\/uploads\/2025\/01\/Screenshot_20250123_080141_com.hihonor.photos-500x257.jpg 500w, https:\/\/mifavorita.com.pa\/2017\/wp-content\/uploads\/2025\/01\/Screenshot_20250123_080141_com.hihonor.photos.jpg 1072w\" sizes=\"(max-width: 1024px) 100vw, 1024px\" \/><\/figure>\n\n\n\n<p>Para dar a conocer planes a seguir en cuanto al abastecimiento de medicamentos de las instalaciones de la Caja de Seguro Social en Cocl\u00e9, y as\u00ed brindar una mejor atenci\u00f3n a los pacientes asegurados y no asegurados que acuden de todas las provincias centrales, jefes de farmacia de toda la provincia se reunieron en la Policl\u00ednica Manuel Paulino Oca\u00f1a de Penonom\u00e9 recientemente.<\/p>\n\n\n\n<p>Esta reuni\u00f3n tambi\u00e9n busc\u00f3 dar cumplimiento al procedimiento de compras de los medicamentes, por ende, se reforz\u00f3 el proceso al igual que se se\u00f1alaron propuestas para hacer mejoras como la coordinaci\u00f3n y as\u00ed mejorar el abastecimiento.<\/p>\n\n\n\n<p>Por su parte, Dorisbeth De Le\u00f3n, coordinadora provincial de Farmacia en Cocl\u00e9, indic\u00f3 temas como la revisi\u00f3n del abastecimiento de cada una de las unidades de la provincia, y las estrategias de compras a trav\u00e9s de las farmacias.<\/p>\n\n\n\n<figure class=\"wp-block-image size-large\"><img decoding=\"async\" width=\"1024\" height=\"768\" src=\"https:\/\/mifavorita.com.pa\/2017\/wp-content\/uploads\/2025\/01\/IMG_20250122_114334-scaled-1-1024x768.jpg\" alt=\"\" class=\"wp-image-15352\" srcset=\"https:\/\/mifavorita.com.pa\/2017\/wp-content\/uploads\/2025\/01\/IMG_20250122_114334-scaled-1-1024x768.jpg 1024w, https:\/\/mifavorita.com.pa\/2017\/wp-content\/uploads\/2025\/01\/IMG_20250122_114334-scaled-1-300x225.jpg 300w, https:\/\/mifavorita.com.pa\/2017\/wp-content\/uploads\/2025\/01\/IMG_20250122_114334-scaled-1-768x576.jpg 768w, https:\/\/mifavorita.com.pa\/2017\/wp-content\/uploads\/2025\/01\/IMG_20250122_114334-scaled-1-1536x1152.jpg 1536w, https:\/\/mifavorita.com.pa\/2017\/wp-content\/uploads\/2025\/01\/IMG_20250122_114334-scaled-1-2048x1536.jpg 2048w, https:\/\/mifavorita.com.pa\/2017\/wp-content\/uploads\/2025\/01\/IMG_20250122_114334-scaled-1-700x525.jpg 700w, https:\/\/mifavorita.com.pa\/2017\/wp-content\/uploads\/2025\/01\/IMG_20250122_114334-scaled-1-500x375.jpg 500w, https:\/\/mifavorita.com.pa\/2017\/wp-content\/uploads\/2025\/01\/IMG_20250122_114334-scaled-1-800x600.jpg 800w\" sizes=\"(max-width: 1024px) 100vw, 1024px\" \/><\/figure>\n\n\n\n<p>Adem\u00e1s, la coordinadora, enfatiz\u00f3 en la necesidad de brindar un servicio de calidad en que hab\u00eda que \u201chacer lo correcto de la manera correcta\u201d, siendo fundamental para brindar salud de manera oportuna.<\/p>\n\n\n\n<p>De parte de este departamento tambi\u00e9n se indic\u00f3 que la poblaci\u00f3n coclesana es la principal afectada o beneficiada al tomarse decisiones sobre el manejo de los medicamentos, es por ello que todo usuario es importante cuando acude a cualquiera instalaci\u00f3n de la Caja de Seguro Social.<\/p>\n","protected":false},"excerpt":{"rendered":"<p>Para dar a conocer planes a seguir en cuanto al abastecimiento de medicamentos de las instalaciones de la Caja de Seguro Social en Cocl\u00e9, y as\u00ed brindar una mejor atenci\u00f3n a los pacientes asegurados y no asegurados que acuden de todas las provincias centrales, jefes de farmacia de toda la provincia se reunieron en la [&hellip;]<\/p>\n","protected":false},"author":6,"featured_media":15351,"comment_status":"open","ping_status":"open","sticky":false,"template":"","format":"standard","meta":{"footnotes":""},"categories":[1,16],"tags":[],"class_list":["post-15350","post","type-post","status-publish","format-standard","has-post-thumbnail","hentry","category-noticias","category-salud"],"_links":{"self":[{"href":"https:\/\/mifavorita.com.pa\/2017\/wp-json\/wp\/v2\/posts\/15350","targetHints":{"allow":["GET"]}}],"collection":[{"href":"https:\/\/mifavorita.com.pa\/2017\/wp-json\/wp\/v2\/posts"}],"about":[{"href":"https:\/\/mifavorita.com.pa\/2017\/wp-json\/wp\/v2\/types\/post"}],"author":[{"embeddable":true,"href":"https:\/\/mifavorita.com.pa\/2017\/wp-json\/wp\/v2\/users\/6"}],"replies":[{"embeddable":true,"href":"https:\/\/mifavorita.com.pa\/2017\/wp-json\/wp\/v2\/comments?post=15350"}],"version-history":[{"count":1,"href":"https:\/\/mifavorita.com.pa\/2017\/wp-json\/wp\/v2\/posts\/15350\/revisions"}],"predecessor-version":[{"id":15354,"href":"https:\/\/mifavorita.com.pa\/2017\/wp-json\/wp\/v2\/posts\/15350\/revisions\/15354"}],"wp:featuredmedia":[{"embeddable":true,"href":"https:\/\/mifavorita.com.pa\/2017\/wp-json\/wp\/v2\/media\/15351"}],"wp:attachment":[{"href":"https:\/\/mifavorita.com.pa\/2017\/wp-json\/wp\/v2\/media?parent=15350"}],"wp:term":[{"taxonomy":"category","embeddable":true,"href":"https:\/\/mifavorita.com.pa\/2017\/wp-json\/wp\/v2\/categories?post=15350"},{"taxonomy":"post_tag","embeddable":true,"href":"https:\/\/mifavorita.com.pa\/2017\/wp-json\/wp\/v2\/tags?post=15350"}],"curies":[{"name":"wp","href":"https:\/\/api.w.org\/{rel}","templated":true}]}}