{"id":15355,"date":"2025-01-28T20:24:52","date_gmt":"2025-01-28T20:24:52","guid":{"rendered":"https:\/\/mifavorita.com.pa\/2017\/?p=15355"},"modified":"2025-01-28T20:25:42","modified_gmt":"2025-01-28T20:25:42","slug":"hombre-queda-detenido-provisionalmente-por-ser-el-presunto-autor-de-un-crimen-ocurrido-en-2022-en-el-valle-de-anton-estaba-profugo","status":"publish","type":"post","link":"https:\/\/mifavorita.com.pa\/2017\/hombre-queda-detenido-provisionalmente-por-ser-el-presunto-autor-de-un-crimen-ocurrido-en-2022-en-el-valle-de-anton-estaba-profugo\/","title":{"rendered":"HOMBRE QUEDA DETENIDO PROVISIONALMENTE POR SER EL PRESUNTO AUTOR DE UN CRIMEN OCURRIDO EN 2022 EN EL VALLE DE ANT\u00d3N. ESTABA PR\u00d3FUGO"},"content":{"rendered":"\n<p>Por el delito contra la vida y la integridad personalidad en la modalidad de homicidio doloso agravado, fue imputado Juan Ovalle de 50 a\u00f1os este lunes 27 de enero, al ser el presunto autor de un crimen ocurrido el 11 de diciembre de 2022 en El Valle de Ant\u00f3n, en el que un hombre de 36 a\u00f1os result\u00f3 herido mortalmente con un arma blanca.<\/p>\n\n\n\n<p>Esto se dio en medio de una audiencia de solicitudes m\u00faltiples realizada en el \u00d3rgano Judicial de Cocl\u00e9, a cargo de la juez de garant\u00edas, Liliana Ort\u00edz, quien tras evaluar los argumentos de las partes, aval\u00f3 la solicitud de dictaminar medida cautelar, al ser proporcional al delito, y por considerarse riesgos de fuga y atentar contra los testigos.<\/p>\n\n\n\n<p>El hombre permanec\u00eda pr\u00f3fugo desde el d\u00eda del incidente, y se entreg\u00f3 a las autoridades la ma\u00f1ana del lunes 27, por lo que en horas de la tarde fue conducido para la audiencia. Previo al dictamen de medida cautelar, se legaliz\u00f3 la aprehensi\u00f3n y se le imputaron los cargos.<\/p>\n\n\n\n<p>El Ministerio P\u00fablico fue representado por el Fiscal Arnulfo Salazar, y la asistencia del imputado, estuvo a cargo del defensor p\u00fablico Fernando Rodr\u00edguez, y por parte de la v\u00edctima, la defensora fue Caroline Lombardo.<\/p>\n\n\n\n<p>Esta investigaci\u00f3n dio inicio cuando la v\u00edctima, Juan Rodr\u00edguez de 36 a\u00f1os, acudi\u00f3 a las instalaciones del Centro Materno Infantil de El Valle de Ant\u00f3n con una herida en su est\u00f3mago producto de una pu\u00f1alada. A los pocos minutos de haber llegado, los m\u00e9dicos dictaminaron su muerte.<\/p>\n\n\n\n<p>Seg\u00fan versiones de testigos del incidente, los hombres eran vecinos en la comunidad de Las Margaritas, distrito de San Carlos, y hab\u00edan decidido salir juntos a realizar un trabajo, al finalizar la jornada y dirigirse a sus residencias, surgi\u00f3 una discusi\u00f3n que culmin\u00f3 en ri\u00f1a sobre el vag\u00f3n de un auto tipo pick up en el sector conocido como La Reforma, en la que el alcohol, probablemente, estuvo de por medio. <\/p>\n\n\n\n<p>La detenci\u00f3n del imputado se mantendr\u00e1 por 6 meses hasta culminar todas las investigaciones del hecho.<\/p>\n\n\n\n<p><\/p>\n","protected":false},"excerpt":{"rendered":"<p>Por el delito contra la vida y la integridad personalidad en la modalidad de homicidio doloso agravado, fue imputado Juan Ovalle de 50 a\u00f1os este lunes 27 de enero, al ser el presunto autor de un crimen ocurrido el 11 de diciembre de 2022 en El Valle de Ant\u00f3n, en el que un hombre de [&hellip;]<\/p>\n","protected":false},"author":6,"featured_media":15356,"comment_status":"open","ping_status":"open","sticky":false,"template":"","format":"standard","meta":{"footnotes":""},"categories":[18,1],"tags":[],"class_list":["post-15355","post","type-post","status-publish","format-standard","has-post-thumbnail","hentry","category-policiales","category-noticias"],"_links":{"self":[{"href":"https:\/\/mifavorita.com.pa\/2017\/wp-json\/wp\/v2\/posts\/15355","targetHints":{"allow":["GET"]}}],"collection":[{"href":"https:\/\/mifavorita.com.pa\/2017\/wp-json\/wp\/v2\/posts"}],"about":[{"href":"https:\/\/mifavorita.com.pa\/2017\/wp-json\/wp\/v2\/types\/post"}],"author":[{"embeddable":true,"href":"https:\/\/mifavorita.com.pa\/2017\/wp-json\/wp\/v2\/users\/6"}],"replies":[{"embeddable":true,"href":"https:\/\/mifavorita.com.pa\/2017\/wp-json\/wp\/v2\/comments?post=15355"}],"version-history":[{"count":1,"href":"https:\/\/mifavorita.com.pa\/2017\/wp-json\/wp\/v2\/posts\/15355\/revisions"}],"predecessor-version":[{"id":15357,"href":"https:\/\/mifavorita.com.pa\/2017\/wp-json\/wp\/v2\/posts\/15355\/revisions\/15357"}],"wp:featuredmedia":[{"embeddable":true,"href":"https:\/\/mifavorita.com.pa\/2017\/wp-json\/wp\/v2\/media\/15356"}],"wp:attachment":[{"href":"https:\/\/mifavorita.com.pa\/2017\/wp-json\/wp\/v2\/media?parent=15355"}],"wp:term":[{"taxonomy":"category","embeddable":true,"href":"https:\/\/mifavorita.com.pa\/2017\/wp-json\/wp\/v2\/categories?post=15355"},{"taxonomy":"post_tag","embeddable":true,"href":"https:\/\/mifavorita.com.pa\/2017\/wp-json\/wp\/v2\/tags?post=15355"}],"curies":[{"name":"wp","href":"https:\/\/api.w.org\/{rel}","templated":true}]}}