{"id":15358,"date":"2025-01-29T18:55:48","date_gmt":"2025-01-29T18:55:48","guid":{"rendered":"https:\/\/mifavorita.com.pa\/2017\/?p=15358"},"modified":"2025-01-29T18:56:42","modified_gmt":"2025-01-29T18:56:42","slug":"con-ninos-y-la-comunidad-de-juan-hombron-mida-celebro-sus-52-anos","status":"publish","type":"post","link":"https:\/\/mifavorita.com.pa\/2017\/con-ninos-y-la-comunidad-de-juan-hombron-mida-celebro-sus-52-anos\/","title":{"rendered":"CON NI\u00d1OS Y LA COMUNIDAD DE JUAN HOMBR\u00d3N, MIDA CELEBR\u00d3 SUS 52 A\u00d1OS"},"content":{"rendered":"\n<p>En celebraci\u00f3n a los 52 a\u00f1os de la creaci\u00f3n del Ministerio de Desarrollo Agropecuario, creado mediante ley 12 del 25 de enero de 1973, la regional de Cocl\u00e9, realiz\u00f3 en Juan Hombr\u00f3n, distrito de Ant\u00f3n una fiesta infantil y comunitaria para compartir con este importante sector agr\u00edcola de la provincia.<\/p>\n\n\n\n<p>Esta celebraci\u00f3n cont\u00f3 con la participaci\u00f3n de la directora Nacional de Ferias, Kalizol Caballero, y la directora Nacional de Ingenier\u00eda Rural y Riego, Marilyn Ram\u00edrez, as\u00ed como parte de la Junta T\u00e9cnica de Cocl\u00e9, y el Gobernador Irving Gonz\u00e1lez.<\/p>\n\n\n\n<figure class=\"wp-block-image size-large\"><img fetchpriority=\"high\" decoding=\"async\" width=\"1024\" height=\"768\" src=\"https:\/\/mifavorita.com.pa\/2017\/wp-content\/uploads\/2025\/01\/52-cocle-2-1024x768.jpg\" alt=\"\" class=\"wp-image-15360\" srcset=\"https:\/\/mifavorita.com.pa\/2017\/wp-content\/uploads\/2025\/01\/52-cocle-2-1024x768.jpg 1024w, https:\/\/mifavorita.com.pa\/2017\/wp-content\/uploads\/2025\/01\/52-cocle-2-300x225.jpg 300w, https:\/\/mifavorita.com.pa\/2017\/wp-content\/uploads\/2025\/01\/52-cocle-2-768x576.jpg 768w, https:\/\/mifavorita.com.pa\/2017\/wp-content\/uploads\/2025\/01\/52-cocle-2-700x525.jpg 700w, https:\/\/mifavorita.com.pa\/2017\/wp-content\/uploads\/2025\/01\/52-cocle-2-500x375.jpg 500w, https:\/\/mifavorita.com.pa\/2017\/wp-content\/uploads\/2025\/01\/52-cocle-2-800x600.jpg 800w, https:\/\/mifavorita.com.pa\/2017\/wp-content\/uploads\/2025\/01\/52-cocle-2.jpg 1198w\" sizes=\"(max-width: 1024px) 100vw, 1024px\" \/><\/figure>\n\n\n\n<p>Durante el evento, Javier Miranda, director regional, destac\u00f3 los aportes de Juan Hombr\u00f3n a la producci\u00f3n nacional con su siembra de arroz, ganader\u00eda y la pesca artesanal. <\/p>\n\n\n\n<p>En medio de la celebraci\u00f3n se resalt\u00f3 el trabajo que han desempe\u00f1ado los colaboradores de la instituci\u00f3n para impulsar la labor diaria de los productores en cada una de sus \u00e1reas.<\/p>\n\n\n\n<p>Dijo, adem\u00e1s, que el trabajo de estos m\u00e1s de 50 a\u00f1os ha significado el resalte de m\u00e1s de 5 \u00e1reas de trabajo que se unen en favor del desarrollo agr\u00edcola y rural de cada provincia, y que el trabajo se ha volcado a la sostenibilidad, seguridad alimentaria y al bienestar de los productores.<\/p>\n\n\n\n<p>El evento cont\u00f3 con golosinas, un pastel, animaciones, y obsequios para ni\u00f1os y personas de la comunidad. Originalmente el MIDA fue denominado como el Ministerio de Agricultura y Ganader\u00eda, y ten\u00eda la finalidad de promover el mejoramiento econ\u00f3mico, social y pol\u00edtico del hombre y la mujer del campo, haci\u00e9ndolo part\u00edcipe en la vida nacional.<\/p>\n\n\n\n<figure class=\"wp-block-image size-large\"><img decoding=\"async\" width=\"1024\" height=\"768\" src=\"https:\/\/mifavorita.com.pa\/2017\/wp-content\/uploads\/2025\/01\/cocle-52-1024x768.jpg\" alt=\"\" class=\"wp-image-15361\" srcset=\"https:\/\/mifavorita.com.pa\/2017\/wp-content\/uploads\/2025\/01\/cocle-52-1024x768.jpg 1024w, https:\/\/mifavorita.com.pa\/2017\/wp-content\/uploads\/2025\/01\/cocle-52-300x225.jpg 300w, https:\/\/mifavorita.com.pa\/2017\/wp-content\/uploads\/2025\/01\/cocle-52-768x576.jpg 768w, https:\/\/mifavorita.com.pa\/2017\/wp-content\/uploads\/2025\/01\/cocle-52-700x525.jpg 700w, https:\/\/mifavorita.com.pa\/2017\/wp-content\/uploads\/2025\/01\/cocle-52-500x375.jpg 500w, https:\/\/mifavorita.com.pa\/2017\/wp-content\/uploads\/2025\/01\/cocle-52-800x600.jpg 800w, https:\/\/mifavorita.com.pa\/2017\/wp-content\/uploads\/2025\/01\/cocle-52.jpg 1198w\" sizes=\"(max-width: 1024px) 100vw, 1024px\" \/><\/figure>\n\n\n\n<p><em>Informaci\u00f3n MIDA<\/em><\/p>\n\n\n\n<p><\/p>\n","protected":false},"excerpt":{"rendered":"<p>En celebraci\u00f3n a los 52 a\u00f1os de la creaci\u00f3n del Ministerio de Desarrollo Agropecuario, creado mediante ley 12 del 25 de enero de 1973, la regional de Cocl\u00e9, realiz\u00f3 en Juan Hombr\u00f3n, distrito de Ant\u00f3n una fiesta infantil y comunitaria para compartir con este importante sector agr\u00edcola de la provincia. Esta celebraci\u00f3n cont\u00f3 con la [&hellip;]<\/p>\n","protected":false},"author":6,"featured_media":15359,"comment_status":"open","ping_status":"open","sticky":false,"template":"","format":"standard","meta":{"footnotes":""},"categories":[29,1],"tags":[],"class_list":["post-15358","post","type-post","status-publish","format-standard","has-post-thumbnail","hentry","category-agro-negocios","category-noticias"],"_links":{"self":[{"href":"https:\/\/mifavorita.com.pa\/2017\/wp-json\/wp\/v2\/posts\/15358","targetHints":{"allow":["GET"]}}],"collection":[{"href":"https:\/\/mifavorita.com.pa\/2017\/wp-json\/wp\/v2\/posts"}],"about":[{"href":"https:\/\/mifavorita.com.pa\/2017\/wp-json\/wp\/v2\/types\/post"}],"author":[{"embeddable":true,"href":"https:\/\/mifavorita.com.pa\/2017\/wp-json\/wp\/v2\/users\/6"}],"replies":[{"embeddable":true,"href":"https:\/\/mifavorita.com.pa\/2017\/wp-json\/wp\/v2\/comments?post=15358"}],"version-history":[{"count":1,"href":"https:\/\/mifavorita.com.pa\/2017\/wp-json\/wp\/v2\/posts\/15358\/revisions"}],"predecessor-version":[{"id":15362,"href":"https:\/\/mifavorita.com.pa\/2017\/wp-json\/wp\/v2\/posts\/15358\/revisions\/15362"}],"wp:featuredmedia":[{"embeddable":true,"href":"https:\/\/mifavorita.com.pa\/2017\/wp-json\/wp\/v2\/media\/15359"}],"wp:attachment":[{"href":"https:\/\/mifavorita.com.pa\/2017\/wp-json\/wp\/v2\/media?parent=15358"}],"wp:term":[{"taxonomy":"category","embeddable":true,"href":"https:\/\/mifavorita.com.pa\/2017\/wp-json\/wp\/v2\/categories?post=15358"},{"taxonomy":"post_tag","embeddable":true,"href":"https:\/\/mifavorita.com.pa\/2017\/wp-json\/wp\/v2\/tags?post=15358"}],"curies":[{"name":"wp","href":"https:\/\/api.w.org\/{rel}","templated":true}]}}