{"id":15363,"date":"2025-01-29T20:00:39","date_gmt":"2025-01-29T20:00:39","guid":{"rendered":"https:\/\/mifavorita.com.pa\/2017\/?p=15363"},"modified":"2025-01-29T20:01:36","modified_gmt":"2025-01-29T20:01:36","slug":"festival-del-toque-canto-y-baile-del-tambor-se-realizara-el-proximo-16-de-febrero","status":"publish","type":"post","link":"https:\/\/mifavorita.com.pa\/2017\/festival-del-toque-canto-y-baile-del-tambor-se-realizara-el-proximo-16-de-febrero\/","title":{"rendered":"FESTIVAL DEL TOQUE, CANTO Y BAILE DEL TAMBOR SE REALIZAR\u00c1 EL PR\u00d3XIMO 16 DE FEBRERO"},"content":{"rendered":"\n<p>A pesar de la falta de recursos y del poco apoyo empresarial, por decimo cuarto a\u00f1o consecutivo, se llevar\u00e1 a cabo el Festival Nacional del Toque, Canto y Baile de Tambor en Penonom\u00e9, una iniciativa que re\u00fane a los exponentes y amantes de las costumbres propias no s\u00f3lo de la provincia de Cocl\u00e9 sino de otras partes del pa\u00eds, y se llevar\u00e1 a cabo el pr\u00f3ximo domingo 16 de febrero.<\/p>\n\n\n\n<p>Desde las 10 de la ma\u00f1ana, dar\u00e1 inicio la recepci\u00f3n de grupos participantes, para presentarse en el Gimnasio de la Escuela Sime\u00f3n Conte, durante toda la tarde y noche.<\/p>\n\n\n\n<p>Tom\u00e1s Molina, representante legal y tesorero del Patronato, indic\u00f3 que como cada a\u00f1o han trabajado con fondos propios para llevar a cabo esta actividad, ya que, aunque el pasado 31 de diciembre de 2024 se les entreg\u00f3 la personer\u00eda jur\u00eddica, la ley no contempla aportes econ\u00f3micos estatales.<\/p>\n\n\n\n<p>El representante legal tambi\u00e9n se refiri\u00f3 a que desde los a\u00f1os 90 este Festival comenz\u00f3 a conformarse con actividades en todos los distritos de la provincia, con encuentros de tambor, sin embargo, desde hace 14 a\u00f1os se comenz\u00f3 a desarrollar ininterrumpidamente.<\/p>\n\n\n\n<p>Este a\u00f1o por primera vez se ha escogido una Dama que representar\u00e1 la esencia del tambor, y se trata de la jovencita Milagros Molina, quien desde los 5 a\u00f1os baila y canta tambor, y que, a sus 12 a\u00f1os, sigue desarroll\u00e1ndose en el \u00e1mbito folcl\u00f3rico. Ella, extendi\u00f3 una especial invitaci\u00f3n para que la acompa\u00f1en a disfrutar de este Festival.<\/p>\n\n\n\n<p>De parte del Patronato del Festival, animaron a otras j\u00f3venes a presentar su nominaci\u00f3n para ser damas en las pr\u00f3ximas ediciones del festival con una carta destacando sus habilidades en el tambor.<\/p>\n\n\n\n<p>Todav\u00eda las agrupaciones interesadas en participar pueden solicitar informaci\u00f3n al tel\u00e9fono 65213205 o al 67555728. A todos los que se presenten se les incluir\u00e1 en una t\u00f3mbola por premios de incentivo, que incluir\u00e1n tambores. Tambi\u00e9n contar\u00e1n con vereda artesanal y gastron\u00f3mica.<\/p>\n\n\n\n<p>Este a\u00f1o se entregar\u00e1 la medalla Leonardo Ramos, al destacado tocador Ram\u00f3n Pinz\u00f3n oriundo de la comunidad de Sardina.<\/p>\n","protected":false},"excerpt":{"rendered":"<p>A pesar de la falta de recursos y del poco apoyo empresarial, por decimo cuarto a\u00f1o consecutivo, se llevar\u00e1 a cabo el Festival Nacional del Toque, Canto y Baile de Tambor en Penonom\u00e9, una iniciativa que re\u00fane a los exponentes y amantes de las costumbres propias no s\u00f3lo de la provincia de Cocl\u00e9 sino de [&hellip;]<\/p>\n","protected":false},"author":6,"featured_media":15364,"comment_status":"open","ping_status":"open","sticky":false,"template":"","format":"standard","meta":{"footnotes":""},"categories":[30,1],"tags":[],"class_list":["post-15363","post","type-post","status-publish","format-standard","has-post-thumbnail","hentry","category-cultura","category-noticias"],"_links":{"self":[{"href":"https:\/\/mifavorita.com.pa\/2017\/wp-json\/wp\/v2\/posts\/15363","targetHints":{"allow":["GET"]}}],"collection":[{"href":"https:\/\/mifavorita.com.pa\/2017\/wp-json\/wp\/v2\/posts"}],"about":[{"href":"https:\/\/mifavorita.com.pa\/2017\/wp-json\/wp\/v2\/types\/post"}],"author":[{"embeddable":true,"href":"https:\/\/mifavorita.com.pa\/2017\/wp-json\/wp\/v2\/users\/6"}],"replies":[{"embeddable":true,"href":"https:\/\/mifavorita.com.pa\/2017\/wp-json\/wp\/v2\/comments?post=15363"}],"version-history":[{"count":1,"href":"https:\/\/mifavorita.com.pa\/2017\/wp-json\/wp\/v2\/posts\/15363\/revisions"}],"predecessor-version":[{"id":15365,"href":"https:\/\/mifavorita.com.pa\/2017\/wp-json\/wp\/v2\/posts\/15363\/revisions\/15365"}],"wp:featuredmedia":[{"embeddable":true,"href":"https:\/\/mifavorita.com.pa\/2017\/wp-json\/wp\/v2\/media\/15364"}],"wp:attachment":[{"href":"https:\/\/mifavorita.com.pa\/2017\/wp-json\/wp\/v2\/media?parent=15363"}],"wp:term":[{"taxonomy":"category","embeddable":true,"href":"https:\/\/mifavorita.com.pa\/2017\/wp-json\/wp\/v2\/categories?post=15363"},{"taxonomy":"post_tag","embeddable":true,"href":"https:\/\/mifavorita.com.pa\/2017\/wp-json\/wp\/v2\/tags?post=15363"}],"curies":[{"name":"wp","href":"https:\/\/api.w.org\/{rel}","templated":true}]}}