{"id":15367,"date":"2025-01-30T19:00:08","date_gmt":"2025-01-30T19:00:08","guid":{"rendered":"https:\/\/mifavorita.com.pa\/2017\/?p=15367"},"modified":"2025-01-30T19:01:02","modified_gmt":"2025-01-30T19:01:02","slug":"penonome-se-prepara-para-celebrar-la-festividad-de-san-juan-bosco","status":"publish","type":"post","link":"https:\/\/mifavorita.com.pa\/2017\/penonome-se-prepara-para-celebrar-la-festividad-de-san-juan-bosco\/","title":{"rendered":"PENONOM\u00c9 SE PREPARA PARA CELEBRAR LA FESTIVIDAD DE SAN JUAN BOSCO."},"content":{"rendered":"\n<figure class=\"wp-block-gallery has-nested-images columns-default is-cropped wp-block-gallery-1 is-layout-flex wp-block-gallery-is-layout-flex\">\n<figure class=\"wp-block-image size-large\"><img fetchpriority=\"high\" decoding=\"async\" width=\"800\" height=\"1066\" data-id=\"15369\" src=\"https:\/\/mifavorita.com.pa\/2017\/wp-content\/uploads\/2025\/01\/catedral-edited.jpg\" alt=\"\" class=\"wp-image-15369\" srcset=\"https:\/\/mifavorita.com.pa\/2017\/wp-content\/uploads\/2025\/01\/catedral-edited.jpg 800w, https:\/\/mifavorita.com.pa\/2017\/wp-content\/uploads\/2025\/01\/catedral-edited-225x300.jpg 225w, https:\/\/mifavorita.com.pa\/2017\/wp-content\/uploads\/2025\/01\/catedral-edited-768x1023.jpg 768w, https:\/\/mifavorita.com.pa\/2017\/wp-content\/uploads\/2025\/01\/catedral-edited-700x933.jpg 700w, https:\/\/mifavorita.com.pa\/2017\/wp-content\/uploads\/2025\/01\/catedral-edited-500x666.jpg 500w\" sizes=\"(max-width: 800px) 100vw, 800px\" \/><\/figure>\n<\/figure>\n\n\n\n<p>La festividad de San Juan Bosco, fundada en Penonom\u00e9 y que se celebra ininterrumpidamente desde 1945, presentar\u00e1 este a\u00f1o algunas modificaciones en su programaci\u00f3n, seg\u00fan anunci\u00f3 la profesora Marina Arosemena, quien cada a\u00f1o participa del evento. Esta celebraci\u00f3n, que es un pilar en la comunidad, busca mantener viva la tradici\u00f3n y fomentar la participaci\u00f3n de los feligreses.<\/p>\n\n\n\n<p>Uno de los cambios m\u00e1s significativos es el reprogramado de la misa especial para ni\u00f1os y j\u00f3venes. Tradicionalmente celebrada a las 10:00 a. m., este a\u00f1o tendr\u00e1 lugar entre las 4:00 p. m. y 6:00 p. m., dependiendo de la organizaci\u00f3n de la parroquia.<\/p>\n\n\n\n<p>La profesora Arosemena hizo un llamado a los padres para que acompa\u00f1en a sus hijos en esta bendici\u00f3n especial. Adem\u00e1s, se estar\u00e1n recibiendo donaciones de alimentos secos, que ser\u00e1n destinados a la pastoral de enfermos, con el objetivo de apoyar a familias necesitadas en la comunidad.<\/p>\n\n\n\n<p>La procesi\u00f3n, que es uno de los momentos m\u00e1s esperados de la festividad, est\u00e1 programada para iniciar a las 4:30 p. m. y recorrer\u00e1 varias calles del centro de Penonom\u00e9, incluyendo Calle Chiquita, la calle Jos\u00e9 V\u00e1squez, San Antonio, Dami\u00e1n Carles y Manuel Amador Guerrero, luego doblar\u00e1 por la calle Miguel Him y subir\u00e1 por la avenida Central Juan D. Arosemena finalizando en la iglesia.<\/p>\n\n\n\n<p>La comunidad de Penonom\u00e9 es reconocida por su ferviente devoci\u00f3n a Don Bosco, y cada a\u00f1o la festividad atrae a numerosos fieles. Durante una reciente entrevista, la profesora Arosemena comparti\u00f3 una emotiva an\u00e9cdota sobre el primer milagro atribuido a Don Bosco en Panam\u00e1, cuando un hombre hospitalizado en el Hospital Santo Tom\u00e1s se cur\u00f3 inesperadamente tras orar fervorosamente.<\/p>\n\n\n\n<p>La invitaci\u00f3n est\u00e1 abierta a todos los devotos y feligreses a unirse a esta importante festividad, que refuerza la fe y la solidaridad en la regi\u00f3n. La comunidad espera una gran participaci\u00f3n y un ambiente de unidad en esta celebraci\u00f3n significativa.<\/p>\n","protected":false},"excerpt":{"rendered":"<p>La festividad de San Juan Bosco, fundada en Penonom\u00e9 y que se celebra ininterrumpidamente desde 1945, presentar\u00e1 este a\u00f1o algunas modificaciones en su programaci\u00f3n, seg\u00fan anunci\u00f3 la profesora Marina Arosemena, quien cada a\u00f1o participa del evento. Esta celebraci\u00f3n, que es un pilar en la comunidad, busca mantener viva la tradici\u00f3n y fomentar la participaci\u00f3n de [&hellip;]<\/p>\n","protected":false},"author":7,"featured_media":15369,"comment_status":"open","ping_status":"open","sticky":false,"template":"","format":"standard","meta":{"footnotes":""},"categories":[17,1],"tags":[],"class_list":["post-15367","post","type-post","status-publish","format-standard","has-post-thumbnail","hentry","category-comunitaria","category-noticias"],"_links":{"self":[{"href":"https:\/\/mifavorita.com.pa\/2017\/wp-json\/wp\/v2\/posts\/15367","targetHints":{"allow":["GET"]}}],"collection":[{"href":"https:\/\/mifavorita.com.pa\/2017\/wp-json\/wp\/v2\/posts"}],"about":[{"href":"https:\/\/mifavorita.com.pa\/2017\/wp-json\/wp\/v2\/types\/post"}],"author":[{"embeddable":true,"href":"https:\/\/mifavorita.com.pa\/2017\/wp-json\/wp\/v2\/users\/7"}],"replies":[{"embeddable":true,"href":"https:\/\/mifavorita.com.pa\/2017\/wp-json\/wp\/v2\/comments?post=15367"}],"version-history":[{"count":1,"href":"https:\/\/mifavorita.com.pa\/2017\/wp-json\/wp\/v2\/posts\/15367\/revisions"}],"predecessor-version":[{"id":15370,"href":"https:\/\/mifavorita.com.pa\/2017\/wp-json\/wp\/v2\/posts\/15367\/revisions\/15370"}],"wp:featuredmedia":[{"embeddable":true,"href":"https:\/\/mifavorita.com.pa\/2017\/wp-json\/wp\/v2\/media\/15369"}],"wp:attachment":[{"href":"https:\/\/mifavorita.com.pa\/2017\/wp-json\/wp\/v2\/media?parent=15367"}],"wp:term":[{"taxonomy":"category","embeddable":true,"href":"https:\/\/mifavorita.com.pa\/2017\/wp-json\/wp\/v2\/categories?post=15367"},{"taxonomy":"post_tag","embeddable":true,"href":"https:\/\/mifavorita.com.pa\/2017\/wp-json\/wp\/v2\/tags?post=15367"}],"curies":[{"name":"wp","href":"https:\/\/api.w.org\/{rel}","templated":true}]}}