{"id":15371,"date":"2025-01-30T19:07:02","date_gmt":"2025-01-30T19:07:02","guid":{"rendered":"https:\/\/mifavorita.com.pa\/2017\/?p=15371"},"modified":"2025-01-30T19:07:56","modified_gmt":"2025-01-30T19:07:56","slug":"comunidades-vecinas-de-cobre-panama-exigen-ser-escuchadas-en-proceso-de-consultoria","status":"publish","type":"post","link":"https:\/\/mifavorita.com.pa\/2017\/comunidades-vecinas-de-cobre-panama-exigen-ser-escuchadas-en-proceso-de-consultoria\/","title":{"rendered":"COMUNIDADES VECINAS DE COBRE PANAM\u00c1 EXIGEN SER ESCUCHADAS EN PROCESO DE CONSULTOR\u00cdA"},"content":{"rendered":"\n<figure class=\"wp-block-gallery has-nested-images columns-default is-cropped wp-block-gallery-1 is-layout-flex wp-block-gallery-is-layout-flex\">\n<figure class=\"wp-block-image size-large\"><img fetchpriority=\"high\" decoding=\"async\" width=\"848\" height=\"480\" data-id=\"15372\" src=\"https:\/\/mifavorita.com.pa\/2017\/wp-content\/uploads\/2025\/01\/comite.jpg\" alt=\"\" class=\"wp-image-15372\" srcset=\"https:\/\/mifavorita.com.pa\/2017\/wp-content\/uploads\/2025\/01\/comite.jpg 848w, https:\/\/mifavorita.com.pa\/2017\/wp-content\/uploads\/2025\/01\/comite-300x170.jpg 300w, https:\/\/mifavorita.com.pa\/2017\/wp-content\/uploads\/2025\/01\/comite-768x435.jpg 768w, https:\/\/mifavorita.com.pa\/2017\/wp-content\/uploads\/2025\/01\/comite-700x396.jpg 700w, https:\/\/mifavorita.com.pa\/2017\/wp-content\/uploads\/2025\/01\/comite-500x283.jpg 500w\" sizes=\"(max-width: 848px) 100vw, 848px\" \/><\/figure>\n<\/figure>\n\n\n\n<p>El Comit\u00e9 C\u00edvico de las comunidades de Omar Torrijos, La Pintada y Donoso en la provincia de Col\u00f3n, ha manifestado su preocupaci\u00f3n ante la consultor\u00eda integral que se desarrollar\u00e1 sobre el proyecto de Cobre Panam\u00e1. Los representantes de estas comunidades vecinas a la mina exigen que su voz sea tomada en cuenta en el proceso y que no sean terceros quienes hablen en su nombre.<\/p>\n\n\n\n<p>\u00abNo hay nadie que juegue un papel m\u00e1s protag\u00f3nico que los que vivimos puerta con puerta con el proyecto. Es insostenible que debamos esperar tanto tiempo por una respuesta clara\u00bb, expresaron los voceros del Comit\u00e9 C\u00edvico.<\/p>\n\n\n\n<p>Las comunidades han anunciado que antes de que finalice el plazo de consulta har\u00e1n entrega formal de sus comentarios en materia ambiental y social al Ministerio de Ambiente. Asimismo, invitan a los habitantes de las diferentes comunidades, proveedores y trabajadores afectados a sumarse y aportar sus opiniones.<\/p>\n\n\n\n<p>El Comit\u00e9 enfatiz\u00f3 la necesidad de que su voz sea protag\u00f3nica en la toma de decisiones, asegurando que \u00abbasta ya de que otros hablen por nosotros\u00bb. En este sentido, hacen un llamado al presidente de la Rep\u00fablica y a los ministros involucrados para que atiendan directamente sus inquietudes.<\/p>\n\n\n\n<p>Finalmente, los representantes comunales subrayan que cualquier decisi\u00f3n sobre el futuro del proyecto debe considerar el bienestar de las comunidades vecinas, el impacto ambiental y el desarrollo sostenible de la regi\u00f3n.<\/p>\n\n\n\n<figure class=\"wp-block-gallery has-nested-images columns-default is-cropped wp-block-gallery-2 is-layout-flex wp-block-gallery-is-layout-flex\">\n<figure class=\"wp-block-image size-large\"><img decoding=\"async\" width=\"848\" height=\"480\" data-id=\"15373\" src=\"https:\/\/mifavorita.com.pa\/2017\/wp-content\/uploads\/2025\/01\/comite1.jpg\" alt=\"\" class=\"wp-image-15373\" srcset=\"https:\/\/mifavorita.com.pa\/2017\/wp-content\/uploads\/2025\/01\/comite1.jpg 848w, https:\/\/mifavorita.com.pa\/2017\/wp-content\/uploads\/2025\/01\/comite1-300x170.jpg 300w, https:\/\/mifavorita.com.pa\/2017\/wp-content\/uploads\/2025\/01\/comite1-768x435.jpg 768w, https:\/\/mifavorita.com.pa\/2017\/wp-content\/uploads\/2025\/01\/comite1-700x396.jpg 700w, https:\/\/mifavorita.com.pa\/2017\/wp-content\/uploads\/2025\/01\/comite1-500x283.jpg 500w\" sizes=\"(max-width: 848px) 100vw, 848px\" \/><\/figure>\n<\/figure>\n","protected":false},"excerpt":{"rendered":"<p>El Comit\u00e9 C\u00edvico de las comunidades de Omar Torrijos, La Pintada y Donoso en la provincia de Col\u00f3n, ha manifestado su preocupaci\u00f3n ante la consultor\u00eda integral que se desarrollar\u00e1 sobre el proyecto de Cobre Panam\u00e1. Los representantes de estas comunidades vecinas a la mina exigen que su voz sea tomada en cuenta en el proceso [&hellip;]<\/p>\n","protected":false},"author":7,"featured_media":15373,"comment_status":"open","ping_status":"open","sticky":false,"template":"","format":"standard","meta":{"footnotes":""},"categories":[17,1],"tags":[],"class_list":["post-15371","post","type-post","status-publish","format-standard","has-post-thumbnail","hentry","category-comunitaria","category-noticias"],"_links":{"self":[{"href":"https:\/\/mifavorita.com.pa\/2017\/wp-json\/wp\/v2\/posts\/15371","targetHints":{"allow":["GET"]}}],"collection":[{"href":"https:\/\/mifavorita.com.pa\/2017\/wp-json\/wp\/v2\/posts"}],"about":[{"href":"https:\/\/mifavorita.com.pa\/2017\/wp-json\/wp\/v2\/types\/post"}],"author":[{"embeddable":true,"href":"https:\/\/mifavorita.com.pa\/2017\/wp-json\/wp\/v2\/users\/7"}],"replies":[{"embeddable":true,"href":"https:\/\/mifavorita.com.pa\/2017\/wp-json\/wp\/v2\/comments?post=15371"}],"version-history":[{"count":1,"href":"https:\/\/mifavorita.com.pa\/2017\/wp-json\/wp\/v2\/posts\/15371\/revisions"}],"predecessor-version":[{"id":15374,"href":"https:\/\/mifavorita.com.pa\/2017\/wp-json\/wp\/v2\/posts\/15371\/revisions\/15374"}],"wp:featuredmedia":[{"embeddable":true,"href":"https:\/\/mifavorita.com.pa\/2017\/wp-json\/wp\/v2\/media\/15373"}],"wp:attachment":[{"href":"https:\/\/mifavorita.com.pa\/2017\/wp-json\/wp\/v2\/media?parent=15371"}],"wp:term":[{"taxonomy":"category","embeddable":true,"href":"https:\/\/mifavorita.com.pa\/2017\/wp-json\/wp\/v2\/categories?post=15371"},{"taxonomy":"post_tag","embeddable":true,"href":"https:\/\/mifavorita.com.pa\/2017\/wp-json\/wp\/v2\/tags?post=15371"}],"curies":[{"name":"wp","href":"https:\/\/api.w.org\/{rel}","templated":true}]}}