{"id":15993,"date":"2025-03-10T18:46:01","date_gmt":"2025-03-10T18:46:01","guid":{"rendered":"https:\/\/mifavorita.com.pa\/2017\/?p=15993"},"modified":"2025-03-10T18:47:07","modified_gmt":"2025-03-10T18:47:07","slug":"trafico-aumenta-durante-el-inicio-de-ano-escolar-brindan-recomendaciones","status":"publish","type":"post","link":"https:\/\/mifavorita.com.pa\/2017\/trafico-aumenta-durante-el-inicio-de-ano-escolar-brindan-recomendaciones\/","title":{"rendered":"TR\u00c1FICO AUMENTA DURANTE EL INICIO DE A\u00d1O ESCOLAR: BRINDAN RECOMENDACIONES"},"content":{"rendered":"\n<p>Un total de 235 boletas fueron aplicadas durante este fin de semana en la provincia de Cocl\u00e9 en las \u00faltimas horas, de la cuales 80 fueron por velocidad, 79 por desatender se\u00f1ales y m\u00e1s de 16 relacionadas al consumo de licor. En ese sentido, la subdirecci\u00f3n de tr\u00e1nsito solicita a los conductores y peatones redoblar las medidas de seguridad y prevenir accidentes, debido al inicio del a\u00f1o escolar.<\/p>\n\n\n\n<p>Unos 8 accidentes de tr\u00e1nsito fueron reportados, de los que afortunadamente no se reportaron heridos de consideraci\u00f3n. Para evitar el aumento de estos hechos durante los siguientes d\u00edas, el capit\u00e1n Ecleasides Gonz\u00e1lez recomend\u00f3 disminuir la velocidad especialmente en centros educativos y poblados, utilizar cinturones de seguridad, utilizar pasos cebra, cuidar al bajar con los ni\u00f1os de los buses o autos, verificar el estado de los veh\u00edculos, tanto en zonas urbanas como rurales<\/p>\n\n\n\n<p>El capit\u00e1n tambi\u00e9n recalc\u00f3 que esta primera semana han lanzado un operativo en puntos claves de la provincia en donde se da mayor acumulaci\u00f3n de tr\u00e1fico, como en el caso de R\u00edo Hato frente al Instituto T\u00e9cnico Profesional, recta de la v\u00eda panamericana en el corregimiento de Cocl\u00e9, v\u00eda Miraflores, calle Manuel Amador Guerrero y en la v\u00eda panamericana en el retorno de Penonom\u00e9.<\/p>\n\n\n\n<p>Durante estas semanas, el aumento de veh\u00edculos de transporte de estudiantes o de transporte colectivo en general, pueden provocar cierto retraso en el tiempo de recorrido, por lo que se solicita a los conductores y a los peatones, prestar mayor atenci\u00f3n y tener paciencia.<\/p>\n\n\n\n<figure class=\"wp-block-image size-large\"><img fetchpriority=\"high\" decoding=\"async\" width=\"1024\" height=\"559\" src=\"https:\/\/mifavorita.com.pa\/2017\/wp-content\/uploads\/2025\/03\/IMG_6682-1024x559.jpeg\" alt=\"\" class=\"wp-image-15995\" srcset=\"https:\/\/mifavorita.com.pa\/2017\/wp-content\/uploads\/2025\/03\/IMG_6682-1024x559.jpeg 1024w, https:\/\/mifavorita.com.pa\/2017\/wp-content\/uploads\/2025\/03\/IMG_6682-300x164.jpeg 300w, https:\/\/mifavorita.com.pa\/2017\/wp-content\/uploads\/2025\/03\/IMG_6682-768x419.jpeg 768w, https:\/\/mifavorita.com.pa\/2017\/wp-content\/uploads\/2025\/03\/IMG_6682-700x382.jpeg 700w, https:\/\/mifavorita.com.pa\/2017\/wp-content\/uploads\/2025\/03\/IMG_6682-500x273.jpeg 500w, https:\/\/mifavorita.com.pa\/2017\/wp-content\/uploads\/2025\/03\/IMG_6682.jpeg 1170w\" sizes=\"(max-width: 1024px) 100vw, 1024px\" \/><\/figure>\n\n\n\n<figure class=\"wp-block-image size-large\"><img decoding=\"async\" width=\"1024\" height=\"545\" src=\"https:\/\/mifavorita.com.pa\/2017\/wp-content\/uploads\/2025\/03\/IMG_6684-1024x545.jpeg\" alt=\"\" class=\"wp-image-15996\" srcset=\"https:\/\/mifavorita.com.pa\/2017\/wp-content\/uploads\/2025\/03\/IMG_6684-1024x545.jpeg 1024w, https:\/\/mifavorita.com.pa\/2017\/wp-content\/uploads\/2025\/03\/IMG_6684-300x160.jpeg 300w, https:\/\/mifavorita.com.pa\/2017\/wp-content\/uploads\/2025\/03\/IMG_6684-768x409.jpeg 768w, https:\/\/mifavorita.com.pa\/2017\/wp-content\/uploads\/2025\/03\/IMG_6684-700x373.jpeg 700w, https:\/\/mifavorita.com.pa\/2017\/wp-content\/uploads\/2025\/03\/IMG_6684-500x266.jpeg 500w, https:\/\/mifavorita.com.pa\/2017\/wp-content\/uploads\/2025\/03\/IMG_6684.jpeg 1170w\" sizes=\"(max-width: 1024px) 100vw, 1024px\" \/><\/figure>\n","protected":false},"excerpt":{"rendered":"<p>Un total de 235 boletas fueron aplicadas durante este fin de semana en la provincia de Cocl\u00e9 en las \u00faltimas horas, de la cuales 80 fueron por velocidad, 79 por desatender se\u00f1ales y m\u00e1s de 16 relacionadas al consumo de licor. En ese sentido, la subdirecci\u00f3n de tr\u00e1nsito solicita a los conductores y peatones redoblar [&hellip;]<\/p>\n","protected":false},"author":6,"featured_media":15994,"comment_status":"open","ping_status":"open","sticky":false,"template":"","format":"standard","meta":{"footnotes":""},"categories":[1,37],"tags":[],"class_list":["post-15993","post","type-post","status-publish","format-standard","has-post-thumbnail","hentry","category-noticias","category-policivas"],"_links":{"self":[{"href":"https:\/\/mifavorita.com.pa\/2017\/wp-json\/wp\/v2\/posts\/15993","targetHints":{"allow":["GET"]}}],"collection":[{"href":"https:\/\/mifavorita.com.pa\/2017\/wp-json\/wp\/v2\/posts"}],"about":[{"href":"https:\/\/mifavorita.com.pa\/2017\/wp-json\/wp\/v2\/types\/post"}],"author":[{"embeddable":true,"href":"https:\/\/mifavorita.com.pa\/2017\/wp-json\/wp\/v2\/users\/6"}],"replies":[{"embeddable":true,"href":"https:\/\/mifavorita.com.pa\/2017\/wp-json\/wp\/v2\/comments?post=15993"}],"version-history":[{"count":1,"href":"https:\/\/mifavorita.com.pa\/2017\/wp-json\/wp\/v2\/posts\/15993\/revisions"}],"predecessor-version":[{"id":15997,"href":"https:\/\/mifavorita.com.pa\/2017\/wp-json\/wp\/v2\/posts\/15993\/revisions\/15997"}],"wp:featuredmedia":[{"embeddable":true,"href":"https:\/\/mifavorita.com.pa\/2017\/wp-json\/wp\/v2\/media\/15994"}],"wp:attachment":[{"href":"https:\/\/mifavorita.com.pa\/2017\/wp-json\/wp\/v2\/media?parent=15993"}],"wp:term":[{"taxonomy":"category","embeddable":true,"href":"https:\/\/mifavorita.com.pa\/2017\/wp-json\/wp\/v2\/categories?post=15993"},{"taxonomy":"post_tag","embeddable":true,"href":"https:\/\/mifavorita.com.pa\/2017\/wp-json\/wp\/v2\/tags?post=15993"}],"curies":[{"name":"wp","href":"https:\/\/api.w.org\/{rel}","templated":true}]}}