{"id":16001,"date":"2025-03-10T22:06:25","date_gmt":"2025-03-10T22:06:25","guid":{"rendered":"https:\/\/mifavorita.com.pa\/2017\/?p=16001"},"modified":"2025-03-10T22:07:31","modified_gmt":"2025-03-10T22:07:31","slug":"estudiantes-iniciaron-este-10-de-marzo-el-nuevo-ano-escolar","status":"publish","type":"post","link":"https:\/\/mifavorita.com.pa\/2017\/estudiantes-iniciaron-este-10-de-marzo-el-nuevo-ano-escolar\/","title":{"rendered":"ESTUDIANTES INICIARON ESTE 10 DE MARZO EL NUEVO A\u00d1O ESCOLAR."},"content":{"rendered":"\n<p>Un total de 57 mil 737 estudiantes de la provincia de Cocl\u00e9 regresaron a sus aulas escolares este lunes 10 de marzo para el inicio de un nuevo a\u00f1o escolar en 343 escuelas tanto p\u00fablicas como particulares de los seis distritos de la regi\u00f3n educativa.<\/p>\n\n\n\n<p>Seg\u00fan reportes del Ministerio de Educaci\u00f3n solo una escuela de la provincia no pudo iniciar sus clases de manera regular, la Rub\u00e9n Dar\u00edo Carles Oberto ubicada en Chigor\u00e9 de Penonom\u00e9, en donde se hab\u00edan estado llevando adelante trabajos de reparaci\u00f3n, no obstante esperan se puedan iniciar en la pr\u00f3xima semana.<\/p>\n\n\n\n<p>De igual se inform\u00f3 que las escuelas de El Banquito en Ol\u00e1 y la Pablo Alzamora de Chiguir\u00ed Arriba de Penonom\u00e9 fueron v\u00edctimas de hurtos y vandalismo durante la \u00faltima semana lo que afectar\u00eda el buen desenvolvimiento de las labores escolares.<\/p>\n\n\n\n<p>Yoisy Atencio, directora regional del Meduca destac\u00f3 que este ser\u00eda un a\u00f1o lleno de oportunidades y muchos desaf\u00edos que superar para todas las comunidades educativas, indicando que el apoyo de los padres de familia y docentes ser\u00e1 fundamental para sacar adelante a los estudiantes durante este periodo escolar.<\/p>\n\n\n\n<figure class=\"wp-block-image size-large\"><img fetchpriority=\"high\" decoding=\"async\" width=\"1024\" height=\"576\" src=\"https:\/\/mifavorita.com.pa\/2017\/wp-content\/uploads\/2025\/03\/IMG-20250310-WA0046-1024x576.jpg\" alt=\"\" class=\"wp-image-16003\" srcset=\"https:\/\/mifavorita.com.pa\/2017\/wp-content\/uploads\/2025\/03\/IMG-20250310-WA0046-1024x576.jpg 1024w, https:\/\/mifavorita.com.pa\/2017\/wp-content\/uploads\/2025\/03\/IMG-20250310-WA0046-300x169.jpg 300w, https:\/\/mifavorita.com.pa\/2017\/wp-content\/uploads\/2025\/03\/IMG-20250310-WA0046-768x432.jpg 768w, https:\/\/mifavorita.com.pa\/2017\/wp-content\/uploads\/2025\/03\/IMG-20250310-WA0046-700x394.jpg 700w, https:\/\/mifavorita.com.pa\/2017\/wp-content\/uploads\/2025\/03\/IMG-20250310-WA0046-500x281.jpg 500w, https:\/\/mifavorita.com.pa\/2017\/wp-content\/uploads\/2025\/03\/IMG-20250310-WA0046.jpg 1280w\" sizes=\"(max-width: 1024px) 100vw, 1024px\" \/><\/figure>\n\n\n\n<p>Enfatiz\u00f3 en que durante los \u00faltimos meses se han estado realizando labores de mejoras, pinturas, plomer\u00eda, dotaci\u00f3n de sillas entre otras actividades para garantizar un buen inicio de a\u00f1o escolar en la mayor\u00eda de los planteles, aunque son trabajos que se mantendr\u00e1n durante todo el a\u00f1o.<\/p>\n\n\n\n<p>En el caso espec\u00edfico de la provincia de Cocl\u00e9, la polic\u00eda de Menores, la polic\u00eda de tr\u00e1nsito al igual que autoridades locales e institucionales participaron de los actos de inicio a\u00f1o escolar en distintas escuelas de la provincia para garantizar la seguridad como el inter\u00e9s en el buen desenvolvimiento del proceso educativo.<\/p>\n\n\n\n<p>A nivel nacional unos 980 mil estudiantes se matricularon para el inicio del a\u00f1o 2025 en cerca de 3 mil escuelas, de las cuales 21 no pudieron iniciar clases por problemas con sus infraestructuras, las estad\u00edsticas reflejan que cerca de 50 mil docentes laboran para el Ministerio de Educaci\u00f3n.<\/p>\n","protected":false},"excerpt":{"rendered":"<p>Un total de 57 mil 737 estudiantes de la provincia de Cocl\u00e9 regresaron a sus aulas escolares este lunes 10 de marzo para el inicio de un nuevo a\u00f1o escolar en 343 escuelas tanto p\u00fablicas como particulares de los seis distritos de la regi\u00f3n educativa. Seg\u00fan reportes del Ministerio de Educaci\u00f3n solo una escuela de [&hellip;]<\/p>\n","protected":false},"author":5,"featured_media":16002,"comment_status":"open","ping_status":"open","sticky":false,"template":"","format":"standard","meta":{"footnotes":""},"categories":[17,1],"tags":[],"class_list":["post-16001","post","type-post","status-publish","format-standard","has-post-thumbnail","hentry","category-comunitaria","category-noticias"],"_links":{"self":[{"href":"https:\/\/mifavorita.com.pa\/2017\/wp-json\/wp\/v2\/posts\/16001","targetHints":{"allow":["GET"]}}],"collection":[{"href":"https:\/\/mifavorita.com.pa\/2017\/wp-json\/wp\/v2\/posts"}],"about":[{"href":"https:\/\/mifavorita.com.pa\/2017\/wp-json\/wp\/v2\/types\/post"}],"author":[{"embeddable":true,"href":"https:\/\/mifavorita.com.pa\/2017\/wp-json\/wp\/v2\/users\/5"}],"replies":[{"embeddable":true,"href":"https:\/\/mifavorita.com.pa\/2017\/wp-json\/wp\/v2\/comments?post=16001"}],"version-history":[{"count":1,"href":"https:\/\/mifavorita.com.pa\/2017\/wp-json\/wp\/v2\/posts\/16001\/revisions"}],"predecessor-version":[{"id":16004,"href":"https:\/\/mifavorita.com.pa\/2017\/wp-json\/wp\/v2\/posts\/16001\/revisions\/16004"}],"wp:featuredmedia":[{"embeddable":true,"href":"https:\/\/mifavorita.com.pa\/2017\/wp-json\/wp\/v2\/media\/16002"}],"wp:attachment":[{"href":"https:\/\/mifavorita.com.pa\/2017\/wp-json\/wp\/v2\/media?parent=16001"}],"wp:term":[{"taxonomy":"category","embeddable":true,"href":"https:\/\/mifavorita.com.pa\/2017\/wp-json\/wp\/v2\/categories?post=16001"},{"taxonomy":"post_tag","embeddable":true,"href":"https:\/\/mifavorita.com.pa\/2017\/wp-json\/wp\/v2\/tags?post=16001"}],"curies":[{"name":"wp","href":"https:\/\/api.w.org\/{rel}","templated":true}]}}