{"id":16659,"date":"2025-04-24T18:51:00","date_gmt":"2025-04-24T18:51:00","guid":{"rendered":"https:\/\/mifavorita.com.pa\/2017\/?p=16659"},"modified":"2025-04-24T18:52:31","modified_gmt":"2025-04-24T18:52:31","slug":"trabajadores-de-la-construccion-se-preparan-para-sumarse-a-huelga-nacional-hoy-definiran-la-fecha-en-penonome","status":"publish","type":"post","link":"https:\/\/mifavorita.com.pa\/2017\/trabajadores-de-la-construccion-se-preparan-para-sumarse-a-huelga-nacional-hoy-definiran-la-fecha-en-penonome\/","title":{"rendered":"TRABAJADORES DE LA CONSTRUCCI\u00d3N SE PREPARAN PARA SUMARSE A HUELGA NACIONAL: HOY DEFINIR\u00c1N LA FECHA EN PENONOM\u00c9."},"content":{"rendered":"\n<p><\/p>\n\n\n\n<figure class=\"wp-block-gallery has-nested-images columns-default is-cropped wp-block-gallery-1 is-layout-flex wp-block-gallery-is-layout-flex\">\n<figure class=\"wp-block-image size-large\"><img fetchpriority=\"high\" decoding=\"async\" width=\"600\" height=\"413\" data-id=\"16660\" src=\"https:\/\/mifavorita.com.pa\/2017\/wp-content\/uploads\/2025\/04\/suntracs.jpeg\" alt=\"\" class=\"wp-image-16660\" srcset=\"https:\/\/mifavorita.com.pa\/2017\/wp-content\/uploads\/2025\/04\/suntracs.jpeg 600w, https:\/\/mifavorita.com.pa\/2017\/wp-content\/uploads\/2025\/04\/suntracs-300x207.jpeg 300w, https:\/\/mifavorita.com.pa\/2017\/wp-content\/uploads\/2025\/04\/suntracs-500x344.jpeg 500w\" sizes=\"(max-width: 600px) 100vw, 600px\" \/><\/figure>\n<\/figure>\n\n\n\n<p>Reinaldo, vocero del sector construcci\u00f3n, aclar\u00f3 esta ma\u00f1ana en una entrevista radial que los trabajadores de la industria de la construcci\u00f3n a\u00fan no se han sumado a la huelga nacional que mantienen varios sectores, entre ellos los docentes, pero que hoy definir\u00e1n la fecha para iniciar un paro indefinido.<\/p>\n\n\n\n<p>\u00abNosotros no hemos declarado huelga a\u00fan, por eso los proyectos de construcci\u00f3n siguen operando con normalidad\u00bb, expres\u00f3. Sin embargo, fue enf\u00e1tico en se\u00f1alar que la situaci\u00f3n nacional es insostenible y que los trabajadores de la construcci\u00f3n est\u00e1n listos para tomar acciones.<\/p>\n\n\n\n<figure class=\"wp-block-gallery has-nested-images columns-default is-cropped wp-block-gallery-2 is-layout-flex wp-block-gallery-is-layout-flex\">\n<figure class=\"wp-block-image size-large\"><img decoding=\"async\" width=\"259\" height=\"194\" data-id=\"16661\" src=\"https:\/\/mifavorita.com.pa\/2017\/wp-content\/uploads\/2025\/04\/images-1.jpg\" alt=\"\" class=\"wp-image-16661\"\/><\/figure>\n<\/figure>\n\n\n\n<p>El vocero tambi\u00e9n critic\u00f3 las recientes declaraciones del se\u00f1or Mulino, quien asegur\u00f3 que las obras se est\u00e1n desarrollando con normalidad. \u201cParece que no est\u00e1 en sinton\u00eda con lo que ocurre en el pa\u00eds. Claro que la construcci\u00f3n est\u00e1 activa, porque a\u00fan no hemos hecho el llamado a huelga\u201d, dijo.<\/p>\n\n\n\n<p>Reinaldo destac\u00f3 la labor de los docentes, quienes ya se mantienen en huelga, calific\u00e1ndolos como \u201cpatri\u00f3ticos\u201d por su compromiso en las calles y centros educativos en defensa del pa\u00eds.<\/p>\n\n\n\n<p>Hoy se desarrollar\u00e1n marchas simult\u00e1neas en las provincias de Chiriqu\u00ed, Bocas del Toro, Cocl\u00e9 y Panam\u00e1. En el distrito de Penonom\u00e9 se realizar\u00e1 una asamblea clave con los trabajadores, en la cual se definir\u00e1 la fecha de inicio de la huelga del sector construcci\u00f3n.<\/p>\n\n\n\n<p>\u201cNos reuniremos en el punto conocido como el 99, para informar a la clase trabajadora cu\u00e1ndo nos sumaremos al paro. Esta lucha es de todos\u201d, concluy\u00f3 Reinaldo.<\/p>\n\n\n\n<p>Las palabras de Garc\u00e9s se dan en alusi\u00f3n a lo dicho por el presidente de la Rep\u00fablica Jos\u00e9 Ra\u00fal Mulino en donde dijo que seg\u00fan un informe de la CAPAC se report\u00f3 casi el 100% de la presencia de los trabajadores de la construcci\u00f3n, en sus puestos de trabajo a nivel nacional.<\/p>\n","protected":false},"excerpt":{"rendered":"<p>Reinaldo, vocero del sector construcci\u00f3n, aclar\u00f3 esta ma\u00f1ana en una entrevista radial que los trabajadores de la industria de la construcci\u00f3n a\u00fan no se han sumado a la huelga nacional que mantienen varios sectores, entre ellos los docentes, pero que hoy definir\u00e1n la fecha para iniciar un paro indefinido. \u00abNosotros no hemos declarado huelga a\u00fan, [&hellip;]<\/p>\n","protected":false},"author":7,"featured_media":0,"comment_status":"open","ping_status":"open","sticky":false,"template":"","format":"standard","meta":{"footnotes":""},"categories":[1,33],"tags":[],"class_list":["post-16659","post","type-post","status-publish","format-standard","hentry","category-noticias","category-politica"],"_links":{"self":[{"href":"https:\/\/mifavorita.com.pa\/2017\/wp-json\/wp\/v2\/posts\/16659","targetHints":{"allow":["GET"]}}],"collection":[{"href":"https:\/\/mifavorita.com.pa\/2017\/wp-json\/wp\/v2\/posts"}],"about":[{"href":"https:\/\/mifavorita.com.pa\/2017\/wp-json\/wp\/v2\/types\/post"}],"author":[{"embeddable":true,"href":"https:\/\/mifavorita.com.pa\/2017\/wp-json\/wp\/v2\/users\/7"}],"replies":[{"embeddable":true,"href":"https:\/\/mifavorita.com.pa\/2017\/wp-json\/wp\/v2\/comments?post=16659"}],"version-history":[{"count":1,"href":"https:\/\/mifavorita.com.pa\/2017\/wp-json\/wp\/v2\/posts\/16659\/revisions"}],"predecessor-version":[{"id":16662,"href":"https:\/\/mifavorita.com.pa\/2017\/wp-json\/wp\/v2\/posts\/16659\/revisions\/16662"}],"wp:attachment":[{"href":"https:\/\/mifavorita.com.pa\/2017\/wp-json\/wp\/v2\/media?parent=16659"}],"wp:term":[{"taxonomy":"category","embeddable":true,"href":"https:\/\/mifavorita.com.pa\/2017\/wp-json\/wp\/v2\/categories?post=16659"},{"taxonomy":"post_tag","embeddable":true,"href":"https:\/\/mifavorita.com.pa\/2017\/wp-json\/wp\/v2\/tags?post=16659"}],"curies":[{"name":"wp","href":"https:\/\/api.w.org\/{rel}","templated":true}]}}