{"id":18108,"date":"2025-08-06T18:51:21","date_gmt":"2025-08-06T18:51:21","guid":{"rendered":"https:\/\/mifavorita.com.pa\/2017\/?p=18108"},"modified":"2025-08-06T18:53:34","modified_gmt":"2025-08-06T18:53:34","slug":"edificios-de-la-utp-cocle-avanzan-a-mas-del-70-pese-a-atrasos-por-presupuesto","status":"publish","type":"post","link":"https:\/\/mifavorita.com.pa\/2017\/edificios-de-la-utp-cocle-avanzan-a-mas-del-70-pese-a-atrasos-por-presupuesto\/","title":{"rendered":"EDIFICIOS DE LA UTP COCL\u00c9 AVANZAN A M\u00c1S DEL 70% PESE A ATRASOS POR PRESUPUESTO"},"content":{"rendered":"\n<figure class=\"wp-block-gallery has-nested-images columns-default is-cropped wp-block-gallery-1 is-layout-flex wp-block-gallery-is-layout-flex\">\n<figure class=\"wp-block-image size-large\"><img fetchpriority=\"high\" decoding=\"async\" width=\"1024\" height=\"473\" data-id=\"18109\" src=\"https:\/\/mifavorita.com.pa\/2017\/wp-content\/uploads\/2025\/08\/Imagen-de-WhatsApp-2025-08-06-a-las-13.49.45_0d297ded-1024x473.jpg\" alt=\"\" class=\"wp-image-18109\" srcset=\"https:\/\/mifavorita.com.pa\/2017\/wp-content\/uploads\/2025\/08\/Imagen-de-WhatsApp-2025-08-06-a-las-13.49.45_0d297ded-1024x473.jpg 1024w, https:\/\/mifavorita.com.pa\/2017\/wp-content\/uploads\/2025\/08\/Imagen-de-WhatsApp-2025-08-06-a-las-13.49.45_0d297ded-300x139.jpg 300w, https:\/\/mifavorita.com.pa\/2017\/wp-content\/uploads\/2025\/08\/Imagen-de-WhatsApp-2025-08-06-a-las-13.49.45_0d297ded-768x355.jpg 768w, https:\/\/mifavorita.com.pa\/2017\/wp-content\/uploads\/2025\/08\/Imagen-de-WhatsApp-2025-08-06-a-las-13.49.45_0d297ded-1536x709.jpg 1536w, https:\/\/mifavorita.com.pa\/2017\/wp-content\/uploads\/2025\/08\/Imagen-de-WhatsApp-2025-08-06-a-las-13.49.45_0d297ded-2048x946.jpg 2048w, https:\/\/mifavorita.com.pa\/2017\/wp-content\/uploads\/2025\/08\/Imagen-de-WhatsApp-2025-08-06-a-las-13.49.45_0d297ded-700x323.jpg 700w, https:\/\/mifavorita.com.pa\/2017\/wp-content\/uploads\/2025\/08\/Imagen-de-WhatsApp-2025-08-06-a-las-13.49.45_0d297ded-500x231.jpg 500w\" sizes=\"(max-width: 1024px) 100vw, 1024px\" \/><\/figure>\n<\/figure>\n\n\n\n<p>El proyecto de construcci\u00f3n de dos nuevas edificaciones en el Centro Regional de la Universidad Tecnol\u00f3gica de Panam\u00e1 (UTP) en Cocl\u00e9 muestra avances importantes: la estructura destinada a laboratorios de suelos, materiales y bienes patrimoniales ya supera el 70% de ejecuci\u00f3n y podr\u00eda estar lista para su funcionamiento antes de que finalice el a\u00f1o. En tanto, el edificio principal de aulas y oficinas administrativas alcanza un progreso de aproximadamente 52%.<\/p>\n\n\n\n<p>Ambas infraestructuras, cuya inversi\u00f3n global supera los 9 millones de d\u00f3lares, hab\u00edan sufrido retrasos por situaciones presupuestarias externas al control de la universidad, pero recientemente se han reactivado los trabajos, seg\u00fan explic\u00f3 el director del centro regional, Efra\u00edn Conte.<\/p>\n\n\n\n<figure class=\"wp-block-gallery has-nested-images columns-default is-cropped wp-block-gallery-2 is-layout-flex wp-block-gallery-is-layout-flex\">\n<figure class=\"wp-block-image size-large\"><img decoding=\"async\" width=\"1024\" height=\"473\" data-id=\"18110\" src=\"https:\/\/mifavorita.com.pa\/2017\/wp-content\/uploads\/2025\/08\/Imagen-de-WhatsApp-2025-08-06-a-las-13.49.45_c30e2d3e-1024x473.jpg\" alt=\"\" class=\"wp-image-18110\" srcset=\"https:\/\/mifavorita.com.pa\/2017\/wp-content\/uploads\/2025\/08\/Imagen-de-WhatsApp-2025-08-06-a-las-13.49.45_c30e2d3e-1024x473.jpg 1024w, https:\/\/mifavorita.com.pa\/2017\/wp-content\/uploads\/2025\/08\/Imagen-de-WhatsApp-2025-08-06-a-las-13.49.45_c30e2d3e-300x139.jpg 300w, https:\/\/mifavorita.com.pa\/2017\/wp-content\/uploads\/2025\/08\/Imagen-de-WhatsApp-2025-08-06-a-las-13.49.45_c30e2d3e-768x355.jpg 768w, https:\/\/mifavorita.com.pa\/2017\/wp-content\/uploads\/2025\/08\/Imagen-de-WhatsApp-2025-08-06-a-las-13.49.45_c30e2d3e-1536x709.jpg 1536w, https:\/\/mifavorita.com.pa\/2017\/wp-content\/uploads\/2025\/08\/Imagen-de-WhatsApp-2025-08-06-a-las-13.49.45_c30e2d3e-2048x946.jpg 2048w, https:\/\/mifavorita.com.pa\/2017\/wp-content\/uploads\/2025\/08\/Imagen-de-WhatsApp-2025-08-06-a-las-13.49.45_c30e2d3e-700x323.jpg 700w, https:\/\/mifavorita.com.pa\/2017\/wp-content\/uploads\/2025\/08\/Imagen-de-WhatsApp-2025-08-06-a-las-13.49.45_c30e2d3e-500x231.jpg 500w\" sizes=\"(max-width: 1024px) 100vw, 1024px\" \/><\/figure>\n<\/figure>\n\n\n\n<p>Adem\u00e1s de los edificios, el proyecto incluye la instalaci\u00f3n de un sistema de tratamiento de aguas residuales, ascensor, aire acondicionado central y equipamiento tecnol\u00f3gico, lo que brindar\u00e1 espacios modernos y c\u00f3modos para m\u00e1s de 1,200 estudiantes, personal docente y administrativo.<\/p>\n\n\n\n<p>Las nuevas obras se ubican al frente de la V\u00eda Interamericana (el edificio principal) y en la parte trasera del campus, cerca al INADHE (laboratorios). Conte destac\u00f3 que estas mejoras fortalecer\u00e1n la calidad acad\u00e9mica y el compromiso social y cultural de la universidad con la comunidad coclesana.<\/p>\n\n\n\n<p>La sede actualmente ofrece unas 15 carreras, entre ellas una ingenier\u00eda completa y programas hasta tercer a\u00f1o en otras ramas como ingenier\u00eda civil, con planes de expansi\u00f3n. Tambi\u00e9n se ha implementado el sistema de estudios generales (tronco com\u00fan) para estudiantes de ingenier\u00eda, lo que abre nuevas oportunidades de crecimiento acad\u00e9mico en la regi\u00f3n.<\/p>\n\n\n\n<p><\/p>\n","protected":false},"excerpt":{"rendered":"<p>El proyecto de construcci\u00f3n de dos nuevas edificaciones en el Centro Regional de la Universidad Tecnol\u00f3gica de Panam\u00e1 (UTP) en Cocl\u00e9 muestra avances importantes: la estructura destinada a laboratorios de suelos, materiales y bienes patrimoniales ya supera el 70% de ejecuci\u00f3n y podr\u00eda estar lista para su funcionamiento antes de que finalice el a\u00f1o. En [&hellip;]<\/p>\n","protected":false},"author":7,"featured_media":18109,"comment_status":"open","ping_status":"open","sticky":false,"template":"","format":"standard","meta":{"footnotes":""},"categories":[40,1],"tags":[],"class_list":["post-18108","post","type-post","status-publish","format-standard","has-post-thumbnail","hentry","category-educacion","category-noticias"],"_links":{"self":[{"href":"https:\/\/mifavorita.com.pa\/2017\/wp-json\/wp\/v2\/posts\/18108","targetHints":{"allow":["GET"]}}],"collection":[{"href":"https:\/\/mifavorita.com.pa\/2017\/wp-json\/wp\/v2\/posts"}],"about":[{"href":"https:\/\/mifavorita.com.pa\/2017\/wp-json\/wp\/v2\/types\/post"}],"author":[{"embeddable":true,"href":"https:\/\/mifavorita.com.pa\/2017\/wp-json\/wp\/v2\/users\/7"}],"replies":[{"embeddable":true,"href":"https:\/\/mifavorita.com.pa\/2017\/wp-json\/wp\/v2\/comments?post=18108"}],"version-history":[{"count":1,"href":"https:\/\/mifavorita.com.pa\/2017\/wp-json\/wp\/v2\/posts\/18108\/revisions"}],"predecessor-version":[{"id":18111,"href":"https:\/\/mifavorita.com.pa\/2017\/wp-json\/wp\/v2\/posts\/18108\/revisions\/18111"}],"wp:featuredmedia":[{"embeddable":true,"href":"https:\/\/mifavorita.com.pa\/2017\/wp-json\/wp\/v2\/media\/18109"}],"wp:attachment":[{"href":"https:\/\/mifavorita.com.pa\/2017\/wp-json\/wp\/v2\/media?parent=18108"}],"wp:term":[{"taxonomy":"category","embeddable":true,"href":"https:\/\/mifavorita.com.pa\/2017\/wp-json\/wp\/v2\/categories?post=18108"},{"taxonomy":"post_tag","embeddable":true,"href":"https:\/\/mifavorita.com.pa\/2017\/wp-json\/wp\/v2\/tags?post=18108"}],"curies":[{"name":"wp","href":"https:\/\/api.w.org\/{rel}","templated":true}]}}