{"id":18112,"date":"2025-08-06T19:25:27","date_gmt":"2025-08-06T19:25:27","guid":{"rendered":"https:\/\/mifavorita.com.pa\/2017\/?p=18112"},"modified":"2025-08-06T19:27:31","modified_gmt":"2025-08-06T19:27:31","slug":"capacitaran-a-mediadores-comunitarios-para-casas-de-justicia","status":"publish","type":"post","link":"https:\/\/mifavorita.com.pa\/2017\/capacitaran-a-mediadores-comunitarios-para-casas-de-justicia\/","title":{"rendered":"CAPACITAR\u00c1N A MEDIADORES COMUNITARIOS\u00a0 PARA\u00a0 CASAS DE JUSTICIA."},"content":{"rendered":"\n<p>Hasta el 15 de agosto tienen los aspirantes a ocupar cargos de mediadores comunitarios en las Casas de Justicia Comunitaria de Paz, para inscribirse al curso de capacitaci\u00f3n que desarrollar\u00e1 la Procuradur\u00eda de la Administraci\u00f3n el pr\u00f3ximo mes de septiembre en la provincia de Cocl\u00e9.<\/p>\n\n\n\n<p>Seg\u00fan detall\u00f3 Melquiades Meneses, coordinador de las capacitaciones de la entidad en la provincia de Cocl\u00e9, con la reforma a la Ley 16 a la Ley 467 de Justicia Comunitaria de Paz se instituyeron muchos cambios y entre ellos hay nuevos requisitos para quienes aspiren a distintos cargos en las casas de Justicia de Paz.<\/p>\n\n\n\n<p>Indic\u00f3 que para el caso de los mediadores ahora tienen que tener su certificados de bachillerato es decir haber terminado su sexto a\u00f1os o educaci\u00f3n media completa, ser mayores de 18 a\u00f1os, ser paname\u00f1os y no haber sido condenado por ning\u00fan delito durante los \u00faltimos diez a\u00f1os entre otros.<\/p>\n\n\n\n<p>Es por ellos dijo se han organizado estas capacitaciones que seguramente se realizar\u00e1n del 22 al 26 de septiembre en el Centro Regional Universitario de Cocl\u00e9 por la magnitud del evento y para lo cual las inscripciones estar\u00e1n abiertas hasta el 15 de agosto presentando su solicitud en sede regional de la Procuradur\u00eda de la Administraci\u00f3n en Penonom\u00e9 o llamando al 906-0686.<\/p>\n\n\n\n<p>Meneses adelant\u00f3 que para esta capacitaci\u00f3n que tendr\u00e1 una duraci\u00f3n de cinco d\u00edas y ocho horas diarios, los participantes ser\u00e1n capacitados en temas de mediaci\u00f3n comunitaria, justicia comunitaria, derechos humanos, m\u00e9todos o herramientas de mediaci\u00f3n entre otros temas.<\/p>\n\n\n\n<p>A diferencia de otros a\u00f1os en cada jornada diaria se aplicar\u00e1 una prueba al participante y debe obtener un promedio m\u00ednimo de 70 puntos para pasar cada m\u00f3dulo pues son cinco m\u00f3dulos, uno cada d\u00eda, si al final no logra el puntaje necesario pues no pasar\u00e1 el curso y no obtendr\u00e1 la certificaci\u00f3n.<\/p>\n","protected":false},"excerpt":{"rendered":"<p>Hasta el 15 de agosto tienen los aspirantes a ocupar cargos de mediadores comunitarios en las Casas de Justicia Comunitaria de Paz, para inscribirse al curso de capacitaci\u00f3n que desarrollar\u00e1 la Procuradur\u00eda de la Administraci\u00f3n el pr\u00f3ximo mes de septiembre en la provincia de Cocl\u00e9. Seg\u00fan detall\u00f3 Melquiades Meneses, coordinador de las capacitaciones de la [&hellip;]<\/p>\n","protected":false},"author":5,"featured_media":18113,"comment_status":"open","ping_status":"open","sticky":false,"template":"","format":"standard","meta":{"footnotes":""},"categories":[17,1],"tags":[],"class_list":["post-18112","post","type-post","status-publish","format-standard","has-post-thumbnail","hentry","category-comunitaria","category-noticias"],"_links":{"self":[{"href":"https:\/\/mifavorita.com.pa\/2017\/wp-json\/wp\/v2\/posts\/18112","targetHints":{"allow":["GET"]}}],"collection":[{"href":"https:\/\/mifavorita.com.pa\/2017\/wp-json\/wp\/v2\/posts"}],"about":[{"href":"https:\/\/mifavorita.com.pa\/2017\/wp-json\/wp\/v2\/types\/post"}],"author":[{"embeddable":true,"href":"https:\/\/mifavorita.com.pa\/2017\/wp-json\/wp\/v2\/users\/5"}],"replies":[{"embeddable":true,"href":"https:\/\/mifavorita.com.pa\/2017\/wp-json\/wp\/v2\/comments?post=18112"}],"version-history":[{"count":1,"href":"https:\/\/mifavorita.com.pa\/2017\/wp-json\/wp\/v2\/posts\/18112\/revisions"}],"predecessor-version":[{"id":18114,"href":"https:\/\/mifavorita.com.pa\/2017\/wp-json\/wp\/v2\/posts\/18112\/revisions\/18114"}],"wp:featuredmedia":[{"embeddable":true,"href":"https:\/\/mifavorita.com.pa\/2017\/wp-json\/wp\/v2\/media\/18113"}],"wp:attachment":[{"href":"https:\/\/mifavorita.com.pa\/2017\/wp-json\/wp\/v2\/media?parent=18112"}],"wp:term":[{"taxonomy":"category","embeddable":true,"href":"https:\/\/mifavorita.com.pa\/2017\/wp-json\/wp\/v2\/categories?post=18112"},{"taxonomy":"post_tag","embeddable":true,"href":"https:\/\/mifavorita.com.pa\/2017\/wp-json\/wp\/v2\/tags?post=18112"}],"curies":[{"name":"wp","href":"https:\/\/api.w.org\/{rel}","templated":true}]}}