{"id":18115,"date":"2025-08-06T20:21:17","date_gmt":"2025-08-06T20:21:17","guid":{"rendered":"https:\/\/mifavorita.com.pa\/2017\/?p=18115"},"modified":"2025-08-06T20:23:45","modified_gmt":"2025-08-06T20:23:45","slug":"cinco-estudiantes-coclesanos-iran-a-la-preseleccion-del-concurso-nacional-de-oratoria","status":"publish","type":"post","link":"https:\/\/mifavorita.com.pa\/2017\/cinco-estudiantes-coclesanos-iran-a-la-preseleccion-del-concurso-nacional-de-oratoria\/","title":{"rendered":"CINCO ESTUDIANTES COCLESANOS IR\u00c1N A LA PRESELECCI\u00d3N DEL CONCURSO NACIONAL DE ORATORIA."},"content":{"rendered":"\n<p>Un total de cinco estudiantes de diferentes centros educativos de la provincia de Cocl\u00e9 participaran este a\u00f1o en la preselecci\u00f3n del Concurso Nacional de Oratoria que se realizar\u00e1 el pr\u00f3ximo mes de septiembre en la ciudad capital, este mi\u00e9rcoles se realiz\u00f3 el concurso regional en donde participaron 18 estudiantes.<\/p>\n\n\n\n<p>Con el tema <strong><em>\u201cAlfabetizaci\u00f3n Constitucional: El poder transformador de la juventud en la construcci\u00f3n de una nueva constituci\u00f3n para el Panam\u00e1 que so\u00f1amos\u201d<\/em><\/strong>. 18 j\u00f3venes de distintos colegios de educaci\u00f3n media de la provincia se enfrentaron en el Auditorio de la Universidad Tecnol\u00f3gica de Panam\u00e1, sede Cocl\u00e9 con el inter\u00e9s de representar a la provincia en este importante certamen.<\/p>\n\n\n\n<figure class=\"wp-block-image size-large\"><img fetchpriority=\"high\" decoding=\"async\" width=\"1024\" height=\"461\" src=\"https:\/\/mifavorita.com.pa\/2017\/wp-content\/uploads\/2025\/08\/IMG-20250806-WA0124-1-1024x461.jpg\" alt=\"\" class=\"wp-image-18118\" srcset=\"https:\/\/mifavorita.com.pa\/2017\/wp-content\/uploads\/2025\/08\/IMG-20250806-WA0124-1-1024x461.jpg 1024w, https:\/\/mifavorita.com.pa\/2017\/wp-content\/uploads\/2025\/08\/IMG-20250806-WA0124-1-300x135.jpg 300w, https:\/\/mifavorita.com.pa\/2017\/wp-content\/uploads\/2025\/08\/IMG-20250806-WA0124-1-768x346.jpg 768w, https:\/\/mifavorita.com.pa\/2017\/wp-content\/uploads\/2025\/08\/IMG-20250806-WA0124-1-700x315.jpg 700w, https:\/\/mifavorita.com.pa\/2017\/wp-content\/uploads\/2025\/08\/IMG-20250806-WA0124-1-500x225.jpg 500w, https:\/\/mifavorita.com.pa\/2017\/wp-content\/uploads\/2025\/08\/IMG-20250806-WA0124-1.jpg 1280w\" sizes=\"(max-width: 1024px) 100vw, 1024px\" \/><\/figure>\n\n\n\n<p>Al final el jurado seleccion\u00f3 a cinco estudiantes con ellos Nathaly Saavedra de la Escuela Secundaria \u00c1ngel Mar\u00eda Herrera, C\u00e9sar Soto del Instituto de Marina Mercante Biling\u00fce de Cocl\u00e9, Omaira S\u00e1nchez del Colegio San Agust\u00edn, Joel L\u00f3pez del Colegio Carmen Conte Lombardo y Anneth Dom\u00ednguez de la Academia Santa Rosa de Lima.<\/p>\n\n\n\n<p>Edgar Alderete Coordinador General del Concurso Nacional de Oratoria, destac\u00f3 que estos cinco estudiantes ir\u00e1n a la preselecci\u00f3n nacional el pr\u00f3ximo 9, 10y 11 de septiembre que en dos fases la improvisaci\u00f3n y desempe\u00f1o espontaneo demostrar\u00e1n que pueden ser parte dela gran final que ser\u00e1 en el mes de noviembre.<\/p>\n\n\n\n<p>Indic\u00f3 que en esta selecci\u00f3n regional a los 18 participantes se les calific\u00f3 9 aspectos importantes en temas de lenguaje, proyecci\u00f3n y contenido del tema constitucional en donde se ha confirmado que el 95% de los paname\u00f1os desconoce lo que dice la Constituci\u00f3n y principalmente en materia de derechos humanos por lo que es vital que los j\u00f3venes se interesen en este tema que ser\u00e1 llevado a discusi\u00f3n a nivel nacional.<\/p>\n\n\n\n<figure class=\"wp-block-image size-large\"><img decoding=\"async\" width=\"1024\" height=\"576\" src=\"https:\/\/mifavorita.com.pa\/2017\/wp-content\/uploads\/2025\/08\/IMG-20250806-WA0122-1024x576.jpg\" alt=\"\" class=\"wp-image-18119\" srcset=\"https:\/\/mifavorita.com.pa\/2017\/wp-content\/uploads\/2025\/08\/IMG-20250806-WA0122-1024x576.jpg 1024w, https:\/\/mifavorita.com.pa\/2017\/wp-content\/uploads\/2025\/08\/IMG-20250806-WA0122-300x169.jpg 300w, https:\/\/mifavorita.com.pa\/2017\/wp-content\/uploads\/2025\/08\/IMG-20250806-WA0122-768x432.jpg 768w, https:\/\/mifavorita.com.pa\/2017\/wp-content\/uploads\/2025\/08\/IMG-20250806-WA0122-700x394.jpg 700w, https:\/\/mifavorita.com.pa\/2017\/wp-content\/uploads\/2025\/08\/IMG-20250806-WA0122-500x281.jpg 500w, https:\/\/mifavorita.com.pa\/2017\/wp-content\/uploads\/2025\/08\/IMG-20250806-WA0122.jpg 1280w\" sizes=\"(max-width: 1024px) 100vw, 1024px\" \/><\/figure>\n\n\n\n<p>Joicy Atencio, directora regional del Ministerio de Educaci\u00f3n se\u00f1al\u00f3 que este tipo de concursos es muy importante porque fortalece las competencias de los estudiantes en m\u00faltiples factores de esa formaci\u00f3n integral que es los que busca la entidad con el apoyo de docentes y padres de familia.<\/p>\n\n\n\n<p>En tanto que Kenia de Tu\u00f1\u00f3n, coordinadora regional del Concurso de Oratoria por parte del Meduca dijo que este fue un proceso que inici\u00f3 en marzo y a pesar de las situaciones enfrentadas en el proceso se logr\u00f3 la participaci\u00f3n de 18 estudiantes que junto a sus asesores lograron prepararse e investigar sobre el tema y hacer unas muy buenas presentaciones.<\/p>\n\n\n\n<p>Joel Pa\u00fal L\u00f3pez, en representaci\u00f3n del Instituto Carmen Conte Lombardo, dijo sentirse muy contento y satisfecho por esta tremenda experiencia que es una oportunidad m\u00e1s para desenvolverse en la oratoria que le gusta mucho, sobre todo en un tema tan importante como lo es la necesidad de los cambios constitucionales.<\/p>\n","protected":false},"excerpt":{"rendered":"<p>Un total de cinco estudiantes de diferentes centros educativos de la provincia de Cocl\u00e9 participaran este a\u00f1o en la preselecci\u00f3n del Concurso Nacional de Oratoria que se realizar\u00e1 el pr\u00f3ximo mes de septiembre en la ciudad capital, este mi\u00e9rcoles se realiz\u00f3 el concurso regional en donde participaron 18 estudiantes. Con el tema \u201cAlfabetizaci\u00f3n Constitucional: El [&hellip;]<\/p>\n","protected":false},"author":5,"featured_media":18116,"comment_status":"open","ping_status":"open","sticky":false,"template":"","format":"standard","meta":{"footnotes":""},"categories":[40,1],"tags":[],"class_list":["post-18115","post","type-post","status-publish","format-standard","has-post-thumbnail","hentry","category-educacion","category-noticias"],"_links":{"self":[{"href":"https:\/\/mifavorita.com.pa\/2017\/wp-json\/wp\/v2\/posts\/18115","targetHints":{"allow":["GET"]}}],"collection":[{"href":"https:\/\/mifavorita.com.pa\/2017\/wp-json\/wp\/v2\/posts"}],"about":[{"href":"https:\/\/mifavorita.com.pa\/2017\/wp-json\/wp\/v2\/types\/post"}],"author":[{"embeddable":true,"href":"https:\/\/mifavorita.com.pa\/2017\/wp-json\/wp\/v2\/users\/5"}],"replies":[{"embeddable":true,"href":"https:\/\/mifavorita.com.pa\/2017\/wp-json\/wp\/v2\/comments?post=18115"}],"version-history":[{"count":1,"href":"https:\/\/mifavorita.com.pa\/2017\/wp-json\/wp\/v2\/posts\/18115\/revisions"}],"predecessor-version":[{"id":18120,"href":"https:\/\/mifavorita.com.pa\/2017\/wp-json\/wp\/v2\/posts\/18115\/revisions\/18120"}],"wp:featuredmedia":[{"embeddable":true,"href":"https:\/\/mifavorita.com.pa\/2017\/wp-json\/wp\/v2\/media\/18116"}],"wp:attachment":[{"href":"https:\/\/mifavorita.com.pa\/2017\/wp-json\/wp\/v2\/media?parent=18115"}],"wp:term":[{"taxonomy":"category","embeddable":true,"href":"https:\/\/mifavorita.com.pa\/2017\/wp-json\/wp\/v2\/categories?post=18115"},{"taxonomy":"post_tag","embeddable":true,"href":"https:\/\/mifavorita.com.pa\/2017\/wp-json\/wp\/v2\/tags?post=18115"}],"curies":[{"name":"wp","href":"https:\/\/api.w.org\/{rel}","templated":true}]}}