{"id":19272,"date":"2025-10-20T17:13:37","date_gmt":"2025-10-20T17:13:37","guid":{"rendered":"https:\/\/mifavorita.com.pa\/2017\/?p=19272"},"modified":"2025-10-20T17:20:03","modified_gmt":"2025-10-20T17:20:03","slug":"aguadulce-celebro-en-grande-su-fiesta-de-fundacion","status":"publish","type":"post","link":"https:\/\/mifavorita.com.pa\/2017\/aguadulce-celebro-en-grande-su-fiesta-de-fundacion\/","title":{"rendered":"AGUADULCE CELEBR\u00d3 EN GRANDE SU FIESTA DE FUNDACI\u00d3N."},"content":{"rendered":"\n<p>Con mucho entusiasmo y con bastante normalidad se llevaron a cabo las festividades dedicadas a los 177 a\u00f1os de fundaci\u00f3n del distrito de Aguadulce este &nbsp;fin de semana, durante los que se vivi\u00f3 una feria agroindustrial y cultural, sesi\u00f3n solemne del Concejo Municipal, desfile c\u00edvico y desfile folcl\u00f3rico con la participaci\u00f3n de gran cantidad de p\u00fablico y autoridades.<\/p>\n\n\n\n<p>Un total de nueve personas fueron reconocidas como hijos meritorios del distrito por sus logros, y trayectoria y aportes al desarrollo de sus comunidades desde distintos \u00e1mbitos entre los que sobresalen el deporte, la cultura, salud, desarrollo comunitario empresarial entre otros.<\/p>\n\n\n\n<figure class=\"wp-block-image size-large\"><img fetchpriority=\"high\" decoding=\"async\" width=\"576\" height=\"1024\" src=\"https:\/\/mifavorita.com.pa\/2017\/wp-content\/uploads\/2025\/10\/IMG-20251020-WA00961-576x1024.jpg\" alt=\"\" class=\"wp-image-19275\" srcset=\"https:\/\/mifavorita.com.pa\/2017\/wp-content\/uploads\/2025\/10\/IMG-20251020-WA00961-576x1024.jpg 576w, https:\/\/mifavorita.com.pa\/2017\/wp-content\/uploads\/2025\/10\/IMG-20251020-WA00961-169x300.jpg 169w, https:\/\/mifavorita.com.pa\/2017\/wp-content\/uploads\/2025\/10\/IMG-20251020-WA00961-700x1244.jpg 700w, https:\/\/mifavorita.com.pa\/2017\/wp-content\/uploads\/2025\/10\/IMG-20251020-WA00961-500x889.jpg 500w, https:\/\/mifavorita.com.pa\/2017\/wp-content\/uploads\/2025\/10\/IMG-20251020-WA00961.jpg 720w\" sizes=\"(max-width: 576px) 100vw, 576px\" \/><\/figure>\n\n\n\n<p>Fueron reconocidos como hijos meritorios Manuel Cendon de Aguadulce cabecera, \u00c1mbar C\u00f3rdoba por Barrios Unidos, Nicomedes Bonilla de Pinz\u00f3n de Pocr\u00ed, Carlos Delgado de El Roble, Luis Barba de El Cristo, Robinson Calder\u00f3n por Virgen del Carmen, santos De Le\u00f3n por Pueblos Unidos, Ra\u00fal Valderrama por Hato San J\u00faa&nbsp; de Dios y Enrique Jim\u00e9nez reconocido por parte de la alcald\u00eda.<\/p>\n\n\n\n<p>Para el s\u00e1bado 18 de octubre se realiz\u00f3 un acto protocolar de izada de bandera y gran desfile c\u00edvico en el que participaron m\u00e1s de 60 delegaciones estudiantiles adem\u00e1s de bandas independientes de todo el pa\u00eds, el abanderado de este d\u00eda fue el ministro de Obras P\u00fablicas Jos\u00e9 Luis Andrade.<\/p>\n\n\n\n<figure class=\"wp-block-image size-large\"><img decoding=\"async\" width=\"576\" height=\"1024\" src=\"https:\/\/mifavorita.com.pa\/2017\/wp-content\/uploads\/2025\/10\/IMG-20251020-WA0088-576x1024.jpg\" alt=\"\" class=\"wp-image-19277\" srcset=\"https:\/\/mifavorita.com.pa\/2017\/wp-content\/uploads\/2025\/10\/IMG-20251020-WA0088-576x1024.jpg 576w, https:\/\/mifavorita.com.pa\/2017\/wp-content\/uploads\/2025\/10\/IMG-20251020-WA0088-169x300.jpg 169w, https:\/\/mifavorita.com.pa\/2017\/wp-content\/uploads\/2025\/10\/IMG-20251020-WA0088-700x1244.jpg 700w, https:\/\/mifavorita.com.pa\/2017\/wp-content\/uploads\/2025\/10\/IMG-20251020-WA0088-500x889.jpg 500w, https:\/\/mifavorita.com.pa\/2017\/wp-content\/uploads\/2025\/10\/IMG-20251020-WA0088.jpg 720w\" sizes=\"(max-width: 576px) 100vw, 576px\" \/><\/figure>\n\n\n\n<p>El domingo m\u00e1s de 20 delegaciones folcl\u00f3ricas de distintos corregimientos e invitados especiales de instituciones p\u00fablicas, empresas privadas, adem\u00e1s de agrupaciones folcl\u00f3ricas de todo el pa\u00eds en un lucido desfile que a pesar de las lluvias que se dejaron caer por estos d\u00edas no mermaron la participaci\u00f3n de gran cantidad de ciudadanos que estuvieron custodiados de cerca por la Polic\u00eda Nacional que despleg\u00f3 un operativo para garantizar la seguridad de los propios y visitantes.<\/p>\n","protected":false},"excerpt":{"rendered":"<p>Con mucho entusiasmo y con bastante normalidad se llevaron a cabo las festividades dedicadas a los 177 a\u00f1os de fundaci\u00f3n del distrito de Aguadulce este &nbsp;fin de semana, durante los que se vivi\u00f3 una feria agroindustrial y cultural, sesi\u00f3n solemne del Concejo Municipal, desfile c\u00edvico y desfile folcl\u00f3rico con la participaci\u00f3n de gran cantidad de [&hellip;]<\/p>\n","protected":false},"author":5,"featured_media":19274,"comment_status":"open","ping_status":"open","sticky":false,"template":"","format":"standard","meta":{"footnotes":""},"categories":[17,1],"tags":[],"class_list":["post-19272","post","type-post","status-publish","format-standard","has-post-thumbnail","hentry","category-comunitaria","category-noticias"],"_links":{"self":[{"href":"https:\/\/mifavorita.com.pa\/2017\/wp-json\/wp\/v2\/posts\/19272","targetHints":{"allow":["GET"]}}],"collection":[{"href":"https:\/\/mifavorita.com.pa\/2017\/wp-json\/wp\/v2\/posts"}],"about":[{"href":"https:\/\/mifavorita.com.pa\/2017\/wp-json\/wp\/v2\/types\/post"}],"author":[{"embeddable":true,"href":"https:\/\/mifavorita.com.pa\/2017\/wp-json\/wp\/v2\/users\/5"}],"replies":[{"embeddable":true,"href":"https:\/\/mifavorita.com.pa\/2017\/wp-json\/wp\/v2\/comments?post=19272"}],"version-history":[{"count":1,"href":"https:\/\/mifavorita.com.pa\/2017\/wp-json\/wp\/v2\/posts\/19272\/revisions"}],"predecessor-version":[{"id":19278,"href":"https:\/\/mifavorita.com.pa\/2017\/wp-json\/wp\/v2\/posts\/19272\/revisions\/19278"}],"wp:featuredmedia":[{"embeddable":true,"href":"https:\/\/mifavorita.com.pa\/2017\/wp-json\/wp\/v2\/media\/19274"}],"wp:attachment":[{"href":"https:\/\/mifavorita.com.pa\/2017\/wp-json\/wp\/v2\/media?parent=19272"}],"wp:term":[{"taxonomy":"category","embeddable":true,"href":"https:\/\/mifavorita.com.pa\/2017\/wp-json\/wp\/v2\/categories?post=19272"},{"taxonomy":"post_tag","embeddable":true,"href":"https:\/\/mifavorita.com.pa\/2017\/wp-json\/wp\/v2\/tags?post=19272"}],"curies":[{"name":"wp","href":"https:\/\/api.w.org\/{rel}","templated":true}]}}