{"id":19280,"date":"2025-10-20T18:26:30","date_gmt":"2025-10-20T18:26:30","guid":{"rendered":"https:\/\/mifavorita.com.pa\/2017\/?p=19280"},"modified":"2025-10-20T18:26:30","modified_gmt":"2025-10-20T18:26:30","slug":"ola-celebro-su-cumpleanos-numero-469","status":"publish","type":"post","link":"https:\/\/mifavorita.com.pa\/2017\/ola-celebro-su-cumpleanos-numero-469\/","title":{"rendered":"OL\u00c1 CELEBR\u00d3 SU CUMPLEA\u00d1OS N\u00daMERO 469."},"content":{"rendered":"\n<p>Los olae\u00f1os celebraron el 18 de octubre sus 469 a\u00f1os de fundaci\u00f3n con diversas actividades entre las que se destacan una misa de acci\u00f3n de gracias en la parroquia San Lucas, santo patrono de la comunidad, actos protocolares, desfile c\u00edvico, exposiciones agr\u00edcolas y un gran desfile folcl\u00f3rico que cerr\u00f3 las actividades el domingo 19 de octubre.<\/p>\n\n\n\n<p>La misa que fue oficiada por el Obispo de di\u00f3cesis de Penonom\u00e9, Monse\u00f1or Edgardo Cede\u00f1o sirvi\u00f3 de marco para que el prelado hiciera un llamado a las autoridades y a la poblaci\u00f3n a esmerarse en formar hogares dignos, pero tambi\u00e9n a trabajar por lograrlos y que no solo el gobierno el que de todo.<\/p>\n\n\n\n<figure class=\"wp-block-image size-large\"><img fetchpriority=\"high\" decoding=\"async\" width=\"1024\" height=\"461\" src=\"https:\/\/mifavorita.com.pa\/2017\/wp-content\/uploads\/2025\/10\/1760979108785-1024x461.jpg\" alt=\"\" class=\"wp-image-19282\" srcset=\"https:\/\/mifavorita.com.pa\/2017\/wp-content\/uploads\/2025\/10\/1760979108785-1024x461.jpg 1024w, https:\/\/mifavorita.com.pa\/2017\/wp-content\/uploads\/2025\/10\/1760979108785-300x135.jpg 300w, https:\/\/mifavorita.com.pa\/2017\/wp-content\/uploads\/2025\/10\/1760979108785-768x346.jpg 768w, https:\/\/mifavorita.com.pa\/2017\/wp-content\/uploads\/2025\/10\/1760979108785-1536x691.jpg 1536w, https:\/\/mifavorita.com.pa\/2017\/wp-content\/uploads\/2025\/10\/1760979108785-2048x922.jpg 2048w, https:\/\/mifavorita.com.pa\/2017\/wp-content\/uploads\/2025\/10\/1760979108785-700x315.jpg 700w, https:\/\/mifavorita.com.pa\/2017\/wp-content\/uploads\/2025\/10\/1760979108785-500x225.jpg 500w\" sizes=\"(max-width: 1024px) 100vw, 1024px\" \/><\/figure>\n\n\n\n<p>Y es que el abanderado de esta celebraci\u00f3n fue el ministro de Vivienda y Ordenamiento Territorial &nbsp;Jaime Jovan\u00e9, quien manifest\u00f3 que aprobaron la construcci\u00f3n de 10 viviendas de inter\u00e9s social para familias de escasos recursos y solicit\u00f3 al alcalde la consecuci\u00f3n de un terreno para la construcci\u00f3n de un complejo habitacional para los olae\u00f1os que califiquen para el proyecto de lograrse la tierra.<\/p>\n\n\n\n<p>La celebraci\u00f3n tambi\u00e9n sirvi\u00f3 de marco para el anuncio de varios proyectos dado a conocer por la diputada del circuito 2-3 Nat\u00e1 Ol\u00e1 La Pintada, Dana Casta\u00f1eda quien adelant\u00f3 que ya est\u00e1 en construcci\u00f3n la carretera de El Palmar un proyecto cuyo costo alcanza los 10 millones de d\u00f3lares pero tambi\u00e9n incluye un proyecto a Tul\u00fa y tambi\u00e9n se dio inicio al Mercado P\u00fablico de Ol\u00e1.<\/p>\n\n\n\n<figure class=\"wp-block-image size-large\"><img decoding=\"async\" width=\"1024\" height=\"461\" src=\"https:\/\/mifavorita.com.pa\/2017\/wp-content\/uploads\/2025\/10\/IMG-20251020-WA0117-1024x461.jpg\" alt=\"\" class=\"wp-image-19283\" srcset=\"https:\/\/mifavorita.com.pa\/2017\/wp-content\/uploads\/2025\/10\/IMG-20251020-WA0117-1024x461.jpg 1024w, https:\/\/mifavorita.com.pa\/2017\/wp-content\/uploads\/2025\/10\/IMG-20251020-WA0117-300x135.jpg 300w, https:\/\/mifavorita.com.pa\/2017\/wp-content\/uploads\/2025\/10\/IMG-20251020-WA0117-768x346.jpg 768w, https:\/\/mifavorita.com.pa\/2017\/wp-content\/uploads\/2025\/10\/IMG-20251020-WA0117-700x315.jpg 700w, https:\/\/mifavorita.com.pa\/2017\/wp-content\/uploads\/2025\/10\/IMG-20251020-WA0117-500x225.jpg 500w, https:\/\/mifavorita.com.pa\/2017\/wp-content\/uploads\/2025\/10\/IMG-20251020-WA0117.jpg 1280w\" sizes=\"(max-width: 1024px) 100vw, 1024px\" \/><\/figure>\n\n\n\n<p>La Hija meritoria distinguida durante esta celebraci\u00f3n fue la Profesora Rosa Eleida Villalba Rodr\u00edguez, quien ha destacado por sus aportes a la comunidad en materia de educaci\u00f3n y tambi\u00e9n en la cultura.<\/p>\n\n\n\n<p>Cerca de una docena de escuelas y colegios del distrito y comunidades vecinas participaron del desfile c\u00edvico celebrado el 18 de octubre, en donde docentes y estudiantes rindieron honores al distrito en sus 469 a\u00f1os de fundaci\u00f3n.<\/p>\n\n\n\n<figure class=\"wp-block-image size-large\"><img decoding=\"async\" width=\"461\" height=\"1024\" src=\"https:\/\/mifavorita.com.pa\/2017\/wp-content\/uploads\/2025\/10\/1760979108656-461x1024.jpg\" alt=\"\" class=\"wp-image-19284\" srcset=\"https:\/\/mifavorita.com.pa\/2017\/wp-content\/uploads\/2025\/10\/1760979108656-461x1024.jpg 461w, https:\/\/mifavorita.com.pa\/2017\/wp-content\/uploads\/2025\/10\/1760979108656-135x300.jpg 135w, https:\/\/mifavorita.com.pa\/2017\/wp-content\/uploads\/2025\/10\/1760979108656-768x1707.jpg 768w, https:\/\/mifavorita.com.pa\/2017\/wp-content\/uploads\/2025\/10\/1760979108656-691x1536.jpg 691w, https:\/\/mifavorita.com.pa\/2017\/wp-content\/uploads\/2025\/10\/1760979108656-922x2048.jpg 922w, https:\/\/mifavorita.com.pa\/2017\/wp-content\/uploads\/2025\/10\/1760979108656-700x1556.jpg 700w, https:\/\/mifavorita.com.pa\/2017\/wp-content\/uploads\/2025\/10\/1760979108656-500x1111.jpg 500w, https:\/\/mifavorita.com.pa\/2017\/wp-content\/uploads\/2025\/10\/1760979108656-scaled.jpg 1152w\" sizes=\"(max-width: 461px) 100vw, 461px\" \/><\/figure>\n\n\n\n<p>Las festividades culminaron con un lucido desfile folcl\u00f3rico el domingo 19 de octubre en donde grupos culturales y folcl\u00f3ricos de los distintos corregimientos presentaron sus ranchos y delegaciones.<\/p>\n\n\n\n<p><\/p>\n","protected":false},"excerpt":{"rendered":"<p>Los olae\u00f1os celebraron el 18 de octubre sus 469 a\u00f1os de fundaci\u00f3n con diversas actividades entre las que se destacan una misa de acci\u00f3n de gracias en la parroquia San Lucas, santo patrono de la comunidad, actos protocolares, desfile c\u00edvico, exposiciones agr\u00edcolas y un gran desfile folcl\u00f3rico que cerr\u00f3 las actividades el domingo 19 de [&hellip;]<\/p>\n","protected":false},"author":5,"featured_media":19281,"comment_status":"open","ping_status":"open","sticky":false,"template":"","format":"standard","meta":{"footnotes":""},"categories":[17,1],"tags":[],"class_list":["post-19280","post","type-post","status-publish","format-standard","has-post-thumbnail","hentry","category-comunitaria","category-noticias"],"_links":{"self":[{"href":"https:\/\/mifavorita.com.pa\/2017\/wp-json\/wp\/v2\/posts\/19280","targetHints":{"allow":["GET"]}}],"collection":[{"href":"https:\/\/mifavorita.com.pa\/2017\/wp-json\/wp\/v2\/posts"}],"about":[{"href":"https:\/\/mifavorita.com.pa\/2017\/wp-json\/wp\/v2\/types\/post"}],"author":[{"embeddable":true,"href":"https:\/\/mifavorita.com.pa\/2017\/wp-json\/wp\/v2\/users\/5"}],"replies":[{"embeddable":true,"href":"https:\/\/mifavorita.com.pa\/2017\/wp-json\/wp\/v2\/comments?post=19280"}],"version-history":[{"count":2,"href":"https:\/\/mifavorita.com.pa\/2017\/wp-json\/wp\/v2\/posts\/19280\/revisions"}],"predecessor-version":[{"id":19286,"href":"https:\/\/mifavorita.com.pa\/2017\/wp-json\/wp\/v2\/posts\/19280\/revisions\/19286"}],"wp:featuredmedia":[{"embeddable":true,"href":"https:\/\/mifavorita.com.pa\/2017\/wp-json\/wp\/v2\/media\/19281"}],"wp:attachment":[{"href":"https:\/\/mifavorita.com.pa\/2017\/wp-json\/wp\/v2\/media?parent=19280"}],"wp:term":[{"taxonomy":"category","embeddable":true,"href":"https:\/\/mifavorita.com.pa\/2017\/wp-json\/wp\/v2\/categories?post=19280"},{"taxonomy":"post_tag","embeddable":true,"href":"https:\/\/mifavorita.com.pa\/2017\/wp-json\/wp\/v2\/tags?post=19280"}],"curies":[{"name":"wp","href":"https:\/\/api.w.org\/{rel}","templated":true}]}}