{"id":19288,"date":"2025-10-20T19:15:42","date_gmt":"2025-10-20T19:15:42","guid":{"rendered":"https:\/\/mifavorita.com.pa\/2017\/?p=19288"},"modified":"2025-10-20T19:30:25","modified_gmt":"2025-10-20T19:30:25","slug":"anton-se-luce-en-su-desfile-de-carretas-por-el-quincuagesimo-cuarto-festival-del-toro-guapo","status":"publish","type":"post","link":"https:\/\/mifavorita.com.pa\/2017\/anton-se-luce-en-su-desfile-de-carretas-por-el-quincuagesimo-cuarto-festival-del-toro-guapo\/","title":{"rendered":"ANT\u00d3N SE LUCE EN SU DESFILE DE CARRETAS POR EL QUINCUAG\u00c9SIMO CUARTO FESTIVAL DEL TORO GUAPO"},"content":{"rendered":"\n<p>Con una nutrida participaci\u00f3n de 19 delegaciones se desarroll\u00f3 el desfile de carretas del quincuag\u00e9simo cuarto Festival Nacional del Toro Guapo de Ant\u00f3n, el cual fue encabezado por el abanderado designado por el patronato, el ingeniero Diego Vallarino Lewis, que al son del almirez, salieron a recorrer las calles del pueblo bajo una pertinaz llovizna.<\/p>\n\n\n\n<figure class=\"wp-block-image size-large\"><img fetchpriority=\"high\" decoding=\"async\" width=\"1024\" height=\"576\" src=\"https:\/\/mifavorita.com.pa\/2017\/wp-content\/uploads\/2025\/10\/PHOTO-2025-10-20-14-12-00-1024x576.jpg\" alt=\"\" class=\"wp-image-19290\" srcset=\"https:\/\/mifavorita.com.pa\/2017\/wp-content\/uploads\/2025\/10\/PHOTO-2025-10-20-14-12-00-1024x576.jpg 1024w, https:\/\/mifavorita.com.pa\/2017\/wp-content\/uploads\/2025\/10\/PHOTO-2025-10-20-14-12-00-300x169.jpg 300w, https:\/\/mifavorita.com.pa\/2017\/wp-content\/uploads\/2025\/10\/PHOTO-2025-10-20-14-12-00-768x432.jpg 768w, https:\/\/mifavorita.com.pa\/2017\/wp-content\/uploads\/2025\/10\/PHOTO-2025-10-20-14-12-00-1536x864.jpg 1536w, https:\/\/mifavorita.com.pa\/2017\/wp-content\/uploads\/2025\/10\/PHOTO-2025-10-20-14-12-00-700x394.jpg 700w, https:\/\/mifavorita.com.pa\/2017\/wp-content\/uploads\/2025\/10\/PHOTO-2025-10-20-14-12-00-500x281.jpg 500w, https:\/\/mifavorita.com.pa\/2017\/wp-content\/uploads\/2025\/10\/PHOTO-2025-10-20-14-12-00.jpg 1600w\" sizes=\"(max-width: 1024px) 100vw, 1024px\" \/><\/figure>\n\n\n\n<p>Pasadas las horas, el sol radiante cubri\u00f3 a cada uno de los participantes de este desfile, tanto de las delegaciones como el p\u00fablico que emocionado esperaba cada presentaci\u00f3n de los conjuntos musicales y agrupaciones folcl\u00f3ricas.<\/p>\n\n\n\n<p>Dentro de las delegaciones se presentaron diversas carretas con alegor\u00edas propias de Ant\u00f3n: toros, instrumentos t\u00edpicos, portales de la campi\u00f1a, entre otros, acompa\u00f1ados de bellas empolleradas y galantes caballeros; tambi\u00e9n los m\u00e1s peque\u00f1os, aprovecharon para lucir sus vestuarios y disfrutar de sus tradiciones.<\/p>\n\n\n\n<figure class=\"wp-block-image size-large\"><img decoding=\"async\" width=\"1024\" height=\"576\" src=\"https:\/\/mifavorita.com.pa\/2017\/wp-content\/uploads\/2025\/10\/1000114933-1024x576.jpg\" alt=\"\" class=\"wp-image-19291\" srcset=\"https:\/\/mifavorita.com.pa\/2017\/wp-content\/uploads\/2025\/10\/1000114933-1024x576.jpg 1024w, https:\/\/mifavorita.com.pa\/2017\/wp-content\/uploads\/2025\/10\/1000114933-300x169.jpg 300w, https:\/\/mifavorita.com.pa\/2017\/wp-content\/uploads\/2025\/10\/1000114933-768x432.jpg 768w, https:\/\/mifavorita.com.pa\/2017\/wp-content\/uploads\/2025\/10\/1000114933-1536x864.jpg 1536w, https:\/\/mifavorita.com.pa\/2017\/wp-content\/uploads\/2025\/10\/1000114933-2048x1152.jpg 2048w, https:\/\/mifavorita.com.pa\/2017\/wp-content\/uploads\/2025\/10\/1000114933-700x394.jpg 700w, https:\/\/mifavorita.com.pa\/2017\/wp-content\/uploads\/2025\/10\/1000114933-500x281.jpg 500w\" sizes=\"(max-width: 1024px) 100vw, 1024px\" \/><\/figure>\n\n\n\n<p>En el desfile, se destac\u00f3 la presentaci\u00f3n de la princesa y la reina infantil, M\u00eda Bernal, y su real majestad Victoria Chir\u00fa, al igual que las princesas juveniles, Luc\u00eda Mart\u00ednez, Yanarys Ortega y Vianeth Pinz\u00f3n, cada una con sus abanderados e invitados especiales.<\/p>\n\n\n\n<figure class=\"wp-block-gallery has-nested-images columns-default is-cropped wp-block-gallery-1 is-layout-flex wp-block-gallery-is-layout-flex\">\n<figure class=\"wp-block-image size-large\"><img decoding=\"async\" width=\"1024\" height=\"576\" data-id=\"19308\" src=\"https:\/\/mifavorita.com.pa\/2017\/wp-content\/uploads\/2025\/10\/1000114937-1-1024x576.jpg\" alt=\"\" class=\"wp-image-19308\" srcset=\"https:\/\/mifavorita.com.pa\/2017\/wp-content\/uploads\/2025\/10\/1000114937-1-1024x576.jpg 1024w, https:\/\/mifavorita.com.pa\/2017\/wp-content\/uploads\/2025\/10\/1000114937-1-300x169.jpg 300w, https:\/\/mifavorita.com.pa\/2017\/wp-content\/uploads\/2025\/10\/1000114937-1-768x432.jpg 768w, https:\/\/mifavorita.com.pa\/2017\/wp-content\/uploads\/2025\/10\/1000114937-1-1536x864.jpg 1536w, https:\/\/mifavorita.com.pa\/2017\/wp-content\/uploads\/2025\/10\/1000114937-1-2048x1152.jpg 2048w, https:\/\/mifavorita.com.pa\/2017\/wp-content\/uploads\/2025\/10\/1000114937-1-700x394.jpg 700w, https:\/\/mifavorita.com.pa\/2017\/wp-content\/uploads\/2025\/10\/1000114937-1-500x281.jpg 500w\" sizes=\"(max-width: 1024px) 100vw, 1024px\" \/><\/figure>\n\n\n\n<figure class=\"wp-block-image size-large\"><img loading=\"lazy\" decoding=\"async\" width=\"1024\" height=\"576\" data-id=\"19310\" src=\"https:\/\/mifavorita.com.pa\/2017\/wp-content\/uploads\/2025\/10\/1000114906-1-1024x576.jpg\" alt=\"\" class=\"wp-image-19310\" srcset=\"https:\/\/mifavorita.com.pa\/2017\/wp-content\/uploads\/2025\/10\/1000114906-1-1024x576.jpg 1024w, https:\/\/mifavorita.com.pa\/2017\/wp-content\/uploads\/2025\/10\/1000114906-1-300x169.jpg 300w, https:\/\/mifavorita.com.pa\/2017\/wp-content\/uploads\/2025\/10\/1000114906-1-768x432.jpg 768w, https:\/\/mifavorita.com.pa\/2017\/wp-content\/uploads\/2025\/10\/1000114906-1-1536x864.jpg 1536w, https:\/\/mifavorita.com.pa\/2017\/wp-content\/uploads\/2025\/10\/1000114906-1-2048x1152.jpg 2048w, https:\/\/mifavorita.com.pa\/2017\/wp-content\/uploads\/2025\/10\/1000114906-1-700x394.jpg 700w, https:\/\/mifavorita.com.pa\/2017\/wp-content\/uploads\/2025\/10\/1000114906-1-500x281.jpg 500w\" sizes=\"(max-width: 1024px) 100vw, 1024px\" \/><\/figure>\n\n\n\n<figure class=\"wp-block-image size-large\"><img loading=\"lazy\" decoding=\"async\" width=\"1024\" height=\"576\" data-id=\"19311\" src=\"https:\/\/mifavorita.com.pa\/2017\/wp-content\/uploads\/2025\/10\/1000114893-1-1024x576.jpg\" alt=\"\" class=\"wp-image-19311\" srcset=\"https:\/\/mifavorita.com.pa\/2017\/wp-content\/uploads\/2025\/10\/1000114893-1-1024x576.jpg 1024w, https:\/\/mifavorita.com.pa\/2017\/wp-content\/uploads\/2025\/10\/1000114893-1-300x169.jpg 300w, https:\/\/mifavorita.com.pa\/2017\/wp-content\/uploads\/2025\/10\/1000114893-1-768x432.jpg 768w, https:\/\/mifavorita.com.pa\/2017\/wp-content\/uploads\/2025\/10\/1000114893-1-1536x864.jpg 1536w, https:\/\/mifavorita.com.pa\/2017\/wp-content\/uploads\/2025\/10\/1000114893-1-2048x1152.jpg 2048w, https:\/\/mifavorita.com.pa\/2017\/wp-content\/uploads\/2025\/10\/1000114893-1-700x394.jpg 700w, https:\/\/mifavorita.com.pa\/2017\/wp-content\/uploads\/2025\/10\/1000114893-1-500x281.jpg 500w\" sizes=\"(max-width: 1024px) 100vw, 1024px\" \/><\/figure>\n\n\n\n<figure class=\"wp-block-image size-large\"><img loading=\"lazy\" decoding=\"async\" width=\"1024\" height=\"576\" data-id=\"19307\" src=\"https:\/\/mifavorita.com.pa\/2017\/wp-content\/uploads\/2025\/10\/1000114870-1-1024x576.jpg\" alt=\"\" class=\"wp-image-19307\" srcset=\"https:\/\/mifavorita.com.pa\/2017\/wp-content\/uploads\/2025\/10\/1000114870-1-1024x576.jpg 1024w, https:\/\/mifavorita.com.pa\/2017\/wp-content\/uploads\/2025\/10\/1000114870-1-300x169.jpg 300w, https:\/\/mifavorita.com.pa\/2017\/wp-content\/uploads\/2025\/10\/1000114870-1-768x432.jpg 768w, https:\/\/mifavorita.com.pa\/2017\/wp-content\/uploads\/2025\/10\/1000114870-1-1536x864.jpg 1536w, https:\/\/mifavorita.com.pa\/2017\/wp-content\/uploads\/2025\/10\/1000114870-1-2048x1152.jpg 2048w, https:\/\/mifavorita.com.pa\/2017\/wp-content\/uploads\/2025\/10\/1000114870-1-700x394.jpg 700w, https:\/\/mifavorita.com.pa\/2017\/wp-content\/uploads\/2025\/10\/1000114870-1-500x281.jpg 500w\" sizes=\"(max-width: 1024px) 100vw, 1024px\" \/><\/figure>\n<\/figure>\n\n\n\n<p>A este evento tambi\u00e9n se dieron cita las reinas de festivales de todo el pa\u00eds, como la reina de la Pollera 2025, Andrea Isabella Ru\u00edz, y tambi\u00e9n la reina del Festival de la Mejorana, Lourdes Mercedes Esquivel.<\/p>\n\n\n\n<p>El desfile culmin\u00f3 con la carreta de la reina del Festival, Iztel Ivethe B\u00f3squez, la cual tuvo como alegor\u00eda los lugares tur\u00edsticos de Ant\u00f3n y su rica flora; la delegaci\u00f3n tuvo 5 abanderados cada uno con conjuntos musicales para amenizar el recorrido. A su llegada al Parque 15 de Enero, se despleg\u00f3 gran cantidad de fuegos artificiales que cerraron con broche de oro la presentaci\u00f3n.<\/p>\n\n\n\n<figure class=\"wp-block-image size-large\"><img loading=\"lazy\" decoding=\"async\" width=\"1024\" height=\"576\" src=\"https:\/\/mifavorita.com.pa\/2017\/wp-content\/uploads\/2025\/10\/1000114962-2-1024x576.jpg\" alt=\"\" class=\"wp-image-19313\" srcset=\"https:\/\/mifavorita.com.pa\/2017\/wp-content\/uploads\/2025\/10\/1000114962-2-1024x576.jpg 1024w, https:\/\/mifavorita.com.pa\/2017\/wp-content\/uploads\/2025\/10\/1000114962-2-300x169.jpg 300w, https:\/\/mifavorita.com.pa\/2017\/wp-content\/uploads\/2025\/10\/1000114962-2-768x432.jpg 768w, https:\/\/mifavorita.com.pa\/2017\/wp-content\/uploads\/2025\/10\/1000114962-2-1536x864.jpg 1536w, https:\/\/mifavorita.com.pa\/2017\/wp-content\/uploads\/2025\/10\/1000114962-2-2048x1152.jpg 2048w, https:\/\/mifavorita.com.pa\/2017\/wp-content\/uploads\/2025\/10\/1000114962-2-700x394.jpg 700w, https:\/\/mifavorita.com.pa\/2017\/wp-content\/uploads\/2025\/10\/1000114962-2-500x281.jpg 500w\" sizes=\"(max-width: 1024px) 100vw, 1024px\" \/><\/figure>\n\n\n\n<figure class=\"wp-block-image size-large\"><img loading=\"lazy\" decoding=\"async\" width=\"1024\" height=\"576\" src=\"https:\/\/mifavorita.com.pa\/2017\/wp-content\/uploads\/2025\/10\/PHOTO-2025-10-20-14-03-48-3-1024x576.jpg\" alt=\"\" class=\"wp-image-19314\" srcset=\"https:\/\/mifavorita.com.pa\/2017\/wp-content\/uploads\/2025\/10\/PHOTO-2025-10-20-14-03-48-3-1024x576.jpg 1024w, https:\/\/mifavorita.com.pa\/2017\/wp-content\/uploads\/2025\/10\/PHOTO-2025-10-20-14-03-48-3-300x169.jpg 300w, https:\/\/mifavorita.com.pa\/2017\/wp-content\/uploads\/2025\/10\/PHOTO-2025-10-20-14-03-48-3-768x432.jpg 768w, https:\/\/mifavorita.com.pa\/2017\/wp-content\/uploads\/2025\/10\/PHOTO-2025-10-20-14-03-48-3-1536x864.jpg 1536w, https:\/\/mifavorita.com.pa\/2017\/wp-content\/uploads\/2025\/10\/PHOTO-2025-10-20-14-03-48-3-700x394.jpg 700w, https:\/\/mifavorita.com.pa\/2017\/wp-content\/uploads\/2025\/10\/PHOTO-2025-10-20-14-03-48-3-500x281.jpg 500w, https:\/\/mifavorita.com.pa\/2017\/wp-content\/uploads\/2025\/10\/PHOTO-2025-10-20-14-03-48-3.jpg 1600w\" sizes=\"(max-width: 1024px) 100vw, 1024px\" \/><\/figure>\n","protected":false},"excerpt":{"rendered":"<p>Con una nutrida participaci\u00f3n de 19 delegaciones se desarroll\u00f3 el desfile de carretas del quincuag\u00e9simo cuarto Festival Nacional del Toro Guapo de Ant\u00f3n, el cual fue encabezado por el abanderado designado por el patronato, el ingeniero Diego Vallarino Lewis, que al son del almirez, salieron a recorrer las calles del pueblo bajo una pertinaz llovizna. [&hellip;]<\/p>\n","protected":false},"author":6,"featured_media":19289,"comment_status":"open","ping_status":"open","sticky":false,"template":"","format":"standard","meta":{"footnotes":""},"categories":[30,1],"tags":[],"class_list":["post-19288","post","type-post","status-publish","format-standard","has-post-thumbnail","hentry","category-cultura","category-noticias"],"_links":{"self":[{"href":"https:\/\/mifavorita.com.pa\/2017\/wp-json\/wp\/v2\/posts\/19288","targetHints":{"allow":["GET"]}}],"collection":[{"href":"https:\/\/mifavorita.com.pa\/2017\/wp-json\/wp\/v2\/posts"}],"about":[{"href":"https:\/\/mifavorita.com.pa\/2017\/wp-json\/wp\/v2\/types\/post"}],"author":[{"embeddable":true,"href":"https:\/\/mifavorita.com.pa\/2017\/wp-json\/wp\/v2\/users\/6"}],"replies":[{"embeddable":true,"href":"https:\/\/mifavorita.com.pa\/2017\/wp-json\/wp\/v2\/comments?post=19288"}],"version-history":[{"count":1,"href":"https:\/\/mifavorita.com.pa\/2017\/wp-json\/wp\/v2\/posts\/19288\/revisions"}],"predecessor-version":[{"id":19315,"href":"https:\/\/mifavorita.com.pa\/2017\/wp-json\/wp\/v2\/posts\/19288\/revisions\/19315"}],"wp:featuredmedia":[{"embeddable":true,"href":"https:\/\/mifavorita.com.pa\/2017\/wp-json\/wp\/v2\/media\/19289"}],"wp:attachment":[{"href":"https:\/\/mifavorita.com.pa\/2017\/wp-json\/wp\/v2\/media?parent=19288"}],"wp:term":[{"taxonomy":"category","embeddable":true,"href":"https:\/\/mifavorita.com.pa\/2017\/wp-json\/wp\/v2\/categories?post=19288"},{"taxonomy":"post_tag","embeddable":true,"href":"https:\/\/mifavorita.com.pa\/2017\/wp-json\/wp\/v2\/tags?post=19288"}],"curies":[{"name":"wp","href":"https:\/\/api.w.org\/{rel}","templated":true}]}}