{"id":19317,"date":"2025-10-20T19:35:43","date_gmt":"2025-10-20T19:35:43","guid":{"rendered":"https:\/\/mifavorita.com.pa\/2017\/?p=19317"},"modified":"2025-10-20T19:41:42","modified_gmt":"2025-10-20T19:41:42","slug":"pese-al-gran-movimiento-vehicular-accidentes-de-transito-en-cocle-fueron-leves-este-fin-de-semana","status":"publish","type":"post","link":"https:\/\/mifavorita.com.pa\/2017\/pese-al-gran-movimiento-vehicular-accidentes-de-transito-en-cocle-fueron-leves-este-fin-de-semana\/","title":{"rendered":"PESE AL GRAN MOVIMIENTO VEHICULAR, ACCIDENTES DE TR\u00c1NSITO EN COCL\u00c9 FUERON LEVES ESTE FIN DE SEMANA"},"content":{"rendered":"\n<p>Un total de 18 accidentes de tr\u00e1nsito fuero reportados durante este fin de semana festivo en la provincia de Cocl\u00e9, de los cuales 4 personas resultaron con heridas y fueron llevadas a recibir atenci\u00f3n m\u00e9dica. A pesar de las m\u00faltiples actividades en Ol\u00e1, La Pintada, Ant\u00f3n y Aguadulce, ninguno de los accidentes fue de consideraci\u00f3n.<\/p>\n\n\n\n<p>De igual forma, unos 430 conductores fueron sancionados por violar alguna normativa de tr\u00e1nsito, entre las que se destacan inconvenientes con las licencias, manejar bajo los efectos del alcohol o por rebasar los l\u00edmites de velocidad en la v\u00eda panamericana.<\/p>\n\n\n\n<p>Noriel Saavedra, de la subdirecci\u00f3n de operaciones de tr\u00e1nsito de Cocl\u00e9, indic\u00f3 que de adem\u00e1s se retuvo unas 22 licencias a conductores, por estar vencidas o por desacato, incluso, fueron sorprendidos algunos sin portar la licencia o si quiera haberla tramitado.<\/p>\n\n\n\n<p>De igual forma, el teniente explic\u00f3 que ha destacar, se registr\u00f3 un accidente en horas de la noche del domingo 19, en el que un auto cay\u00f3 en un precipicio bajo el puente sobre un r\u00edo en el \u00e1rea de Santa Clara, carretera panamericana, en el que dos personas resultaron heridas, pero que m\u00e1s hab\u00eda sido el susto, pues no presentaban golpes de consideraci\u00f3n.<\/p>\n\n\n\n<p>El pr\u00f3ximo fin de semana tambi\u00e9n habr\u00e1 gran movimiento de personas dentro y a lo largo de la provincia de Cocl\u00e9 con el Festival del Sombrero Pintao en La Pintada, por lo que se duplicar\u00e1n los esfuerzos de parte de la polic\u00eda de tr\u00e1nsito para mantener el orden y la seguridad.<\/p>\n","protected":false},"excerpt":{"rendered":"<p>Un total de 18 accidentes de tr\u00e1nsito fuero reportados durante este fin de semana festivo en la provincia de Cocl\u00e9, de los cuales 4 personas resultaron con heridas y fueron llevadas a recibir atenci\u00f3n m\u00e9dica. A pesar de las m\u00faltiples actividades en Ol\u00e1, La Pintada, Ant\u00f3n y Aguadulce, ninguno de los accidentes fue de consideraci\u00f3n. [&hellip;]<\/p>\n","protected":false},"author":6,"featured_media":19318,"comment_status":"open","ping_status":"open","sticky":false,"template":"","format":"standard","meta":{"footnotes":""},"categories":[17,1,37],"tags":[],"class_list":["post-19317","post","type-post","status-publish","format-standard","has-post-thumbnail","hentry","category-comunitaria","category-noticias","category-policivas"],"_links":{"self":[{"href":"https:\/\/mifavorita.com.pa\/2017\/wp-json\/wp\/v2\/posts\/19317","targetHints":{"allow":["GET"]}}],"collection":[{"href":"https:\/\/mifavorita.com.pa\/2017\/wp-json\/wp\/v2\/posts"}],"about":[{"href":"https:\/\/mifavorita.com.pa\/2017\/wp-json\/wp\/v2\/types\/post"}],"author":[{"embeddable":true,"href":"https:\/\/mifavorita.com.pa\/2017\/wp-json\/wp\/v2\/users\/6"}],"replies":[{"embeddable":true,"href":"https:\/\/mifavorita.com.pa\/2017\/wp-json\/wp\/v2\/comments?post=19317"}],"version-history":[{"count":1,"href":"https:\/\/mifavorita.com.pa\/2017\/wp-json\/wp\/v2\/posts\/19317\/revisions"}],"predecessor-version":[{"id":19319,"href":"https:\/\/mifavorita.com.pa\/2017\/wp-json\/wp\/v2\/posts\/19317\/revisions\/19319"}],"wp:featuredmedia":[{"embeddable":true,"href":"https:\/\/mifavorita.com.pa\/2017\/wp-json\/wp\/v2\/media\/19318"}],"wp:attachment":[{"href":"https:\/\/mifavorita.com.pa\/2017\/wp-json\/wp\/v2\/media?parent=19317"}],"wp:term":[{"taxonomy":"category","embeddable":true,"href":"https:\/\/mifavorita.com.pa\/2017\/wp-json\/wp\/v2\/categories?post=19317"},{"taxonomy":"post_tag","embeddable":true,"href":"https:\/\/mifavorita.com.pa\/2017\/wp-json\/wp\/v2\/tags?post=19317"}],"curies":[{"name":"wp","href":"https:\/\/api.w.org\/{rel}","templated":true}]}}