{"id":19321,"date":"2025-10-20T19:55:51","date_gmt":"2025-10-20T19:55:51","guid":{"rendered":"https:\/\/mifavorita.com.pa\/2017\/?p=19321"},"modified":"2025-10-20T19:59:34","modified_gmt":"2025-10-20T19:59:34","slug":"mop-responde-al-clamor-de-residentes-del-norte-de-penonome-rehabilitacion-de-su-via-ya-esta-en-el-mef","status":"publish","type":"post","link":"https:\/\/mifavorita.com.pa\/2017\/mop-responde-al-clamor-de-residentes-del-norte-de-penonome-rehabilitacion-de-su-via-ya-esta-en-el-mef\/","title":{"rendered":"MOP RESPONDE AL CLAMOR DE RESIDENTES DEL NORTE DE PENONOM\u00c9: REHABILITACI\u00d3N DE SU V\u00cdA YA EST\u00c1 EN EL MEF"},"content":{"rendered":"\n<p>Ante la falta de atenci\u00f3n de parte de las autoridades, el Movimiento Pro Carretera General Victoriano Lorenzo conformado por m\u00e1s de 200 residentes de diferentes comunidades del \u00e1rea norte de Penonom\u00e9, realizaron una jornada de parcheo en puntos cr\u00edticos de la v\u00eda, a la que tambi\u00e9n se le unieron autoridades como el alcalde del distrito, Robin Kam, representantes y el diputado Julio De La Guardia.<\/p>\n\n\n\n<p>Rafael Candelaria, dirigente de este movimiento, manifest\u00f3 que m\u00e1s all\u00e1 de brindar un paliativo a los miles de residentes de esta \u00e1rea, la actividad tuvo un fin de protesta pues pese a mantener una lucha desde hace a\u00f1os en la reconstrucci\u00f3n de la misma, ven este proyecto muy lejano.<\/p>\n\n\n\n<figure class=\"wp-block-image size-large\"><img fetchpriority=\"high\" decoding=\"async\" width=\"768\" height=\"1024\" src=\"https:\/\/mifavorita.com.pa\/2017\/wp-content\/uploads\/2025\/10\/1000115112-768x1024.jpg\" alt=\"\" class=\"wp-image-19323\" srcset=\"https:\/\/mifavorita.com.pa\/2017\/wp-content\/uploads\/2025\/10\/1000115112-768x1024.jpg 768w, https:\/\/mifavorita.com.pa\/2017\/wp-content\/uploads\/2025\/10\/1000115112-225x300.jpg 225w, https:\/\/mifavorita.com.pa\/2017\/wp-content\/uploads\/2025\/10\/1000115112-1152x1536.jpg 1152w, https:\/\/mifavorita.com.pa\/2017\/wp-content\/uploads\/2025\/10\/1000115112-700x933.jpg 700w, https:\/\/mifavorita.com.pa\/2017\/wp-content\/uploads\/2025\/10\/1000115112-500x667.jpg 500w, https:\/\/mifavorita.com.pa\/2017\/wp-content\/uploads\/2025\/10\/1000115112.jpg 1200w\" sizes=\"(max-width: 768px) 100vw, 768px\" \/><\/figure>\n\n\n\n<figure class=\"wp-block-image size-large\"><img decoding=\"async\" width=\"1024\" height=\"576\" src=\"https:\/\/mifavorita.com.pa\/2017\/wp-content\/uploads\/2025\/10\/1000115121-1024x576.jpg\" alt=\"\" class=\"wp-image-19324\" srcset=\"https:\/\/mifavorita.com.pa\/2017\/wp-content\/uploads\/2025\/10\/1000115121-1024x576.jpg 1024w, https:\/\/mifavorita.com.pa\/2017\/wp-content\/uploads\/2025\/10\/1000115121-300x169.jpg 300w, https:\/\/mifavorita.com.pa\/2017\/wp-content\/uploads\/2025\/10\/1000115121-768x432.jpg 768w, https:\/\/mifavorita.com.pa\/2017\/wp-content\/uploads\/2025\/10\/1000115121-700x394.jpg 700w, https:\/\/mifavorita.com.pa\/2017\/wp-content\/uploads\/2025\/10\/1000115121-500x281.jpg 500w, https:\/\/mifavorita.com.pa\/2017\/wp-content\/uploads\/2025\/10\/1000115121.jpg 1280w\" sizes=\"(max-width: 1024px) 100vw, 1024px\" \/><\/figure>\n\n\n\n<p>Se\u00f1al\u00f3 que todas las comunidades se unieron para cubrir lo m\u00e1ximo que pudieron de los baches en la v\u00eda, sin embargo, a\u00fan quedaron muchos tramos por reparar. Los trabajos fueron producto de esfuerzo econ\u00f3mico propio y del apoyo de las autoridades asistentes, a quienes agradecieron la visita.<\/p>\n\n\n\n<figure class=\"wp-block-image size-large\"><img decoding=\"async\" width=\"1024\" height=\"768\" src=\"https:\/\/mifavorita.com.pa\/2017\/wp-content\/uploads\/2025\/10\/1000115147-1024x768.jpg\" alt=\"\" class=\"wp-image-19327\" srcset=\"https:\/\/mifavorita.com.pa\/2017\/wp-content\/uploads\/2025\/10\/1000115147-1024x768.jpg 1024w, https:\/\/mifavorita.com.pa\/2017\/wp-content\/uploads\/2025\/10\/1000115147-300x225.jpg 300w, https:\/\/mifavorita.com.pa\/2017\/wp-content\/uploads\/2025\/10\/1000115147-768x576.jpg 768w, https:\/\/mifavorita.com.pa\/2017\/wp-content\/uploads\/2025\/10\/1000115147-1536x1152.jpg 1536w, https:\/\/mifavorita.com.pa\/2017\/wp-content\/uploads\/2025\/10\/1000115147-700x525.jpg 700w, https:\/\/mifavorita.com.pa\/2017\/wp-content\/uploads\/2025\/10\/1000115147-500x375.jpg 500w, https:\/\/mifavorita.com.pa\/2017\/wp-content\/uploads\/2025\/10\/1000115147-800x600.jpg 800w, https:\/\/mifavorita.com.pa\/2017\/wp-content\/uploads\/2025\/10\/1000115147.jpg 1600w\" sizes=\"(max-width: 1024px) 100vw, 1024px\" \/><figcaption class=\"wp-element-caption\"><em>Las comunidades se reunieron en la Casa Local de Churuquita Grande y colocaron una paila com\u00fan tras las labores <\/em><\/figcaption><\/figure>\n\n\n\n<p>Por su parte, Luis Rodr\u00edguez, director del Ministerio de Obras P\u00fablicas en Cocl\u00e9, indic\u00f3 que el estudio y dise\u00f1o de la rehabilitaci\u00f3n de v\u00eda ya est\u00e1 en el Ministerio de Econom\u00eda y Finanzas, pues reconocen que la misma se encuentra completamente deteriorada, y que depender\u00e1 de dicha instituci\u00f3n la asignaci\u00f3n del presupuesto.<\/p>\n\n\n\n<figure class=\"wp-block-image size-large\"><img loading=\"lazy\" decoding=\"async\" width=\"1024\" height=\"1024\" src=\"https:\/\/mifavorita.com.pa\/2017\/wp-content\/uploads\/2025\/10\/1000115345-1024x1024.jpg\" alt=\"\" class=\"wp-image-19325\" srcset=\"https:\/\/mifavorita.com.pa\/2017\/wp-content\/uploads\/2025\/10\/1000115345-1024x1024.jpg 1024w, https:\/\/mifavorita.com.pa\/2017\/wp-content\/uploads\/2025\/10\/1000115345-300x300.jpg 300w, https:\/\/mifavorita.com.pa\/2017\/wp-content\/uploads\/2025\/10\/1000115345-150x150.jpg 150w, https:\/\/mifavorita.com.pa\/2017\/wp-content\/uploads\/2025\/10\/1000115345-768x768.jpg 768w, https:\/\/mifavorita.com.pa\/2017\/wp-content\/uploads\/2025\/10\/1000115345-700x700.jpg 700w, https:\/\/mifavorita.com.pa\/2017\/wp-content\/uploads\/2025\/10\/1000115345-800x800.jpg 800w, https:\/\/mifavorita.com.pa\/2017\/wp-content\/uploads\/2025\/10\/1000115345-500x500.jpg 500w, https:\/\/mifavorita.com.pa\/2017\/wp-content\/uploads\/2025\/10\/1000115345.jpg 1224w\" sizes=\"(max-width: 1024px) 100vw, 1024px\" \/><\/figure>\n\n\n\n<figure class=\"wp-block-image size-large\"><img loading=\"lazy\" decoding=\"async\" width=\"1024\" height=\"1024\" src=\"https:\/\/mifavorita.com.pa\/2017\/wp-content\/uploads\/2025\/10\/1000115357-1024x1024.jpg\" alt=\"\" class=\"wp-image-19326\" srcset=\"https:\/\/mifavorita.com.pa\/2017\/wp-content\/uploads\/2025\/10\/1000115357-1024x1024.jpg 1024w, https:\/\/mifavorita.com.pa\/2017\/wp-content\/uploads\/2025\/10\/1000115357-300x300.jpg 300w, https:\/\/mifavorita.com.pa\/2017\/wp-content\/uploads\/2025\/10\/1000115357-150x150.jpg 150w, https:\/\/mifavorita.com.pa\/2017\/wp-content\/uploads\/2025\/10\/1000115357-768x768.jpg 768w, https:\/\/mifavorita.com.pa\/2017\/wp-content\/uploads\/2025\/10\/1000115357-1536x1536.jpg 1536w, https:\/\/mifavorita.com.pa\/2017\/wp-content\/uploads\/2025\/10\/1000115357-2048x2048.jpg 2048w, https:\/\/mifavorita.com.pa\/2017\/wp-content\/uploads\/2025\/10\/1000115357-700x700.jpg 700w, https:\/\/mifavorita.com.pa\/2017\/wp-content\/uploads\/2025\/10\/1000115357-800x800.jpg 800w, https:\/\/mifavorita.com.pa\/2017\/wp-content\/uploads\/2025\/10\/1000115357-500x500.jpg 500w\" sizes=\"(max-width: 1024px) 100vw, 1024px\" \/><\/figure>\n\n\n\n<p>Se calcula que un proyecto de esta magnitud pueda contemplar una inversi\u00f3n de entre 65 y 70 millones de balboas, pues incluir\u00eda la circunvalaci\u00f3n completa. Durante esta semana, el Ministerio de Obras P\u00fablicas tendr\u00e1 jornadas de parcheo entre Toabr\u00e9 y Tambo, y de Churuquita Chiquita y Churuquita Grande.<\/p>\n","protected":false},"excerpt":{"rendered":"<p>Ante la falta de atenci\u00f3n de parte de las autoridades, el Movimiento Pro Carretera General Victoriano Lorenzo conformado por m\u00e1s de 200 residentes de diferentes comunidades del \u00e1rea norte de Penonom\u00e9, realizaron una jornada de parcheo en puntos cr\u00edticos de la v\u00eda, a la que tambi\u00e9n se le unieron autoridades como el alcalde del distrito, [&hellip;]<\/p>\n","protected":false},"author":6,"featured_media":19322,"comment_status":"open","ping_status":"open","sticky":false,"template":"","format":"standard","meta":{"footnotes":""},"categories":[17,1],"tags":[],"class_list":["post-19321","post","type-post","status-publish","format-standard","has-post-thumbnail","hentry","category-comunitaria","category-noticias"],"_links":{"self":[{"href":"https:\/\/mifavorita.com.pa\/2017\/wp-json\/wp\/v2\/posts\/19321","targetHints":{"allow":["GET"]}}],"collection":[{"href":"https:\/\/mifavorita.com.pa\/2017\/wp-json\/wp\/v2\/posts"}],"about":[{"href":"https:\/\/mifavorita.com.pa\/2017\/wp-json\/wp\/v2\/types\/post"}],"author":[{"embeddable":true,"href":"https:\/\/mifavorita.com.pa\/2017\/wp-json\/wp\/v2\/users\/6"}],"replies":[{"embeddable":true,"href":"https:\/\/mifavorita.com.pa\/2017\/wp-json\/wp\/v2\/comments?post=19321"}],"version-history":[{"count":1,"href":"https:\/\/mifavorita.com.pa\/2017\/wp-json\/wp\/v2\/posts\/19321\/revisions"}],"predecessor-version":[{"id":19328,"href":"https:\/\/mifavorita.com.pa\/2017\/wp-json\/wp\/v2\/posts\/19321\/revisions\/19328"}],"wp:featuredmedia":[{"embeddable":true,"href":"https:\/\/mifavorita.com.pa\/2017\/wp-json\/wp\/v2\/media\/19322"}],"wp:attachment":[{"href":"https:\/\/mifavorita.com.pa\/2017\/wp-json\/wp\/v2\/media?parent=19321"}],"wp:term":[{"taxonomy":"category","embeddable":true,"href":"https:\/\/mifavorita.com.pa\/2017\/wp-json\/wp\/v2\/categories?post=19321"},{"taxonomy":"post_tag","embeddable":true,"href":"https:\/\/mifavorita.com.pa\/2017\/wp-json\/wp\/v2\/tags?post=19321"}],"curies":[{"name":"wp","href":"https:\/\/api.w.org\/{rel}","templated":true}]}}