{"id":20709,"date":"2026-03-06T18:23:03","date_gmt":"2026-03-06T18:23:03","guid":{"rendered":"https:\/\/mifavorita.com.pa\/2017\/?p=20709"},"modified":"2026-03-06T18:29:13","modified_gmt":"2026-03-06T18:29:13","slug":"cebolleros-afectados-por-lluvias-de-febrero-en-nata-y-penonome-siguen-a-la-espera-de-informes","status":"publish","type":"post","link":"https:\/\/mifavorita.com.pa\/2017\/cebolleros-afectados-por-lluvias-de-febrero-en-nata-y-penonome-siguen-a-la-espera-de-informes\/","title":{"rendered":"CEBOLLEROS AFECTADOS POR LLUVIAS DE FEBRERO EN NAT\u00c1 Y PENONOM\u00c9 SIGUEN A LA ESPERA DE INFORMES"},"content":{"rendered":"\n<p>Unos 23 productores de cebolla siguen a la espera de los resultados de un informe t\u00e9cnico tras las inundaciones a sus cultivos en las zonas de Nat\u00e1 y Penonom\u00e9, producto de la crecida del R\u00edo Grande el pasado mes de febrero. La mayor\u00eda de los cultivos estaban en etapa vegetativa, sin embargo, al haber sido dos las crecidas, la posibilidad de supervivencia es indeterminada.<\/p>\n\n\n\n<p>Por el momento, el Ministerio de Desarrollo Agropecuario, brinda seguimiento a estos productores, cuyas t\u00e9cnicas se dividen entre goteo (unos 3) y por cama hundida o m\u00e9todo tradicional (los 20 restantes).<\/p>\n\n\n\n<p>Aristides Aguirre, jefe de Agencia de Nat\u00e1, explic\u00f3 que, aunque en la mesa agroclim\u00e1tica se les advirti\u00f3 a los productores que las lluvias en esta temporada podr\u00edan superar los 175 mil\u00edmetros de enero a abril, las crecidas de los r\u00edos no se pod\u00edan prever en magnitud.<\/p>\n\n\n\n<p>Explic\u00f3 que la primera crecida del R\u00edo Grande el 6 de febrero, afect\u00f3 significativamente a los productores de la cuenca baja, pues est\u00e1 completamente sedimentada y deforestada, y que en primera instancia no hubo arrastre ni impregnaci\u00f3n de lodo y hab\u00eda m\u00e1s posibilidad de darle seguimiento.<\/p>\n\n\n\n<p>Sin embargo, el jefe de agencia destac\u00f3 que la segunda crecida del r\u00edo, entre el 17 y 18 de febrero, fueron las acrecentaron el problema y disminuyeron las posibilidades de \u00e9xito en el cultivo.<\/p>\n\n\n\n<p>El jefe de agencia asegur\u00f3 que solo los agentes que brindaron el financiamiento para los cultivos son quienes tomaran la decisi\u00f3n de seguir o no con la labor.<\/p>\n\n\n\n<p>La situaci\u00f3n de estos productores es m\u00e1s preocupante a\u00fan porque la mayor\u00eda no contaban con seguro de protecci\u00f3n, por lo que el Ministerio analiza qu\u00e9 posibilidades hay de apoyarles.<\/p>\n","protected":false},"excerpt":{"rendered":"<p>Unos 23 productores de cebolla siguen a la espera de los resultados de un informe t\u00e9cnico tras las inundaciones a sus cultivos en las zonas de Nat\u00e1 y Penonom\u00e9, producto de la crecida del R\u00edo Grande el pasado mes de febrero. La mayor\u00eda de los cultivos estaban en etapa vegetativa, sin embargo, al haber sido [&hellip;]<\/p>\n","protected":false},"author":6,"featured_media":20374,"comment_status":"open","ping_status":"open","sticky":false,"template":"","format":"standard","meta":{"footnotes":""},"categories":[29,1],"tags":[],"class_list":["post-20709","post","type-post","status-publish","format-standard","has-post-thumbnail","hentry","category-agro-negocios","category-noticias"],"_links":{"self":[{"href":"https:\/\/mifavorita.com.pa\/2017\/wp-json\/wp\/v2\/posts\/20709","targetHints":{"allow":["GET"]}}],"collection":[{"href":"https:\/\/mifavorita.com.pa\/2017\/wp-json\/wp\/v2\/posts"}],"about":[{"href":"https:\/\/mifavorita.com.pa\/2017\/wp-json\/wp\/v2\/types\/post"}],"author":[{"embeddable":true,"href":"https:\/\/mifavorita.com.pa\/2017\/wp-json\/wp\/v2\/users\/6"}],"replies":[{"embeddable":true,"href":"https:\/\/mifavorita.com.pa\/2017\/wp-json\/wp\/v2\/comments?post=20709"}],"version-history":[{"count":1,"href":"https:\/\/mifavorita.com.pa\/2017\/wp-json\/wp\/v2\/posts\/20709\/revisions"}],"predecessor-version":[{"id":20711,"href":"https:\/\/mifavorita.com.pa\/2017\/wp-json\/wp\/v2\/posts\/20709\/revisions\/20711"}],"wp:featuredmedia":[{"embeddable":true,"href":"https:\/\/mifavorita.com.pa\/2017\/wp-json\/wp\/v2\/media\/20374"}],"wp:attachment":[{"href":"https:\/\/mifavorita.com.pa\/2017\/wp-json\/wp\/v2\/media?parent=20709"}],"wp:term":[{"taxonomy":"category","embeddable":true,"href":"https:\/\/mifavorita.com.pa\/2017\/wp-json\/wp\/v2\/categories?post=20709"},{"taxonomy":"post_tag","embeddable":true,"href":"https:\/\/mifavorita.com.pa\/2017\/wp-json\/wp\/v2\/tags?post=20709"}],"curies":[{"name":"wp","href":"https:\/\/api.w.org\/{rel}","templated":true}]}}