{"id":20714,"date":"2026-03-09T18:38:34","date_gmt":"2026-03-09T18:38:34","guid":{"rendered":"https:\/\/mifavorita.com.pa\/2017\/?p=20714"},"modified":"2026-03-09T21:32:53","modified_gmt":"2026-03-09T21:32:53","slug":"con-enfoque-en-uso-de-tecnologia-en-el-agro-realizan-segundo-encuentro-agropecuario-en-cocle","status":"publish","type":"post","link":"https:\/\/mifavorita.com.pa\/2017\/con-enfoque-en-uso-de-tecnologia-en-el-agro-realizan-segundo-encuentro-agropecuario-en-cocle\/","title":{"rendered":"CON ENFOQUE EN USO DE TECNOLOG\u00cdA EN EL AGRO REALIZAN SEGUNDO ENCUENTRO AGROPECUARIO EN COCL\u00c9."},"content":{"rendered":"\n<p>Con el lema \u201cInteligencia Artificial: para una producci\u00f3n agropecuaria rentable, tecnol\u00f3gica y sostenible\u201d, se realiz\u00f3 revcientemente el Segundo Encuentro Agropecuario en La Pintada provincia de Cocl\u00e9 el evento congreg\u00f3 a productores, expertos, aliados estrat\u00e9gicos y autoridades en un espacio de intercambio enfocado en el impacto de las tecnolog\u00edas emergentes en la actividad agropecuaria.<\/p>\n\n\n\n<p>A trav\u00e9s de ponencias y demostraciones pr\u00e1cticas, se presentaron soluciones orientadas a optimizar procesos, elevar la productividad y fortalecer la rentabilidad, consolidando un modelo m\u00e1s competitivo y sostenible para el campo paname\u00f1o.<\/p>\n\n\n\n<figure class=\"wp-block-image size-large\"><img fetchpriority=\"high\" decoding=\"async\" width=\"1024\" height=\"600\" src=\"https:\/\/mifavorita.com.pa\/2017\/wp-content\/uploads\/2026\/03\/Screenshot_20260309_133412_com_whatsapp_MediaViewActivity-1024x600.jpg\" alt=\"\" class=\"wp-image-20717\" srcset=\"https:\/\/mifavorita.com.pa\/2017\/wp-content\/uploads\/2026\/03\/Screenshot_20260309_133412_com_whatsapp_MediaViewActivity-1024x600.jpg 1024w, https:\/\/mifavorita.com.pa\/2017\/wp-content\/uploads\/2026\/03\/Screenshot_20260309_133412_com_whatsapp_MediaViewActivity-300x176.jpg 300w, https:\/\/mifavorita.com.pa\/2017\/wp-content\/uploads\/2026\/03\/Screenshot_20260309_133412_com_whatsapp_MediaViewActivity-768x450.jpg 768w, https:\/\/mifavorita.com.pa\/2017\/wp-content\/uploads\/2026\/03\/Screenshot_20260309_133412_com_whatsapp_MediaViewActivity-700x410.jpg 700w, https:\/\/mifavorita.com.pa\/2017\/wp-content\/uploads\/2026\/03\/Screenshot_20260309_133412_com_whatsapp_MediaViewActivity-500x293.jpg 500w, https:\/\/mifavorita.com.pa\/2017\/wp-content\/uploads\/2026\/03\/Screenshot_20260309_133412_com_whatsapp_MediaViewActivity.jpg 1080w\" sizes=\"(max-width: 1024px) 100vw, 1024px\" \/><\/figure>\n\n\n\n<p>Javier Carrizo Esquivel, Gerente General de Banco Nacional de Panam\u00e1, destac\u00f3 que el desaf\u00edo del agro paname\u00f1o no est\u00e1 solo en producir m\u00e1s, sino en producir mejor indicando que estamos frente a una revoluci\u00f3n silenciosa en el campo. La inteligencia artificial, los datos y la innovaci\u00f3n est\u00e1n cambiando la forma en que sembramos, gestionamos y proyectamos el futuro del sector.<\/p>\n\n\n\n<p>Asegur\u00f3 que como entidad bancaria del agro asumimos el rol de catalizador de esa transformaci\u00f3n, facilitando el acceso a herramientas financieras que permitan al productor crecer con visi\u00f3n, rentabilidad y sostenibilidad\u00bb, expres\u00f3.<\/p>\n\n\n\n<p>Durante el evento, el Banco Nacionall otorg\u00f3 el reconocimiento \u201cProductor que Avanza\u201d a Bol\u00edvar Antonio Guevara Stanziola, propietario de BOLY, S.A., empresa familiar fundada en 1998, por su destacada trayectoria, visi\u00f3n innovadora y contribuci\u00f3n al fortalecimiento del sector agropecuario paname\u00f1o.<\/p>\n\n\n\n<p>Los ni\u00f1os tambi\u00e9n fueron part\u00edcipes de este evento a trav\u00e9s de una experiencia interactiva y educativa, se promovi\u00f3 el v\u00ednculo con el campo, los animales y la naturaleza, sembrando conciencia sobre la importancia de preservar y fortalecer la actividad agropecuaria.<\/p>\n\n\n\n<figure class=\"wp-block-image size-large\"><img decoding=\"async\" width=\"1024\" height=\"595\" src=\"https:\/\/mifavorita.com.pa\/2017\/wp-content\/uploads\/2026\/03\/Screenshot_20260309_133431_com_whatsapp_MediaViewActivity-1-1024x595.jpg\" alt=\"\" class=\"wp-image-20718\" srcset=\"https:\/\/mifavorita.com.pa\/2017\/wp-content\/uploads\/2026\/03\/Screenshot_20260309_133431_com_whatsapp_MediaViewActivity-1-1024x595.jpg 1024w, https:\/\/mifavorita.com.pa\/2017\/wp-content\/uploads\/2026\/03\/Screenshot_20260309_133431_com_whatsapp_MediaViewActivity-1-300x174.jpg 300w, https:\/\/mifavorita.com.pa\/2017\/wp-content\/uploads\/2026\/03\/Screenshot_20260309_133431_com_whatsapp_MediaViewActivity-1-768x447.jpg 768w, https:\/\/mifavorita.com.pa\/2017\/wp-content\/uploads\/2026\/03\/Screenshot_20260309_133431_com_whatsapp_MediaViewActivity-1-700x407.jpg 700w, https:\/\/mifavorita.com.pa\/2017\/wp-content\/uploads\/2026\/03\/Screenshot_20260309_133431_com_whatsapp_MediaViewActivity-1-500x291.jpg 500w, https:\/\/mifavorita.com.pa\/2017\/wp-content\/uploads\/2026\/03\/Screenshot_20260309_133431_com_whatsapp_MediaViewActivity-1.jpg 1080w\" sizes=\"(max-width: 1024px) 100vw, 1024px\" \/><\/figure>\n\n\n\n<p>De acuerdo con los informes del Banco Nacional al cierre de 2025, la cartera agropecuaria en la provincia de Cocl\u00e9 alcanz\u00f3 la cifra 35.2 millones de balboas y para el 2026, el Banco tiene previsto destinar 51.2 millones para continuar respaldando los diversos sectores productivos de la provincia de Cocl\u00e9.&nbsp;<\/p>\n\n\n\n<p>De ese total 10.9 millones de balboas est\u00e1n destinados a los clientes agropecuarios, 34 millones a los de la Banca de Consumo (hipotecario, personal, tarjetas de cr\u00e9dito y PYME) y 6.3 millones a clientes comerciales e industriales.<\/p>\n","protected":false},"excerpt":{"rendered":"<p>Con el lema \u201cInteligencia Artificial: para una producci\u00f3n agropecuaria rentable, tecnol\u00f3gica y sostenible\u201d, se realiz\u00f3 revcientemente el Segundo Encuentro Agropecuario en La Pintada provincia de Cocl\u00e9 el evento congreg\u00f3 a productores, expertos, aliados estrat\u00e9gicos y autoridades en un espacio de intercambio enfocado en el impacto de las tecnolog\u00edas emergentes en la actividad agropecuaria. A trav\u00e9s [&hellip;]<\/p>\n","protected":false},"author":5,"featured_media":20715,"comment_status":"open","ping_status":"open","sticky":false,"template":"","format":"standard","meta":{"footnotes":""},"categories":[29,1],"tags":[],"class_list":["post-20714","post","type-post","status-publish","format-standard","has-post-thumbnail","hentry","category-agro-negocios","category-noticias"],"_links":{"self":[{"href":"https:\/\/mifavorita.com.pa\/2017\/wp-json\/wp\/v2\/posts\/20714","targetHints":{"allow":["GET"]}}],"collection":[{"href":"https:\/\/mifavorita.com.pa\/2017\/wp-json\/wp\/v2\/posts"}],"about":[{"href":"https:\/\/mifavorita.com.pa\/2017\/wp-json\/wp\/v2\/types\/post"}],"author":[{"embeddable":true,"href":"https:\/\/mifavorita.com.pa\/2017\/wp-json\/wp\/v2\/users\/5"}],"replies":[{"embeddable":true,"href":"https:\/\/mifavorita.com.pa\/2017\/wp-json\/wp\/v2\/comments?post=20714"}],"version-history":[{"count":1,"href":"https:\/\/mifavorita.com.pa\/2017\/wp-json\/wp\/v2\/posts\/20714\/revisions"}],"predecessor-version":[{"id":20719,"href":"https:\/\/mifavorita.com.pa\/2017\/wp-json\/wp\/v2\/posts\/20714\/revisions\/20719"}],"wp:featuredmedia":[{"embeddable":true,"href":"https:\/\/mifavorita.com.pa\/2017\/wp-json\/wp\/v2\/media\/20715"}],"wp:attachment":[{"href":"https:\/\/mifavorita.com.pa\/2017\/wp-json\/wp\/v2\/media?parent=20714"}],"wp:term":[{"taxonomy":"category","embeddable":true,"href":"https:\/\/mifavorita.com.pa\/2017\/wp-json\/wp\/v2\/categories?post=20714"},{"taxonomy":"post_tag","embeddable":true,"href":"https:\/\/mifavorita.com.pa\/2017\/wp-json\/wp\/v2\/tags?post=20714"}],"curies":[{"name":"wp","href":"https:\/\/api.w.org\/{rel}","templated":true}]}}