{"id":20728,"date":"2026-03-10T18:28:04","date_gmt":"2026-03-10T18:28:04","guid":{"rendered":"https:\/\/mifavorita.com.pa\/2017\/?p=20728"},"modified":"2026-03-12T19:44:57","modified_gmt":"2026-03-12T19:44:57","slug":"penonome-tendra-una-renovada-planta-potabilizadora-con-el-doble-de-capacidad-para-distribuir-agua-4","status":"publish","type":"post","link":"https:\/\/mifavorita.com.pa\/2017\/penonome-tendra-una-renovada-planta-potabilizadora-con-el-doble-de-capacidad-para-distribuir-agua-4\/","title":{"rendered":"PENONOM\u00c9 TENDR\u00c1 UNA RENOVADA PLANTA POTABILIZADORA CON EL DOBLE DE CAPACIDAD PARA DISTRIBUIR AGUA"},"content":{"rendered":"<p>Unos 6 millones de galones de agua potable por d\u00eda recibir\u00e1n los residentes de Penonom\u00e9 tras la remodelaci\u00f3n completa y cambio de toma de agua de la nueva potabilizadora, obras que deben iniciar tras la orden de proceder por parte del gobierno central, por ahora, el contrato ya fue refrendado por la Contralor\u00eda.<\/p>\n<p>As\u00ed lo anunci\u00f3 Julio De La Guardia, diputado del circuito 2-1, quien destac\u00f3 que actualmente son 3 millones de galones los que produce la potabilizadora al d\u00eda, y duplicar\u00eda su capacidad con los trabajos que deben comenzar en los pr\u00f3ximos meses y que durar\u00e1n 4 a\u00f1os, sin embargo, resalt\u00f3 que en 2 ya debe duplicarse la producci\u00f3n.<\/p>\n<p>Seg\u00fan el diputado la orden de proceder no debe demorar, y adem\u00e1s, se est\u00e1n contemplando otros proyectos para el beneficio del sistema de agua como un nuevo alcantarillado que requerir\u00e1 el reemplazo de  tuber\u00edas en varios puntos del pueblo y un nuevo sistema de aguas residuales.<\/p>\n<p>El contralor Anel Flores, tambi\u00e9n refrend\u00f3 los contratos de las potabilizadoras de Nata y de San Carlos, por lo que se espera un buen avance en cada una de estas obras.<\/p>\n","protected":false},"excerpt":{"rendered":"<p>Unos 6 millones de galones de agua potable por d\u00eda recibir\u00e1n los residentes de Penonom\u00e9 tras la remodelaci\u00f3n completa y cambio de toma de agua de la nueva potabilizadora, obras que deben iniciar tras la orden de proceder por parte del gobierno central, por ahora, el contrato ya fue refrendado por la Contralor\u00eda. As\u00ed lo [&hellip;]<\/p>\n","protected":false},"author":2,"featured_media":20721,"comment_status":"open","ping_status":"open","sticky":false,"template":"","format":"standard","meta":{"footnotes":""},"categories":[17,1],"tags":[],"class_list":["post-20728","post","type-post","status-publish","format-standard","has-post-thumbnail","hentry","category-comunitaria","category-noticias"],"_links":{"self":[{"href":"https:\/\/mifavorita.com.pa\/2017\/wp-json\/wp\/v2\/posts\/20728","targetHints":{"allow":["GET"]}}],"collection":[{"href":"https:\/\/mifavorita.com.pa\/2017\/wp-json\/wp\/v2\/posts"}],"about":[{"href":"https:\/\/mifavorita.com.pa\/2017\/wp-json\/wp\/v2\/types\/post"}],"author":[{"embeddable":true,"href":"https:\/\/mifavorita.com.pa\/2017\/wp-json\/wp\/v2\/users\/2"}],"replies":[{"embeddable":true,"href":"https:\/\/mifavorita.com.pa\/2017\/wp-json\/wp\/v2\/comments?post=20728"}],"version-history":[{"count":1,"href":"https:\/\/mifavorita.com.pa\/2017\/wp-json\/wp\/v2\/posts\/20728\/revisions"}],"predecessor-version":[{"id":20729,"href":"https:\/\/mifavorita.com.pa\/2017\/wp-json\/wp\/v2\/posts\/20728\/revisions\/20729"}],"wp:featuredmedia":[{"embeddable":true,"href":"https:\/\/mifavorita.com.pa\/2017\/wp-json\/wp\/v2\/media\/20721"}],"wp:attachment":[{"href":"https:\/\/mifavorita.com.pa\/2017\/wp-json\/wp\/v2\/media?parent=20728"}],"wp:term":[{"taxonomy":"category","embeddable":true,"href":"https:\/\/mifavorita.com.pa\/2017\/wp-json\/wp\/v2\/categories?post=20728"},{"taxonomy":"post_tag","embeddable":true,"href":"https:\/\/mifavorita.com.pa\/2017\/wp-json\/wp\/v2\/tags?post=20728"}],"curies":[{"name":"wp","href":"https:\/\/api.w.org\/{rel}","templated":true}]}}