{"id":20735,"date":"2026-03-10T19:15:35","date_gmt":"2026-03-10T19:15:35","guid":{"rendered":"https:\/\/mifavorita.com.pa\/2017\/?p=20735"},"modified":"2026-03-12T19:44:48","modified_gmt":"2026-03-12T19:44:48","slug":"festival-de-cumbia-elias-macano-fernandez-celebrara-su-sexta-edicion-3","status":"publish","type":"post","link":"https:\/\/mifavorita.com.pa\/2017\/festival-de-cumbia-elias-macano-fernandez-celebrara-su-sexta-edicion-3\/","title":{"rendered":"FESTIVAL DE CUMBIA EL\u00cdAS \u00abMACANO\u00bb FERN\u00c1NDEZ CELEBRAR\u00c1 SU SEXTA EDICI\u00d3N"},"content":{"rendered":"<p>Para resguardar el legado y conservar el toque y baile de la cumbia norte de Penonom\u00e9, este s\u00e1bado 14 de marzo la comunidad de El Cocal celebrar\u00e1 la sexta edici\u00f3n del festival de cumbia El\u00edas \u00abMacano\u00bb Fern\u00e1ndez con actividades que iniciar\u00e1n a las 2 de la tarde con la coronaci\u00f3n de la reina 2026, G\u00e9nesis Quintero, y el encuentro de agrupaciones folcl\u00f3ricas de todo el pa\u00eds desde el rancho Victoriano Lorenzo.<\/p>\n<p>Pese a la falta de apoyo gubernamental los organizadores mantienen firme su convicci\u00f3n de resguardar con cuidado y orgullo sus tradiciones de la cumbia norte qu\u00e9 se diferencia de cumbias de otras regiones.<\/p>\n<p>Rafael Candelaria del equipo organizador explic\u00f3 que este a\u00f1o no tendr\u00e1n una competencia como tal sino un espacio para que 5 agrupaciones puedan presentar sus destrezas y compartir con el p\u00fablico.<\/p>\n<p>Candelaria dijo tambi\u00e9n que realmente el evento representa un gasto pese a entradas de las ventas de comidas y refrescos, pues cada invitado merece atenci\u00f3n, y que por ello s\u00f3lo se realiza un s\u00f3lo d\u00eda, tomando en cuenta los sacrificios e inversi\u00f3n de cada invitado.<br \/>\nDe igual manera Evelyn N\u00fa\u00f1ez manifest\u00f3 que las agrupaciones son de varios lugares como Penonom\u00e9 y La Pintada, adem\u00e1s de una agrupaci\u00f3n que viajar\u00e1 desde Oc\u00fa.<\/p>\n<p>Este a\u00f1o se homenajear\u00e1 a 2 agrupaciones: el<br \/>\nConjunto de Proyecciones Folcl\u00f3ricas<br \/>\nRescatemos el Folclor de Churuquita Chiquita \u0443 el conjunto de cumbia Glorias Cocale\u00f1as de esta misma comunidad.<\/p>\n<p>Los conjuntos ganadores en otras ediciones tambi\u00e9n se dar\u00e1n cita a para apoyar este evento, adem\u00e1s ya mantienen planes para preservar la cumbia norte en las nuevas generaciones y que el legado de Don El\u00edas Fern\u00e1ndez nunca desaparezca.<\/p>\n","protected":false},"excerpt":{"rendered":"<p>Para resguardar el legado y conservar el toque y baile de la cumbia norte de Penonom\u00e9, este s\u00e1bado 14 de marzo la comunidad de El Cocal celebrar\u00e1 la sexta edici\u00f3n del festival de cumbia El\u00edas \u00abMacano\u00bb Fern\u00e1ndez con actividades que iniciar\u00e1n a las 2 de la tarde con la coronaci\u00f3n de la reina 2026, G\u00e9nesis [&hellip;]<\/p>\n","protected":false},"author":2,"featured_media":20730,"comment_status":"open","ping_status":"open","sticky":false,"template":"","format":"standard","meta":{"footnotes":""},"categories":[30,1],"tags":[],"class_list":["post-20735","post","type-post","status-publish","format-standard","has-post-thumbnail","hentry","category-cultura","category-noticias"],"_links":{"self":[{"href":"https:\/\/mifavorita.com.pa\/2017\/wp-json\/wp\/v2\/posts\/20735","targetHints":{"allow":["GET"]}}],"collection":[{"href":"https:\/\/mifavorita.com.pa\/2017\/wp-json\/wp\/v2\/posts"}],"about":[{"href":"https:\/\/mifavorita.com.pa\/2017\/wp-json\/wp\/v2\/types\/post"}],"author":[{"embeddable":true,"href":"https:\/\/mifavorita.com.pa\/2017\/wp-json\/wp\/v2\/users\/2"}],"replies":[{"embeddable":true,"href":"https:\/\/mifavorita.com.pa\/2017\/wp-json\/wp\/v2\/comments?post=20735"}],"version-history":[{"count":1,"href":"https:\/\/mifavorita.com.pa\/2017\/wp-json\/wp\/v2\/posts\/20735\/revisions"}],"predecessor-version":[{"id":20736,"href":"https:\/\/mifavorita.com.pa\/2017\/wp-json\/wp\/v2\/posts\/20735\/revisions\/20736"}],"wp:featuredmedia":[{"embeddable":true,"href":"https:\/\/mifavorita.com.pa\/2017\/wp-json\/wp\/v2\/media\/20730"}],"wp:attachment":[{"href":"https:\/\/mifavorita.com.pa\/2017\/wp-json\/wp\/v2\/media?parent=20735"}],"wp:term":[{"taxonomy":"category","embeddable":true,"href":"https:\/\/mifavorita.com.pa\/2017\/wp-json\/wp\/v2\/categories?post=20735"},{"taxonomy":"post_tag","embeddable":true,"href":"https:\/\/mifavorita.com.pa\/2017\/wp-json\/wp\/v2\/tags?post=20735"}],"curies":[{"name":"wp","href":"https:\/\/api.w.org\/{rel}","templated":true}]}}