{"id":20744,"date":"2026-03-10T20:55:37","date_gmt":"2026-03-10T20:55:37","guid":{"rendered":"https:\/\/mifavorita.com.pa\/2017\/?p=20744"},"modified":"2026-03-10T21:01:38","modified_gmt":"2026-03-10T21:01:38","slug":"investigan-hallazgo-del-cadaver-de-una-mujer-en-estado-de-putrefaccion-en-tucue","status":"publish","type":"post","link":"https:\/\/mifavorita.com.pa\/2017\/investigan-hallazgo-del-cadaver-de-una-mujer-en-estado-de-putrefaccion-en-tucue\/","title":{"rendered":"INVESTIGAN HALLAZGO DEL CAD\u00c1VER DE UNA MUJER EN ESTADO DE PUTREFACCI\u00d3N EN TUCU\u00c9."},"content":{"rendered":"\n<p>El Ministerio P\u00fablico en la provincia de Cocl\u00e9 inici\u00f3 una investigaci\u00f3n por el hallazgo del cad\u00e1ver de una mujer en estado de descomposici\u00f3n hecho ocurrido la noche del lunes 9 de marzo en la comunidad de Tucu\u00e9 en el corregimiento de Boca de Tucu\u00e9 al norte del distrito de Penonom\u00e9.<\/p>\n\n\n\n<p>Seg\u00fan informaci\u00f3n obtenida, se trata de una joven de 21 a\u00f1os residente en la comunidad que sali\u00f3 de su casa el pasado domingo 1 de marzo, seg\u00fan dijo a sus padres a pagar unos n\u00fameros y nunca regres\u00f3, pero sus padres pensaron que se habr\u00eda ido con el novio como tenia de costumbre y por esta raz\u00f3n no hicieron ning\u00fan reporte a la polic\u00eda.<\/p>\n\n\n\n<p>No fue hasta la tarde de este lunes 9 de marzo cuando le dijeron al padre de la joven que hab\u00edan avistado un cuerpo a unos 10 minutos de su residencia tirado en una quebrada y al ir a verificar se encontraron con el cuerpo ya en estado de descomposici\u00f3n, por lo que se dio aviso a las autoridades.<\/p>\n\n\n\n<p>La Fiscal\u00eda de Homicidios y Femicidios de la provincia de Cocl\u00e9 acudi\u00f3 al sitio para el levantamiento del cad\u00e1ver e iniciar una investigaci\u00f3n por este lamentable caso que mantiene consternados a los residentes de Tucu\u00e9 y comunidades vecinas, pues se trataba de una joven tranquila miembro de una familia muy humilde y que adem\u00e1s deja a un ni\u00f1o muy peque\u00f1o en orfandad.<\/p>\n\n\n\n<p>Las investigaciones deber\u00e1n determinar las cusas de muerte de la joven mujer y verificar si se trat\u00f3 de una muerte natural o un nuevo caso de femicidio.<\/p>\n\n\n\n<p><\/p>\n","protected":false},"excerpt":{"rendered":"<p>El Ministerio P\u00fablico en la provincia de Cocl\u00e9 inici\u00f3 una investigaci\u00f3n por el hallazgo del cad\u00e1ver de una mujer en estado de descomposici\u00f3n hecho ocurrido la noche del lunes 9 de marzo en la comunidad de Tucu\u00e9 en el corregimiento de Boca de Tucu\u00e9 al norte del distrito de Penonom\u00e9. Seg\u00fan informaci\u00f3n obtenida, se trata [&hellip;]<\/p>\n","protected":false},"author":5,"featured_media":20745,"comment_status":"open","ping_status":"open","sticky":false,"template":"","format":"standard","meta":{"footnotes":""},"categories":[18,1,37],"tags":[],"class_list":["post-20744","post","type-post","status-publish","format-standard","has-post-thumbnail","hentry","category-policiales","category-noticias","category-policivas"],"_links":{"self":[{"href":"https:\/\/mifavorita.com.pa\/2017\/wp-json\/wp\/v2\/posts\/20744","targetHints":{"allow":["GET"]}}],"collection":[{"href":"https:\/\/mifavorita.com.pa\/2017\/wp-json\/wp\/v2\/posts"}],"about":[{"href":"https:\/\/mifavorita.com.pa\/2017\/wp-json\/wp\/v2\/types\/post"}],"author":[{"embeddable":true,"href":"https:\/\/mifavorita.com.pa\/2017\/wp-json\/wp\/v2\/users\/5"}],"replies":[{"embeddable":true,"href":"https:\/\/mifavorita.com.pa\/2017\/wp-json\/wp\/v2\/comments?post=20744"}],"version-history":[{"count":1,"href":"https:\/\/mifavorita.com.pa\/2017\/wp-json\/wp\/v2\/posts\/20744\/revisions"}],"predecessor-version":[{"id":20746,"href":"https:\/\/mifavorita.com.pa\/2017\/wp-json\/wp\/v2\/posts\/20744\/revisions\/20746"}],"wp:featuredmedia":[{"embeddable":true,"href":"https:\/\/mifavorita.com.pa\/2017\/wp-json\/wp\/v2\/media\/20745"}],"wp:attachment":[{"href":"https:\/\/mifavorita.com.pa\/2017\/wp-json\/wp\/v2\/media?parent=20744"}],"wp:term":[{"taxonomy":"category","embeddable":true,"href":"https:\/\/mifavorita.com.pa\/2017\/wp-json\/wp\/v2\/categories?post=20744"},{"taxonomy":"post_tag","embeddable":true,"href":"https:\/\/mifavorita.com.pa\/2017\/wp-json\/wp\/v2\/tags?post=20744"}],"curies":[{"name":"wp","href":"https:\/\/api.w.org\/{rel}","templated":true}]}}