{"id":20754,"date":"2026-03-10T21:16:53","date_gmt":"2026-03-10T21:16:53","guid":{"rendered":"https:\/\/mifavorita.com.pa\/2017\/?p=20754"},"modified":"2026-03-12T19:44:37","modified_gmt":"2026-03-12T19:44:37","slug":"aeronaval-reafirma-su-lucha-contra-el-narcotrafico-y-delitos-en-costas-coclesanas-2","status":"publish","type":"post","link":"https:\/\/mifavorita.com.pa\/2017\/aeronaval-reafirma-su-lucha-contra-el-narcotrafico-y-delitos-en-costas-coclesanas-2\/","title":{"rendered":"AERONAVAL REAFIRMA SU LUCHA CONTRA EL NARCOTRAFICO Y DELITOS EN COSTAS COCLESANAS"},"content":{"rendered":"<p>Como parte de las operaciones del Servicio Nacional Aeronaval en contra del tr\u00e1fico de sustancias il\u00edcitas en las costas paname\u00f1as, en este 2026, ya se han incautado un total de 18 mil 442 paquetes de diversas drogas, con un total de 29 personas aprehendidas, representando un valor en mercanc\u00edas de 332 millones de balboas, estas entre otras acciones que lleva a cabo la instituci\u00f3n.<\/p>\n<p>Y es que como parte de las acciones preventivas, tambi\u00e9n el Servicio Nacional Aeronaval mantiene especial vigilancia en las costas coclesanas que, en los \u00faltimos a\u00f1os, han sido punto estrat\u00e9gico para el trasiego de sustancias, por ello, mantienen permanente comunicaci\u00f3n con los pescadores con su programa de pescadores vigilantes.<\/p>\n<p><img fetchpriority=\"high\" decoding=\"async\" src=\"https:\/\/mifavorita.com.pa\/2017\/wp-content\/uploads\/2026\/03\/img-20260310-wa03862661953359434883932.jpg\" class=\"wp-image-20749 alignnone size-full\" width=\"1328\" height=\"1432\" srcset=\"https:\/\/mifavorita.com.pa\/2017\/wp-content\/uploads\/2026\/03\/img-20260310-wa03862661953359434883932.jpg 1328w, https:\/\/mifavorita.com.pa\/2017\/wp-content\/uploads\/2026\/03\/img-20260310-wa03862661953359434883932-278x300.jpg 278w, https:\/\/mifavorita.com.pa\/2017\/wp-content\/uploads\/2026\/03\/img-20260310-wa03862661953359434883932-950x1024.jpg 950w, https:\/\/mifavorita.com.pa\/2017\/wp-content\/uploads\/2026\/03\/img-20260310-wa03862661953359434883932-768x828.jpg 768w, https:\/\/mifavorita.com.pa\/2017\/wp-content\/uploads\/2026\/03\/img-20260310-wa03862661953359434883932-700x755.jpg 700w, https:\/\/mifavorita.com.pa\/2017\/wp-content\/uploads\/2026\/03\/img-20260310-wa03862661953359434883932-500x539.jpg 500w\" sizes=\"(max-width: 1328px) 100vw, 1328px\" \/><\/p>\n<p>Alberto Mccogley, de la Aeronaval, explic\u00f3 que permanentemente est\u00e1n custodiando las costas de las comunidades de La Pacora, Santa Clara, Farall\u00f3n y Juan Hombr\u00f3n en Ant\u00f3n, as\u00ed como tambi\u00e9n El Salado y otras \u00e1reas cercanas, ademas de la coordinaci\u00f3n con los residentes a trav\u00e9s del Programa de Pescadores Vigilantes y su l\u00ednea 108.<\/p>\n<p><img decoding=\"async\" src=\"https:\/\/mifavorita.com.pa\/2017\/wp-content\/uploads\/2026\/03\/img-20260310-wa03874446316075234850349.jpg\" class=\"wp-image-20751 alignnone size-full\" width=\"1239\" height=\"1439\" srcset=\"https:\/\/mifavorita.com.pa\/2017\/wp-content\/uploads\/2026\/03\/img-20260310-wa03874446316075234850349.jpg 1239w, https:\/\/mifavorita.com.pa\/2017\/wp-content\/uploads\/2026\/03\/img-20260310-wa03874446316075234850349-258x300.jpg 258w, https:\/\/mifavorita.com.pa\/2017\/wp-content\/uploads\/2026\/03\/img-20260310-wa03874446316075234850349-882x1024.jpg 882w, https:\/\/mifavorita.com.pa\/2017\/wp-content\/uploads\/2026\/03\/img-20260310-wa03874446316075234850349-768x892.jpg 768w, https:\/\/mifavorita.com.pa\/2017\/wp-content\/uploads\/2026\/03\/img-20260310-wa03874446316075234850349-700x813.jpg 700w, https:\/\/mifavorita.com.pa\/2017\/wp-content\/uploads\/2026\/03\/img-20260310-wa03874446316075234850349-500x581.jpg 500w\" sizes=\"(max-width: 1239px) 100vw, 1239px\" \/><\/p>\n<p>La unidad tambi\u00e9n detall\u00f3 que de las sustancias decomisadas est\u00e1n 18 mil 442 paquetes de presunta coca\u00edna, unos 12 mil 843 paquetes de mariguana y unos 491 paquetes de sustancias por determinar.<\/p>\n<p><img decoding=\"async\" src=\"https:\/\/mifavorita.com.pa\/2017\/wp-content\/uploads\/2026\/03\/img-20260310-wa03883317018473905984535.jpg\" class=\"wp-image-20750 alignnone size-full\" width=\"1204\" height=\"1600\" srcset=\"https:\/\/mifavorita.com.pa\/2017\/wp-content\/uploads\/2026\/03\/img-20260310-wa03883317018473905984535.jpg 1204w, https:\/\/mifavorita.com.pa\/2017\/wp-content\/uploads\/2026\/03\/img-20260310-wa03883317018473905984535-226x300.jpg 226w, https:\/\/mifavorita.com.pa\/2017\/wp-content\/uploads\/2026\/03\/img-20260310-wa03883317018473905984535-771x1024.jpg 771w, https:\/\/mifavorita.com.pa\/2017\/wp-content\/uploads\/2026\/03\/img-20260310-wa03883317018473905984535-768x1021.jpg 768w, https:\/\/mifavorita.com.pa\/2017\/wp-content\/uploads\/2026\/03\/img-20260310-wa03883317018473905984535-1156x1536.jpg 1156w, https:\/\/mifavorita.com.pa\/2017\/wp-content\/uploads\/2026\/03\/img-20260310-wa03883317018473905984535-700x930.jpg 700w, https:\/\/mifavorita.com.pa\/2017\/wp-content\/uploads\/2026\/03\/img-20260310-wa03883317018473905984535-500x664.jpg 500w\" sizes=\"(max-width: 1204px) 100vw, 1204px\" \/><\/p>\n<p>En esta temporada de veda del camar\u00f3n, las unidades de la Aeronaval tambi\u00e9n mantienen f\u00e9rreos operativos para evitar que se incumpla la norma.<\/p>\n<p>Con respecto a la preocupaci\u00f3n de pescadores de comunidades como La Pacora, ante casos de hurto y presencia de delincuentes, la Aeronaval resalt\u00f3 que ya existen planes para establecer un puesto permanente en Playa Juan Hombr\u00f3n, similar a El Salado, y poder mantener el control de la vigilancia.<\/p>\n","protected":false},"excerpt":{"rendered":"<p>Como parte de las operaciones del Servicio Nacional Aeronaval en contra del tr\u00e1fico de sustancias il\u00edcitas en las costas paname\u00f1as, en este 2026, ya se han incautado un total de 18 mil 442 paquetes de diversas drogas, con un total de 29 personas aprehendidas, representando un valor en mercanc\u00edas de 332 millones de balboas, estas [&hellip;]<\/p>\n","protected":false},"author":2,"featured_media":20748,"comment_status":"open","ping_status":"open","sticky":false,"template":"","format":"standard","meta":{"footnotes":""},"categories":[17,1],"tags":[],"class_list":["post-20754","post","type-post","status-publish","format-standard","has-post-thumbnail","hentry","category-comunitaria","category-noticias"],"_links":{"self":[{"href":"https:\/\/mifavorita.com.pa\/2017\/wp-json\/wp\/v2\/posts\/20754","targetHints":{"allow":["GET"]}}],"collection":[{"href":"https:\/\/mifavorita.com.pa\/2017\/wp-json\/wp\/v2\/posts"}],"about":[{"href":"https:\/\/mifavorita.com.pa\/2017\/wp-json\/wp\/v2\/types\/post"}],"author":[{"embeddable":true,"href":"https:\/\/mifavorita.com.pa\/2017\/wp-json\/wp\/v2\/users\/2"}],"replies":[{"embeddable":true,"href":"https:\/\/mifavorita.com.pa\/2017\/wp-json\/wp\/v2\/comments?post=20754"}],"version-history":[{"count":1,"href":"https:\/\/mifavorita.com.pa\/2017\/wp-json\/wp\/v2\/posts\/20754\/revisions"}],"predecessor-version":[{"id":20755,"href":"https:\/\/mifavorita.com.pa\/2017\/wp-json\/wp\/v2\/posts\/20754\/revisions\/20755"}],"wp:featuredmedia":[{"embeddable":true,"href":"https:\/\/mifavorita.com.pa\/2017\/wp-json\/wp\/v2\/media\/20748"}],"wp:attachment":[{"href":"https:\/\/mifavorita.com.pa\/2017\/wp-json\/wp\/v2\/media?parent=20754"}],"wp:term":[{"taxonomy":"category","embeddable":true,"href":"https:\/\/mifavorita.com.pa\/2017\/wp-json\/wp\/v2\/categories?post=20754"},{"taxonomy":"post_tag","embeddable":true,"href":"https:\/\/mifavorita.com.pa\/2017\/wp-json\/wp\/v2\/tags?post=20754"}],"curies":[{"name":"wp","href":"https:\/\/api.w.org\/{rel}","templated":true}]}}