{"id":20775,"date":"2026-03-10T21:33:23","date_gmt":"2026-03-10T21:33:23","guid":{"rendered":"https:\/\/mifavorita.com.pa\/2017\/?p=20775"},"modified":"2026-03-12T19:44:30","modified_gmt":"2026-03-12T19:44:30","slug":"reconocen-trayectoria-de-7-mujeres-en-marco-del-dia-internacional-de-la-mujer-en-cocle","status":"publish","type":"post","link":"https:\/\/mifavorita.com.pa\/2017\/reconocen-trayectoria-de-7-mujeres-en-marco-del-dia-internacional-de-la-mujer-en-cocle\/","title":{"rendered":"RECONOCEN TRAYECTORIA DE 7 MUJERES EN MARCO DEL D\u00cdA INTERNACIONAL DE LA MUJER EN COCL\u00c9"},"content":{"rendered":"<p>Unas 7 mujeres coclesanas fueron destacadas por sus aportes en distintos \u00e1mbitos a la sociedad en marco del D\u00eda Internacional de la Mujer, a trav\u00e9s de un panel denominado \u00abEquidad de derechos, justicia de g\u00e9nero, oportunidades y acci\u00f3n para mujeres y ni\u00f1as\u201d organizado por diversas entidades como SERVAS Panam\u00e1, Voces de Mujeres Afrodescendientes, Asociaci\u00f3n de Psic\u00f3logos de Panam\u00e1, entre otros, el pasado 9 de marzo.<\/p>\n<p>Este evento adem\u00e1s reuni\u00f3 a mujeres que convergen en \u00e1reas como el cooperativismo, liderazgo juvenil, las Ciencias Pol\u00edticas y el activismo social, para discutir la actualidad de las oportunidades igualitarias para hombres y mujeres en la provincia.<\/p>\n<p><img fetchpriority=\"high\" decoding=\"async\" src=\"https:\/\/mifavorita.com.pa\/2017\/wp-content\/uploads\/2026\/03\/img-20260310-wa03916465588280978602100.jpg\" class=\"wp-image-20763 alignnone size-full\" width=\"1600\" height=\"900\" srcset=\"https:\/\/mifavorita.com.pa\/2017\/wp-content\/uploads\/2026\/03\/img-20260310-wa03916465588280978602100.jpg 1600w, https:\/\/mifavorita.com.pa\/2017\/wp-content\/uploads\/2026\/03\/img-20260310-wa03916465588280978602100-300x169.jpg 300w, https:\/\/mifavorita.com.pa\/2017\/wp-content\/uploads\/2026\/03\/img-20260310-wa03916465588280978602100-1024x576.jpg 1024w, https:\/\/mifavorita.com.pa\/2017\/wp-content\/uploads\/2026\/03\/img-20260310-wa03916465588280978602100-768x432.jpg 768w, https:\/\/mifavorita.com.pa\/2017\/wp-content\/uploads\/2026\/03\/img-20260310-wa03916465588280978602100-1536x864.jpg 1536w, https:\/\/mifavorita.com.pa\/2017\/wp-content\/uploads\/2026\/03\/img-20260310-wa03916465588280978602100-700x394.jpg 700w, https:\/\/mifavorita.com.pa\/2017\/wp-content\/uploads\/2026\/03\/img-20260310-wa03916465588280978602100-500x281.jpg 500w\" sizes=\"(max-width: 1600px) 100vw, 1600px\" \/><br \/>\nFlor Cano de Picota agrupaci\u00f3n SERVAS Panam\u00e1 y Asociaci\u00f3n de Psic\u00f3logos Paname\u00f1os, explic\u00f3 que esta actividad busc\u00f3 visibilizar la equidad y la defensa de las mujeres  en este d\u00eda tan significativo para todas ellas, en donde se seleccionaron 7 mujeres para honrar su trayectoria dentro de Cocl\u00e9.<\/p>\n<p><img decoding=\"async\" src=\"https:\/\/mifavorita.com.pa\/2017\/wp-content\/uploads\/2026\/03\/img-20260310-wa03921268787939488251749.jpg\" class=\"wp-image-20764 alignnone size-full\" width=\"1600\" height=\"900\" srcset=\"https:\/\/mifavorita.com.pa\/2017\/wp-content\/uploads\/2026\/03\/img-20260310-wa03921268787939488251749.jpg 1600w, https:\/\/mifavorita.com.pa\/2017\/wp-content\/uploads\/2026\/03\/img-20260310-wa03921268787939488251749-300x169.jpg 300w, https:\/\/mifavorita.com.pa\/2017\/wp-content\/uploads\/2026\/03\/img-20260310-wa03921268787939488251749-1024x576.jpg 1024w, https:\/\/mifavorita.com.pa\/2017\/wp-content\/uploads\/2026\/03\/img-20260310-wa03921268787939488251749-768x432.jpg 768w, https:\/\/mifavorita.com.pa\/2017\/wp-content\/uploads\/2026\/03\/img-20260310-wa03921268787939488251749-1536x864.jpg 1536w, https:\/\/mifavorita.com.pa\/2017\/wp-content\/uploads\/2026\/03\/img-20260310-wa03921268787939488251749-700x394.jpg 700w, https:\/\/mifavorita.com.pa\/2017\/wp-content\/uploads\/2026\/03\/img-20260310-wa03921268787939488251749-500x281.jpg 500w\" sizes=\"(max-width: 1600px) 100vw, 1600px\" \/><br \/>\nPor su parte Alma Yerina Fern\u00e1ndez gerente de Radio Est\u00e9reo Mi Favorita y una de las mujeres destacadas explic\u00f3 que sigue un legado de su padre, de dar voz a quienes no la tienen a trav\u00e9s del medio de comunicaci\u00f3n,  y dedic\u00f3 el reconocimiento a todo su equipo de trabajo.<\/p>\n<p><img decoding=\"async\" src=\"https:\/\/mifavorita.com.pa\/2017\/wp-content\/uploads\/2026\/03\/img-20260310-wa03947366119605607649831.jpg\" class=\"wp-image-20765 alignnone size-full\" width=\"1600\" height=\"900\" srcset=\"https:\/\/mifavorita.com.pa\/2017\/wp-content\/uploads\/2026\/03\/img-20260310-wa03947366119605607649831.jpg 1600w, https:\/\/mifavorita.com.pa\/2017\/wp-content\/uploads\/2026\/03\/img-20260310-wa03947366119605607649831-300x169.jpg 300w, https:\/\/mifavorita.com.pa\/2017\/wp-content\/uploads\/2026\/03\/img-20260310-wa03947366119605607649831-1024x576.jpg 1024w, https:\/\/mifavorita.com.pa\/2017\/wp-content\/uploads\/2026\/03\/img-20260310-wa03947366119605607649831-768x432.jpg 768w, https:\/\/mifavorita.com.pa\/2017\/wp-content\/uploads\/2026\/03\/img-20260310-wa03947366119605607649831-1536x864.jpg 1536w, https:\/\/mifavorita.com.pa\/2017\/wp-content\/uploads\/2026\/03\/img-20260310-wa03947366119605607649831-700x394.jpg 700w, https:\/\/mifavorita.com.pa\/2017\/wp-content\/uploads\/2026\/03\/img-20260310-wa03947366119605607649831-500x281.jpg 500w\" sizes=\"(max-width: 1600px) 100vw, 1600px\" \/><br \/>\nDe igual manera, Priscila Campos, otra de las mujeres destacadas y modista de alta costura de profesi\u00f3n, dijo que es una oportunidad para destacar el trabajo que las muchas mujeres a quienes ha ense\u00f1ado a coser, hacen para salir adelante, pues con constancia, cientos han pasado por sus cursos de indumentarias folcl\u00f3ricas.<\/p>\n<p><img loading=\"lazy\" decoding=\"async\" src=\"https:\/\/mifavorita.com.pa\/2017\/wp-content\/uploads\/2026\/03\/img-20260310-wa03958610010004872240471.jpg\" class=\"wp-image-20768 alignnone size-full\" width=\"1600\" height=\"900\" srcset=\"https:\/\/mifavorita.com.pa\/2017\/wp-content\/uploads\/2026\/03\/img-20260310-wa03958610010004872240471.jpg 1600w, https:\/\/mifavorita.com.pa\/2017\/wp-content\/uploads\/2026\/03\/img-20260310-wa03958610010004872240471-300x169.jpg 300w, https:\/\/mifavorita.com.pa\/2017\/wp-content\/uploads\/2026\/03\/img-20260310-wa03958610010004872240471-1024x576.jpg 1024w, https:\/\/mifavorita.com.pa\/2017\/wp-content\/uploads\/2026\/03\/img-20260310-wa03958610010004872240471-768x432.jpg 768w, https:\/\/mifavorita.com.pa\/2017\/wp-content\/uploads\/2026\/03\/img-20260310-wa03958610010004872240471-1536x864.jpg 1536w, https:\/\/mifavorita.com.pa\/2017\/wp-content\/uploads\/2026\/03\/img-20260310-wa03958610010004872240471-700x394.jpg 700w, https:\/\/mifavorita.com.pa\/2017\/wp-content\/uploads\/2026\/03\/img-20260310-wa03958610010004872240471-500x281.jpg 500w\" sizes=\"(max-width: 1600px) 100vw, 1600px\" \/>La profesora Juana Quir\u00f3s, asociada de la Cooperativa COEDUCO R.L., manifest\u00f3 tambi\u00e9n que todo el trabajo que ha desempa\u00f1o en la misma, se fundamenta en el \u00e9xito que ha consolidado su organizaci\u00f3n, la cual le hace estar orgullosa de como mujer, ser parte, y anim\u00f3 a otras a empoderarse.<\/p>\n<p><img loading=\"lazy\" decoding=\"async\" src=\"https:\/\/mifavorita.com.pa\/2017\/wp-content\/uploads\/2026\/03\/img-20260310-wa03933009983856432249017.jpg\" class=\"wp-image-20766 alignnone size-full\" width=\"1600\" height=\"900\" srcset=\"https:\/\/mifavorita.com.pa\/2017\/wp-content\/uploads\/2026\/03\/img-20260310-wa03933009983856432249017.jpg 1600w, https:\/\/mifavorita.com.pa\/2017\/wp-content\/uploads\/2026\/03\/img-20260310-wa03933009983856432249017-300x169.jpg 300w, https:\/\/mifavorita.com.pa\/2017\/wp-content\/uploads\/2026\/03\/img-20260310-wa03933009983856432249017-1024x576.jpg 1024w, https:\/\/mifavorita.com.pa\/2017\/wp-content\/uploads\/2026\/03\/img-20260310-wa03933009983856432249017-768x432.jpg 768w, https:\/\/mifavorita.com.pa\/2017\/wp-content\/uploads\/2026\/03\/img-20260310-wa03933009983856432249017-1536x864.jpg 1536w, https:\/\/mifavorita.com.pa\/2017\/wp-content\/uploads\/2026\/03\/img-20260310-wa03933009983856432249017-700x394.jpg 700w, https:\/\/mifavorita.com.pa\/2017\/wp-content\/uploads\/2026\/03\/img-20260310-wa03933009983856432249017-500x281.jpg 500w\" sizes=\"(max-width: 1600px) 100vw, 1600px\" \/><br \/>\nA esta actividad acudieron mujeres de instituciones p\u00fablicas, organizaciones civiles, y la sociedad en general, que abordaron temas de inter\u00e9s actual como la violencia de g\u00e9nero, oportunidades, educaci\u00f3n y crecimiento personal.<\/p>\n","protected":false},"excerpt":{"rendered":"<p>Unas 7 mujeres coclesanas fueron destacadas por sus aportes en distintos \u00e1mbitos a la sociedad en marco del D\u00eda Internacional de la Mujer, a trav\u00e9s de un panel denominado \u00abEquidad de derechos, justicia de g\u00e9nero, oportunidades y acci\u00f3n para mujeres y ni\u00f1as\u201d organizado por diversas entidades como SERVAS Panam\u00e1, Voces de Mujeres Afrodescendientes, Asociaci\u00f3n de [&hellip;]<\/p>\n","protected":false},"author":2,"featured_media":20762,"comment_status":"open","ping_status":"open","sticky":false,"template":"","format":"standard","meta":{"footnotes":""},"categories":[17,1],"tags":[],"class_list":["post-20775","post","type-post","status-publish","format-standard","has-post-thumbnail","hentry","category-comunitaria","category-noticias"],"_links":{"self":[{"href":"https:\/\/mifavorita.com.pa\/2017\/wp-json\/wp\/v2\/posts\/20775","targetHints":{"allow":["GET"]}}],"collection":[{"href":"https:\/\/mifavorita.com.pa\/2017\/wp-json\/wp\/v2\/posts"}],"about":[{"href":"https:\/\/mifavorita.com.pa\/2017\/wp-json\/wp\/v2\/types\/post"}],"author":[{"embeddable":true,"href":"https:\/\/mifavorita.com.pa\/2017\/wp-json\/wp\/v2\/users\/2"}],"replies":[{"embeddable":true,"href":"https:\/\/mifavorita.com.pa\/2017\/wp-json\/wp\/v2\/comments?post=20775"}],"version-history":[{"count":1,"href":"https:\/\/mifavorita.com.pa\/2017\/wp-json\/wp\/v2\/posts\/20775\/revisions"}],"predecessor-version":[{"id":20776,"href":"https:\/\/mifavorita.com.pa\/2017\/wp-json\/wp\/v2\/posts\/20775\/revisions\/20776"}],"wp:featuredmedia":[{"embeddable":true,"href":"https:\/\/mifavorita.com.pa\/2017\/wp-json\/wp\/v2\/media\/20762"}],"wp:attachment":[{"href":"https:\/\/mifavorita.com.pa\/2017\/wp-json\/wp\/v2\/media?parent=20775"}],"wp:term":[{"taxonomy":"category","embeddable":true,"href":"https:\/\/mifavorita.com.pa\/2017\/wp-json\/wp\/v2\/categories?post=20775"},{"taxonomy":"post_tag","embeddable":true,"href":"https:\/\/mifavorita.com.pa\/2017\/wp-json\/wp\/v2\/tags?post=20775"}],"curies":[{"name":"wp","href":"https:\/\/api.w.org\/{rel}","templated":true}]}}