{"id":20782,"date":"2026-03-11T21:20:46","date_gmt":"2026-03-11T21:20:46","guid":{"rendered":"https:\/\/mifavorita.com.pa\/2017\/?p=20782"},"modified":"2026-03-12T19:44:23","modified_gmt":"2026-03-12T19:44:23","slug":"padres-de-familia-de-la-escuela-victoriano-lorenzo-en-puerto-el-gago-suplican-apoyo-ante-invasion-de-palomas","status":"publish","type":"post","link":"https:\/\/mifavorita.com.pa\/2017\/padres-de-familia-de-la-escuela-victoriano-lorenzo-en-puerto-el-gago-suplican-apoyo-ante-invasion-de-palomas\/","title":{"rendered":"PADRES DE FAMILIA DE LA ESCUELA VICTORIANO LORENZO EN PUERTO EL GAGO SUPLICAN APOYO ANTE INVASI\u00d3N DE PALOMAS\u00a0"},"content":{"rendered":"<p>Preocupados se encuentran padres de familia de la Escuela Victoriano Lorenzo de Puerto El Gago en Penonom\u00e9 ante una invasi\u00f3n de palomas en las estructuras de los techados del centro, lo que amenaza la salud de estudiantes y docentes, esto desde el a\u00f1o 2024, y sin obtener ayuda de alguna instancia.<\/p>\n<p>La invasi\u00f3n de estos animales se concentra en un pasillo donde se imparte el nivel de tercero a sexto grado, y los ba\u00f1os del centro. Jennifer Rodr\u00edguez, madre de familia, explic\u00f3 que est\u00e1 desesperados porque ya hay piojitos en las aulas y ni\u00f1os afectados con condiciones respiratorias, que aunque no tienen certeza que es por los animales, las \u00e1reas comunes donde los ni\u00f1os conviven, hay excretas.<\/p>\n<p><img fetchpriority=\"high\" decoding=\"async\" src=\"https:\/\/mifavorita.com.pa\/2017\/wp-content\/uploads\/2026\/03\/20260311_0915148425090600904206107.jpg\" class=\"wp-image-20779 alignnone size-full\" width=\"1920\" height=\"1080\" srcset=\"https:\/\/mifavorita.com.pa\/2017\/wp-content\/uploads\/2026\/03\/20260311_0915148425090600904206107.jpg 1920w, https:\/\/mifavorita.com.pa\/2017\/wp-content\/uploads\/2026\/03\/20260311_0915148425090600904206107-300x169.jpg 300w, https:\/\/mifavorita.com.pa\/2017\/wp-content\/uploads\/2026\/03\/20260311_0915148425090600904206107-1024x576.jpg 1024w, https:\/\/mifavorita.com.pa\/2017\/wp-content\/uploads\/2026\/03\/20260311_0915148425090600904206107-768x432.jpg 768w, https:\/\/mifavorita.com.pa\/2017\/wp-content\/uploads\/2026\/03\/20260311_0915148425090600904206107-1536x864.jpg 1536w, https:\/\/mifavorita.com.pa\/2017\/wp-content\/uploads\/2026\/03\/20260311_0915148425090600904206107-700x394.jpg 700w, https:\/\/mifavorita.com.pa\/2017\/wp-content\/uploads\/2026\/03\/20260311_0915148425090600904206107-500x281.jpg 500w\" sizes=\"(max-width: 1920px) 100vw, 1920px\" \/><br \/>\nLa madre manifest\u00f3 que tienen otra situaci\u00f3n de agravante, pues el a\u00f1o pasado, la Presidenta del Club de Padres de Familia, supuestamente no entreg\u00f3 un dinero que correspond\u00eda al pago del Seguro Educativo, por lo que ahora temen que no exista cobertura total a sus hijos para este a\u00f1o.<\/p>\n<p><img decoding=\"async\" src=\"https:\/\/mifavorita.com.pa\/2017\/wp-content\/uploads\/2026\/03\/img-20260311-wa02786479771459301098160.jpg\" class=\"alignnone size-full wp-image-20780\" width=\"1200\" height=\"1600\" srcset=\"https:\/\/mifavorita.com.pa\/2017\/wp-content\/uploads\/2026\/03\/img-20260311-wa02786479771459301098160.jpg 1200w, https:\/\/mifavorita.com.pa\/2017\/wp-content\/uploads\/2026\/03\/img-20260311-wa02786479771459301098160-225x300.jpg 225w, https:\/\/mifavorita.com.pa\/2017\/wp-content\/uploads\/2026\/03\/img-20260311-wa02786479771459301098160-768x1024.jpg 768w, https:\/\/mifavorita.com.pa\/2017\/wp-content\/uploads\/2026\/03\/img-20260311-wa02786479771459301098160-1152x1536.jpg 1152w, https:\/\/mifavorita.com.pa\/2017\/wp-content\/uploads\/2026\/03\/img-20260311-wa02786479771459301098160-700x933.jpg 700w, https:\/\/mifavorita.com.pa\/2017\/wp-content\/uploads\/2026\/03\/img-20260311-wa02786479771459301098160-500x667.jpg 500w\" sizes=\"(max-width: 1200px) 100vw, 1200px\" \/><br \/>\nYoicy Buitrago, madre del centro, manifest\u00f3 que su ni\u00f1o desde que ingres\u00f3 a clases ha estado enfermo, y aunque no tiene certificaci\u00f3n que sea directamente por la presencia de los animales, est\u00e1 preocupada pues ya hay una docente que incluso ha sido incapacitada por asma.<\/p>\n<p>Por su parte, Candelaria Rivas, directora del plantel, brind\u00f3 a este medio un recorrido por las instalaciones de la escuela, en la que explic\u00f3 proyectos actuales, y se\u00f1al\u00f3 que de hecho si se han hecho los papeleos ante el Ministerio de Ambiente desde el 2024, los cuales incluso ya han visitado el lugar, sin embargo, no han tenido soluci\u00f3n.<\/p>\n<p><img decoding=\"async\" src=\"https:\/\/mifavorita.com.pa\/2017\/wp-content\/uploads\/2026\/03\/vid-20260311-wa02757482257224103895744.jpg\" class=\"wp-image-20781 alignnone size-full\" width=\"848\" height=\"478\" srcset=\"https:\/\/mifavorita.com.pa\/2017\/wp-content\/uploads\/2026\/03\/vid-20260311-wa02757482257224103895744.jpg 848w, https:\/\/mifavorita.com.pa\/2017\/wp-content\/uploads\/2026\/03\/vid-20260311-wa02757482257224103895744-300x169.jpg 300w, https:\/\/mifavorita.com.pa\/2017\/wp-content\/uploads\/2026\/03\/vid-20260311-wa02757482257224103895744-768x433.jpg 768w, https:\/\/mifavorita.com.pa\/2017\/wp-content\/uploads\/2026\/03\/vid-20260311-wa02757482257224103895744-700x395.jpg 700w, https:\/\/mifavorita.com.pa\/2017\/wp-content\/uploads\/2026\/03\/vid-20260311-wa02757482257224103895744-500x282.jpg 500w\" sizes=\"(max-width: 848px) 100vw, 848px\" \/><br \/>\nCon respecto al pago del Seguro Educativo, explic\u00f3 que antes del viernes de esta semana, ya deben tener respuesta para una empresa responsable, y que en el caso de la antigua presidenta, se realiz\u00f3 la denuncia correspondiente por la deuda ante el Juez de Paz.<\/p>\n<p>Los padres piden atenci\u00f3n urgente de las autoridades competentes pues temen que la situaci\u00f3n se agrave con los 106 ni\u00f1os y docentes que conviven en el lugar.<\/p>\n","protected":false},"excerpt":{"rendered":"<p>Preocupados se encuentran padres de familia de la Escuela Victoriano Lorenzo de Puerto El Gago en Penonom\u00e9 ante una invasi\u00f3n de palomas en las estructuras de los techados del centro, lo que amenaza la salud de estudiantes y docentes, esto desde el a\u00f1o 2024, y sin obtener ayuda de alguna instancia. La invasi\u00f3n de estos [&hellip;]<\/p>\n","protected":false},"author":2,"featured_media":20778,"comment_status":"open","ping_status":"open","sticky":false,"template":"","format":"standard","meta":{"footnotes":""},"categories":[17,40,1],"tags":[],"class_list":["post-20782","post","type-post","status-publish","format-standard","has-post-thumbnail","hentry","category-comunitaria","category-educacion","category-noticias"],"_links":{"self":[{"href":"https:\/\/mifavorita.com.pa\/2017\/wp-json\/wp\/v2\/posts\/20782","targetHints":{"allow":["GET"]}}],"collection":[{"href":"https:\/\/mifavorita.com.pa\/2017\/wp-json\/wp\/v2\/posts"}],"about":[{"href":"https:\/\/mifavorita.com.pa\/2017\/wp-json\/wp\/v2\/types\/post"}],"author":[{"embeddable":true,"href":"https:\/\/mifavorita.com.pa\/2017\/wp-json\/wp\/v2\/users\/2"}],"replies":[{"embeddable":true,"href":"https:\/\/mifavorita.com.pa\/2017\/wp-json\/wp\/v2\/comments?post=20782"}],"version-history":[{"count":1,"href":"https:\/\/mifavorita.com.pa\/2017\/wp-json\/wp\/v2\/posts\/20782\/revisions"}],"predecessor-version":[{"id":20783,"href":"https:\/\/mifavorita.com.pa\/2017\/wp-json\/wp\/v2\/posts\/20782\/revisions\/20783"}],"wp:featuredmedia":[{"embeddable":true,"href":"https:\/\/mifavorita.com.pa\/2017\/wp-json\/wp\/v2\/media\/20778"}],"wp:attachment":[{"href":"https:\/\/mifavorita.com.pa\/2017\/wp-json\/wp\/v2\/media?parent=20782"}],"wp:term":[{"taxonomy":"category","embeddable":true,"href":"https:\/\/mifavorita.com.pa\/2017\/wp-json\/wp\/v2\/categories?post=20782"},{"taxonomy":"post_tag","embeddable":true,"href":"https:\/\/mifavorita.com.pa\/2017\/wp-json\/wp\/v2\/tags?post=20782"}],"curies":[{"name":"wp","href":"https:\/\/api.w.org\/{rel}","templated":true}]}}