{"id":20797,"date":"2026-03-12T13:39:33","date_gmt":"2026-03-12T13:39:33","guid":{"rendered":"https:\/\/mifavorita.com.pa\/2017\/?p=20797"},"modified":"2026-03-12T19:44:18","modified_gmt":"2026-03-12T19:44:18","slug":"transportistas-y-usuarios-descontentos-con-resultados-de-reunion-en-aguadulce-pese-a-prorroga-de-la-attt-3","status":"publish","type":"post","link":"https:\/\/mifavorita.com.pa\/2017\/transportistas-y-usuarios-descontentos-con-resultados-de-reunion-en-aguadulce-pese-a-prorroga-de-la-attt-3\/","title":{"rendered":"TRANSPORTISTAS Y USUARIOS DESCONTENTOS CON RESULTADOS DE REUNI\u00d3N EN AGUADULCE, PESE A PR\u00d3RROGA DE LA ATTT"},"content":{"rendered":"<p>Tras estar varias horas reunidos, transportistas del sector colectivo y selectivo, al igual que usuarios del transporte de Aguadulce junto al Gobernador de la Provincia, Autoridad del Tr\u00e1nsito y Transporte Terrestre y otros representantes de instituciones, se estableci\u00f3 una pr\u00f3rroga de 30 d\u00edas para mantener el actual sistema de transporte interno en este distrito, el cual consta de que las rutas internas de las comunidades cercanas sean los que exclusivamente ingresen a recoger pasajeros al pueblo.<\/p>\n<p>Y es que tras a\u00f1os de discrepancias, la situaci\u00f3n con la organizaci\u00f3n de las rutas del transporte en AGuadulce, sigue siendo ca\u00f3tica, afectando principalmente a los usuarios que denuncian el gasto excesivo al tener que optar por transporte selectivo o tomar varios buses. Durante esta reuni\u00f3n, realizada en la C\u00e1mara de Comercio de ese distrito, nuevamente los desacuerdos salieron a relucir, y al culminarla, los participantes expresaron su descontento.<\/p>\n<p><img fetchpriority=\"high\" decoding=\"async\" src=\"https:\/\/mifavorita.com.pa\/2017\/wp-content\/uploads\/2026\/03\/20260311_1122596028734086952257837.jpg\" class=\"alignnone size-full wp-image-20791\" width=\"1920\" height=\"1080\" srcset=\"https:\/\/mifavorita.com.pa\/2017\/wp-content\/uploads\/2026\/03\/20260311_1122596028734086952257837.jpg 1920w, https:\/\/mifavorita.com.pa\/2017\/wp-content\/uploads\/2026\/03\/20260311_1122596028734086952257837-300x169.jpg 300w, https:\/\/mifavorita.com.pa\/2017\/wp-content\/uploads\/2026\/03\/20260311_1122596028734086952257837-1024x576.jpg 1024w, https:\/\/mifavorita.com.pa\/2017\/wp-content\/uploads\/2026\/03\/20260311_1122596028734086952257837-768x432.jpg 768w, https:\/\/mifavorita.com.pa\/2017\/wp-content\/uploads\/2026\/03\/20260311_1122596028734086952257837-1536x864.jpg 1536w, https:\/\/mifavorita.com.pa\/2017\/wp-content\/uploads\/2026\/03\/20260311_1122596028734086952257837-700x394.jpg 700w, https:\/\/mifavorita.com.pa\/2017\/wp-content\/uploads\/2026\/03\/20260311_1122596028734086952257837-500x281.jpg 500w\" sizes=\"(max-width: 1920px) 100vw, 1920px\" \/><\/p>\n<p>Edwin Villarreal, director encargado de la Autoridad de Transito, explic\u00f3 que mantendr\u00e1n el plan piloto que se estableci\u00f3 a principios de a\u00f1o con la posibilidad que rutas externas puedan ingresar al pueblo a solo a dejar pasajeros hasta que las prestatarias y los usuarios presenten propuestas para las rutas, ya que de lo contrario seguir\u00e1n las discrepancias.<\/p>\n<p>Uno de los transportistas de la ruta Nat\u00e1 -Aguadulce, indic\u00f3 que estaba en desacuerdo con los resultados de la reuni\u00f3n pues la Autoridad del Tr\u00e1nsito no est\u00e1 poniendo orden tampoco, y que igual, se mantiene el descontento de los usuarios, pues el que ellos ingresen al centro del pueblo, no afecta la econom\u00eda, sino que la ayuda.<img decoding=\"async\" src=\"https:\/\/mifavorita.com.pa\/2017\/wp-content\/uploads\/2026\/03\/20260311_1119283110011785594670715.jpg\" class=\"wp-image-20792 alignnone size-full\" width=\"1920\" height=\"1080\" srcset=\"https:\/\/mifavorita.com.pa\/2017\/wp-content\/uploads\/2026\/03\/20260311_1119283110011785594670715.jpg 1920w, https:\/\/mifavorita.com.pa\/2017\/wp-content\/uploads\/2026\/03\/20260311_1119283110011785594670715-300x169.jpg 300w, https:\/\/mifavorita.com.pa\/2017\/wp-content\/uploads\/2026\/03\/20260311_1119283110011785594670715-1024x576.jpg 1024w, https:\/\/mifavorita.com.pa\/2017\/wp-content\/uploads\/2026\/03\/20260311_1119283110011785594670715-768x432.jpg 768w, https:\/\/mifavorita.com.pa\/2017\/wp-content\/uploads\/2026\/03\/20260311_1119283110011785594670715-1536x864.jpg 1536w, https:\/\/mifavorita.com.pa\/2017\/wp-content\/uploads\/2026\/03\/20260311_1119283110011785594670715-700x394.jpg 700w, https:\/\/mifavorita.com.pa\/2017\/wp-content\/uploads\/2026\/03\/20260311_1119283110011785594670715-500x281.jpg 500w\" sizes=\"(max-width: 1920px) 100vw, 1920px\" \/><br \/>\nPor su parte, Xiomara Oses, usuaria del transporte manifest\u00f3 que realmente hay que poner orden y que dar pr\u00f3rroga a este plan no resuelve nada, y que por lo visto todo seguir\u00e1 igual, pues los transportistas de las rutas internas no est\u00e1n cumpliendo con el recorrido acordado, y que tampoco dejan que los buses de las rutas de otros pueblos presten el servicio.<\/p>\n<p>En este periodo de pr\u00f3rroga, las prestatarias del transporte y los usuarios, deben presentar ante la Autoridad del Tr\u00e1nsito unas hojas con propuestas para rutas y log\u00edstica para realizar una nueva reuni\u00f3n y por fin dar una soluci\u00f3n definitiva. En la reuni\u00f3n tambi\u00e9n se discuti\u00f3 la existencia de dos terminales de transporte, y que pueda s\u00f3lo concederse el permiso a una.<\/p>\n","protected":false},"excerpt":{"rendered":"<p>Tras estar varias horas reunidos, transportistas del sector colectivo y selectivo, al igual que usuarios del transporte de Aguadulce junto al Gobernador de la Provincia, Autoridad del Tr\u00e1nsito y Transporte Terrestre y otros representantes de instituciones, se estableci\u00f3 una pr\u00f3rroga de 30 d\u00edas para mantener el actual sistema de transporte interno en este distrito, el [&hellip;]<\/p>\n","protected":false},"author":2,"featured_media":20790,"comment_status":"open","ping_status":"open","sticky":false,"template":"","format":"standard","meta":{"footnotes":""},"categories":[17,1],"tags":[],"class_list":["post-20797","post","type-post","status-publish","format-standard","has-post-thumbnail","hentry","category-comunitaria","category-noticias"],"_links":{"self":[{"href":"https:\/\/mifavorita.com.pa\/2017\/wp-json\/wp\/v2\/posts\/20797","targetHints":{"allow":["GET"]}}],"collection":[{"href":"https:\/\/mifavorita.com.pa\/2017\/wp-json\/wp\/v2\/posts"}],"about":[{"href":"https:\/\/mifavorita.com.pa\/2017\/wp-json\/wp\/v2\/types\/post"}],"author":[{"embeddable":true,"href":"https:\/\/mifavorita.com.pa\/2017\/wp-json\/wp\/v2\/users\/2"}],"replies":[{"embeddable":true,"href":"https:\/\/mifavorita.com.pa\/2017\/wp-json\/wp\/v2\/comments?post=20797"}],"version-history":[{"count":1,"href":"https:\/\/mifavorita.com.pa\/2017\/wp-json\/wp\/v2\/posts\/20797\/revisions"}],"predecessor-version":[{"id":20798,"href":"https:\/\/mifavorita.com.pa\/2017\/wp-json\/wp\/v2\/posts\/20797\/revisions\/20798"}],"wp:featuredmedia":[{"embeddable":true,"href":"https:\/\/mifavorita.com.pa\/2017\/wp-json\/wp\/v2\/media\/20790"}],"wp:attachment":[{"href":"https:\/\/mifavorita.com.pa\/2017\/wp-json\/wp\/v2\/media?parent=20797"}],"wp:term":[{"taxonomy":"category","embeddable":true,"href":"https:\/\/mifavorita.com.pa\/2017\/wp-json\/wp\/v2\/categories?post=20797"},{"taxonomy":"post_tag","embeddable":true,"href":"https:\/\/mifavorita.com.pa\/2017\/wp-json\/wp\/v2\/tags?post=20797"}],"curies":[{"name":"wp","href":"https:\/\/api.w.org\/{rel}","templated":true}]}}