{"id":20804,"date":"2026-03-12T20:09:42","date_gmt":"2026-03-12T20:09:42","guid":{"rendered":"https:\/\/mifavorita.com.pa\/2017\/?p=20804"},"modified":"2026-03-12T20:39:26","modified_gmt":"2026-03-12T20:39:26","slug":"instan-a-personal-de-cocle-a-visitar-la-clinica-psicologica-del-meduca-cuando-lo-requieran","status":"publish","type":"post","link":"https:\/\/mifavorita.com.pa\/2017\/instan-a-personal-de-cocle-a-visitar-la-clinica-psicologica-del-meduca-cuando-lo-requieran\/","title":{"rendered":"INSTAN A PERSONAL DE COCL\u00c9 A VISITAR LA CL\u00cdNICA PSICOL\u00d3GICA DEL MEDUCA CUANDO LO REQUIERAN"},"content":{"rendered":"\n<p>Disponible completamente para todo el personal docente y administrativo del Ministerio de Educaci\u00f3n, se encuentra la Cl\u00ednica Psicol\u00f3gica en la sede de la regional de la provincia de Cocl\u00e9, que de lunes a jueves de 8 a 12 y de 1 a 4, tiene espacio para recibir a toda aquella persona que requiera una orientaci\u00f3n o atenci\u00f3n, pues ante el inicio del a\u00f1o escolar 2026, son muchas las situaciones que presenta el personal en general a nivel laboral y personal que puede ser atendida a tiempo y permitir una calidad de vida.<\/p>\n\n\n\n<figure class=\"wp-block-image size-large\"><img fetchpriority=\"high\" decoding=\"async\" width=\"576\" height=\"1024\" src=\"https:\/\/mifavorita.com.pa\/2017\/wp-content\/uploads\/2026\/03\/PHOTO-2026-03-12-11-32-271-576x1024.jpg\" alt=\"\" class=\"wp-image-20806\" srcset=\"https:\/\/mifavorita.com.pa\/2017\/wp-content\/uploads\/2026\/03\/PHOTO-2026-03-12-11-32-271-576x1024.jpg 576w, https:\/\/mifavorita.com.pa\/2017\/wp-content\/uploads\/2026\/03\/PHOTO-2026-03-12-11-32-271-169x300.jpg 169w, https:\/\/mifavorita.com.pa\/2017\/wp-content\/uploads\/2026\/03\/PHOTO-2026-03-12-11-32-271-768x1365.jpg 768w, https:\/\/mifavorita.com.pa\/2017\/wp-content\/uploads\/2026\/03\/PHOTO-2026-03-12-11-32-271-864x1536.jpg 864w, https:\/\/mifavorita.com.pa\/2017\/wp-content\/uploads\/2026\/03\/PHOTO-2026-03-12-11-32-271-700x1244.jpg 700w, https:\/\/mifavorita.com.pa\/2017\/wp-content\/uploads\/2026\/03\/PHOTO-2026-03-12-11-32-271-500x889.jpg 500w, https:\/\/mifavorita.com.pa\/2017\/wp-content\/uploads\/2026\/03\/PHOTO-2026-03-12-11-32-271.jpg 900w\" sizes=\"(max-width: 576px) 100vw, 576px\" \/><\/figure>\n\n\n\n<p>As\u00ed lo explic\u00f3 Evelia Vargas, psic\u00f3loga encargada de esta Cl\u00ednica, quien destac\u00f3 que desde su apertura y como el primer consultorio de este tipo en provincias centrales, ya han atendido varios casos desde su apertura el 19 de diciembre del 2025 y el retorno a clases de los docentes en la semana de organizaci\u00f3n, pues muchos de ellos atraviesan duelos, conflictos laborales, desempe\u00f1o, o cualquier tipo de situaci\u00f3n que les aqueje.<\/p>\n\n\n\n<p>Las atenciones pueden brindar se seg\u00fan orden de llegada al consultorio ubicado en la regional de MEDUCA en Chigor\u00e9 o llamando directamente a la Cl\u00ednica \u1e55ara verificar la disponibilidad a trav\u00e9s del contacto 9062414 o al correo electr\u00f3nico <a href=\"mailto:consultorio.psicologico-cocle@meduca.gob.pa\" rel=\"noreferrer noopener\" target=\"_blank\">consultorio.psicologico-cocle@meduca.gob.pa<\/a>.<\/p>\n\n\n\n<p>La idea es que impere la salud mental en el personal educativo, de manera en que las personas aprendan a identificar sus emociones, controlarla y enfrentar la vida de mejor manera. Cocl\u00e9 cuenta con alrededor de 4 mil 800 docentes, sin contar con el personal de tipo administrativo y de las propias oficinas regionales, los cuales pueden en alg\u00fan momento, requerir de esta Cl\u00ednica.<\/p>\n\n\n\n<figure class=\"wp-block-image size-large\"><img decoding=\"async\" width=\"768\" height=\"1024\" src=\"https:\/\/mifavorita.com.pa\/2017\/wp-content\/uploads\/2026\/03\/PHOTO-2026-03-12-11-32-28-768x1024.jpg\" alt=\"\" class=\"wp-image-20807\" srcset=\"https:\/\/mifavorita.com.pa\/2017\/wp-content\/uploads\/2026\/03\/PHOTO-2026-03-12-11-32-28-768x1024.jpg 768w, https:\/\/mifavorita.com.pa\/2017\/wp-content\/uploads\/2026\/03\/PHOTO-2026-03-12-11-32-28-225x300.jpg 225w, https:\/\/mifavorita.com.pa\/2017\/wp-content\/uploads\/2026\/03\/PHOTO-2026-03-12-11-32-28-1152x1536.jpg 1152w, https:\/\/mifavorita.com.pa\/2017\/wp-content\/uploads\/2026\/03\/PHOTO-2026-03-12-11-32-28-700x933.jpg 700w, https:\/\/mifavorita.com.pa\/2017\/wp-content\/uploads\/2026\/03\/PHOTO-2026-03-12-11-32-28-500x667.jpg 500w, https:\/\/mifavorita.com.pa\/2017\/wp-content\/uploads\/2026\/03\/PHOTO-2026-03-12-11-32-28.jpg 1200w\" sizes=\"(max-width: 768px) 100vw, 768px\" \/><\/figure>\n","protected":false},"excerpt":{"rendered":"<p>Disponible completamente para todo el personal docente y administrativo del Ministerio de Educaci\u00f3n, se encuentra la Cl\u00ednica Psicol\u00f3gica en la sede de la regional de la provincia de Cocl\u00e9, que de lunes a jueves de 8 a 12 y de 1 a 4, tiene espacio para recibir a toda aquella persona que requiera una orientaci\u00f3n [&hellip;]<\/p>\n","protected":false},"author":5,"featured_media":20805,"comment_status":"open","ping_status":"open","sticky":false,"template":"","format":"standard","meta":{"footnotes":""},"categories":[40,1,16],"tags":[],"class_list":["post-20804","post","type-post","status-publish","format-standard","has-post-thumbnail","hentry","category-educacion","category-noticias","category-salud"],"_links":{"self":[{"href":"https:\/\/mifavorita.com.pa\/2017\/wp-json\/wp\/v2\/posts\/20804","targetHints":{"allow":["GET"]}}],"collection":[{"href":"https:\/\/mifavorita.com.pa\/2017\/wp-json\/wp\/v2\/posts"}],"about":[{"href":"https:\/\/mifavorita.com.pa\/2017\/wp-json\/wp\/v2\/types\/post"}],"author":[{"embeddable":true,"href":"https:\/\/mifavorita.com.pa\/2017\/wp-json\/wp\/v2\/users\/5"}],"replies":[{"embeddable":true,"href":"https:\/\/mifavorita.com.pa\/2017\/wp-json\/wp\/v2\/comments?post=20804"}],"version-history":[{"count":1,"href":"https:\/\/mifavorita.com.pa\/2017\/wp-json\/wp\/v2\/posts\/20804\/revisions"}],"predecessor-version":[{"id":20808,"href":"https:\/\/mifavorita.com.pa\/2017\/wp-json\/wp\/v2\/posts\/20804\/revisions\/20808"}],"wp:featuredmedia":[{"embeddable":true,"href":"https:\/\/mifavorita.com.pa\/2017\/wp-json\/wp\/v2\/media\/20805"}],"wp:attachment":[{"href":"https:\/\/mifavorita.com.pa\/2017\/wp-json\/wp\/v2\/media?parent=20804"}],"wp:term":[{"taxonomy":"category","embeddable":true,"href":"https:\/\/mifavorita.com.pa\/2017\/wp-json\/wp\/v2\/categories?post=20804"},{"taxonomy":"post_tag","embeddable":true,"href":"https:\/\/mifavorita.com.pa\/2017\/wp-json\/wp\/v2\/tags?post=20804"}],"curies":[{"name":"wp","href":"https:\/\/api.w.org\/{rel}","templated":true}]}}