{"id":20813,"date":"2026-03-13T20:23:34","date_gmt":"2026-03-13T20:23:34","guid":{"rendered":"https:\/\/mifavorita.com.pa\/2017\/?p=20813"},"modified":"2026-03-13T20:24:32","modified_gmt":"2026-03-13T20:24:32","slug":"gobernador-de-cocle-giro-instruccion-a-la-attt-para-verificar-el-traslado-de-estudiantes-por-parte-de-los-transportes-colectivos-2","status":"publish","type":"post","link":"https:\/\/mifavorita.com.pa\/2017\/gobernador-de-cocle-giro-instruccion-a-la-attt-para-verificar-el-traslado-de-estudiantes-por-parte-de-los-transportes-colectivos-2\/","title":{"rendered":"GOBERNADOR DE COCL\u00c9 GIR\u00d3 INSTRUCCI\u00d3N A LA ATTT PARA VERIFICAR EL TRASLADO DE ESTUDIANTES POR PARTE DE LOS TRANSPORTES COLECTIVOS"},"content":{"rendered":"<p>Instrucciones precisas de rectificar el traslado con normalidad de estudiantes coclesanos, ha brindado el Gobernador de esta provincia a la Autoridad del Tr\u00e1nsito y Transporte Terrestre, esto, tras las m\u00faltiples quejas de padres y madres de familia ante el supuesto mal servicio brindado por parte de conductores de transporte colectivo a los j\u00f3venes, los cuales se niegan a llevarlos, alteran el precio del pasaje acordado para ellos mediante ley o no cumplen con las rutas establecida dentro de las comunidades, e incluso hacia el centro de muchos pueblos.<\/p>\n<p>El Gobernador de Cocl\u00e9, Irving Gonz\u00e1lez, expres\u00f3 que la orden es que se revisen qu\u00e9 transportes se est\u00e1n negando a llevar a los estudiantes, sobre todo en las paradas de Penonom\u00e9 como la del S\u00faper Carnes que concentra a j\u00f3venes del \u00e1rea norte, pues todo est\u00e1 reglamentado y que hay que apoyar a aquellos que quieren salir adelante pues son el futuro del pa\u00eds.<\/p>\n<p>Gonz\u00e1lez destac\u00f3 que esta es una problem\u00e1tica que afecta a esta y otras provincias, pero que eso va a acabar.<\/p>\n<p>Esta situaci\u00f3n es reportada en los diversos distritos pero que ha puesto en alerta a los padres espec\u00edficamente del distrito de Penonom\u00e9, tanto de parte de las rutas de las barriadas de la zona central, como de las \u00e1reas norte. Y es que gran cantidad de estudiantes utilizan este servicio para poder llegar a sus escuelas a tiempo, y retornar a sus hogares, pero a\u00f1o tras a\u00f1o, se elevan las denuncias sobre irregularidades.<\/p>\n<p>Se espera que las unidades de la Autoridad, puedan verificar las paradas de mayor concentraci\u00f3n de estudiantes en los diferentes distritos, adem\u00e1s que unidades de la secci\u00f3n de Ni\u00f1ez y Adolescencia de la Polic\u00eda Nacional, pueda garantizar la seguridad y la integridad de los ni\u00f1os y j\u00f3venes, que en muchas ocasiones, salen en horas de la tarde, y a espera de un transporte, se quedan hasta horas de la noche.<\/p>\n","protected":false},"excerpt":{"rendered":"<p>Instrucciones precisas de rectificar el traslado con normalidad de estudiantes coclesanos, ha brindado el Gobernador de esta provincia a la Autoridad del Tr\u00e1nsito y Transporte Terrestre, esto, tras las m\u00faltiples quejas de padres y madres de familia ante el supuesto mal servicio brindado por parte de conductores de transporte colectivo a los j\u00f3venes, los cuales [&hellip;]<\/p>\n","protected":false},"author":2,"featured_media":20810,"comment_status":"open","ping_status":"open","sticky":false,"template":"","format":"standard","meta":{"footnotes":""},"categories":[1],"tags":[],"class_list":["post-20813","post","type-post","status-publish","format-standard","has-post-thumbnail","hentry","category-noticias"],"_links":{"self":[{"href":"https:\/\/mifavorita.com.pa\/2017\/wp-json\/wp\/v2\/posts\/20813","targetHints":{"allow":["GET"]}}],"collection":[{"href":"https:\/\/mifavorita.com.pa\/2017\/wp-json\/wp\/v2\/posts"}],"about":[{"href":"https:\/\/mifavorita.com.pa\/2017\/wp-json\/wp\/v2\/types\/post"}],"author":[{"embeddable":true,"href":"https:\/\/mifavorita.com.pa\/2017\/wp-json\/wp\/v2\/users\/2"}],"replies":[{"embeddable":true,"href":"https:\/\/mifavorita.com.pa\/2017\/wp-json\/wp\/v2\/comments?post=20813"}],"version-history":[{"count":1,"href":"https:\/\/mifavorita.com.pa\/2017\/wp-json\/wp\/v2\/posts\/20813\/revisions"}],"predecessor-version":[{"id":20814,"href":"https:\/\/mifavorita.com.pa\/2017\/wp-json\/wp\/v2\/posts\/20813\/revisions\/20814"}],"wp:featuredmedia":[{"embeddable":true,"href":"https:\/\/mifavorita.com.pa\/2017\/wp-json\/wp\/v2\/media\/20810"}],"wp:attachment":[{"href":"https:\/\/mifavorita.com.pa\/2017\/wp-json\/wp\/v2\/media?parent=20813"}],"wp:term":[{"taxonomy":"category","embeddable":true,"href":"https:\/\/mifavorita.com.pa\/2017\/wp-json\/wp\/v2\/categories?post=20813"},{"taxonomy":"post_tag","embeddable":true,"href":"https:\/\/mifavorita.com.pa\/2017\/wp-json\/wp\/v2\/tags?post=20813"}],"curies":[{"name":"wp","href":"https:\/\/api.w.org\/{rel}","templated":true}]}}