{"id":20817,"date":"2026-03-13T20:47:10","date_gmt":"2026-03-13T20:47:10","guid":{"rendered":"https:\/\/mifavorita.com.pa\/2017\/?p=20817"},"modified":"2026-03-13T20:55:33","modified_gmt":"2026-03-13T20:55:33","slug":"arranco-el-xviii-festival-del-cucua-en-san-miguel-centro-de-penonome","status":"publish","type":"post","link":"https:\/\/mifavorita.com.pa\/2017\/arranco-el-xviii-festival-del-cucua-en-san-miguel-centro-de-penonome\/","title":{"rendered":"ARRANC\u00d3 EL XVIII FESTIVAL DEL CUCU\u00c1 EN SAN MIGUEL CENTRO DE PENONOM\u00c9."},"content":{"rendered":"\n<p>Con la participaci\u00f3n de una veintena de artesanos, micro empresarios, emprendedores e instituciones arranc\u00f3 este viernes 13 de marzo el XVIII Festival Nacional del Cucu\u00e1 en la comunidad de San Miguel Centro, corregimiento de Candelario Ovalle en el distrito de Penonom\u00e9.<\/p>\n\n\n\n<p>El evento promueve la preservaci\u00f3n de la Danza de los Diablos Cucu\u00e1, que debe su nombre al hecho de que los vestidos de los danzantes est\u00e1n hechos de la corteza del \u00e1rbol Cucu\u00e1 una variedad forestal nativa de esta regi\u00f3n del norte de Penonom\u00e9, es una danza ligada al Corpus Christi y que adem\u00e1s ha sido incluida entre las danzas de esta tradici\u00f3n religiosa, reconocidas por la Unesco.<\/p>\n\n\n\n<figure class=\"wp-block-image size-large\"><img fetchpriority=\"high\" decoding=\"async\" width=\"1024\" height=\"576\" src=\"https:\/\/mifavorita.com.pa\/2017\/wp-content\/uploads\/2026\/03\/IMG_3970-1024x576.jpeg\" alt=\"\" class=\"wp-image-20828\" srcset=\"https:\/\/mifavorita.com.pa\/2017\/wp-content\/uploads\/2026\/03\/IMG_3970-1024x576.jpeg 1024w, https:\/\/mifavorita.com.pa\/2017\/wp-content\/uploads\/2026\/03\/IMG_3970-300x169.jpeg 300w, https:\/\/mifavorita.com.pa\/2017\/wp-content\/uploads\/2026\/03\/IMG_3970-768x432.jpeg 768w, https:\/\/mifavorita.com.pa\/2017\/wp-content\/uploads\/2026\/03\/IMG_3970-1536x864.jpeg 1536w, https:\/\/mifavorita.com.pa\/2017\/wp-content\/uploads\/2026\/03\/IMG_3970-2048x1152.jpeg 2048w, https:\/\/mifavorita.com.pa\/2017\/wp-content\/uploads\/2026\/03\/IMG_3970-700x394.jpeg 700w, https:\/\/mifavorita.com.pa\/2017\/wp-content\/uploads\/2026\/03\/IMG_3970-500x281.jpeg 500w\" sizes=\"(max-width: 1024px) 100vw, 1024px\" \/><\/figure>\n\n\n\n<p>Durante tres d\u00edas los residentes de San Miguel y la Asociaci\u00f3n Cultural, Artesanal y Ecol\u00f3gica del Cucu\u00e1 realizaran diversas actividades destinadas a la promoci\u00f3n cultural de la danza, dando a conocer sus or\u00edgenes, c\u00f3mo se baila, los instrumentos que se utilizan, c\u00f3mo se extrae la corteza del \u00e1rbol y c\u00f3mo se hacen los vestidos adem\u00e1s de preservar la ecolog\u00eda del \u00e1rea que permita la reproducci\u00f3n de esta especie para asegurar su presencia para futuras generaciones.<\/p>\n\n\n\n<p>As\u00ed lo expres\u00f3 Jos\u00e9 Vargas, residente del \u00e1rea y miembros de la Asociaci\u00f3n de los Cucu\u00e1, quien se\u00f1al\u00f3 que por a\u00f1o hab\u00edan intentado preservar la especie y despu\u00e9s de muchos experimentos finalmente los est\u00e1n logrando, no obstante necesitan m\u00e1s conciencia ecol\u00f3gica para su preservaci\u00f3n.<\/p>\n\n\n\n<figure class=\"wp-block-image size-large\"><img decoding=\"async\" width=\"879\" height=\"1024\" src=\"https:\/\/mifavorita.com.pa\/2017\/wp-content\/uploads\/2026\/03\/IMG_3994-879x1024.jpeg\" alt=\"\" class=\"wp-image-20829\" srcset=\"https:\/\/mifavorita.com.pa\/2017\/wp-content\/uploads\/2026\/03\/IMG_3994-879x1024.jpeg 879w, https:\/\/mifavorita.com.pa\/2017\/wp-content\/uploads\/2026\/03\/IMG_3994-258x300.jpeg 258w, https:\/\/mifavorita.com.pa\/2017\/wp-content\/uploads\/2026\/03\/IMG_3994-768x894.jpeg 768w, https:\/\/mifavorita.com.pa\/2017\/wp-content\/uploads\/2026\/03\/IMG_3994-700x815.jpeg 700w, https:\/\/mifavorita.com.pa\/2017\/wp-content\/uploads\/2026\/03\/IMG_3994-500x582.jpeg 500w, https:\/\/mifavorita.com.pa\/2017\/wp-content\/uploads\/2026\/03\/IMG_3994.jpeg 1179w\" sizes=\"(max-width: 879px) 100vw, 879px\" \/><figcaption class=\"wp-element-caption\">Screenshot<\/figcaption><\/figure>\n\n\n\n<p>Romel Ovalle, presidente de la Asociaci\u00f3n Cultural Artesanal y Ecol\u00f3gica del Cucu\u00e1 manifest\u00f3 que adem\u00e1s de las tradicionales presentaciones folcl\u00f3ricas, durante los tres d\u00edas de actividad habr\u00e1 paseo en balsas por las aguas del rio San Miguel, venta y exposici\u00f3n de artesan\u00edas, comidas t\u00edpicas, concursos de molienda de ca\u00f1a, pelar coco, piladeras, bucear moruchas, bailes y mucho m\u00e1s.<\/p>\n\n\n\n<figure class=\"wp-block-image size-large\"><img decoding=\"async\" width=\"461\" height=\"1024\" src=\"https:\/\/mifavorita.com.pa\/2017\/wp-content\/uploads\/2026\/03\/1773433062919-461x1024.jpg\" alt=\"\" class=\"wp-image-20830\" srcset=\"https:\/\/mifavorita.com.pa\/2017\/wp-content\/uploads\/2026\/03\/1773433062919-461x1024.jpg 461w, https:\/\/mifavorita.com.pa\/2017\/wp-content\/uploads\/2026\/03\/1773433062919-135x300.jpg 135w, https:\/\/mifavorita.com.pa\/2017\/wp-content\/uploads\/2026\/03\/1773433062919-768x1707.jpg 768w, https:\/\/mifavorita.com.pa\/2017\/wp-content\/uploads\/2026\/03\/1773433062919-691x1536.jpg 691w, https:\/\/mifavorita.com.pa\/2017\/wp-content\/uploads\/2026\/03\/1773433062919-922x2048.jpg 922w, https:\/\/mifavorita.com.pa\/2017\/wp-content\/uploads\/2026\/03\/1773433062919-700x1556.jpg 700w, https:\/\/mifavorita.com.pa\/2017\/wp-content\/uploads\/2026\/03\/1773433062919-500x1111.jpg 500w, https:\/\/mifavorita.com.pa\/2017\/wp-content\/uploads\/2026\/03\/1773433062919-scaled.jpg 1152w\" sizes=\"(max-width: 461px) 100vw, 461px\" \/><\/figure>\n\n\n\n<p>La princesa del festival Anayansi Alabarca invit\u00f3 a todos los residente de Penonom\u00e9 y comunidades vecinas a acompa\u00f1arlos durante esta celebraci\u00f3n hecha por los propios artesanos y residentes de la comunidad, indic\u00f3 que la entrada al evento es totalmente gratis y el domingo ser\u00e1 el cierre del evento con un gran desfile folcl\u00f3rico por las principales calles de la comunidad.<\/p>\n","protected":false},"excerpt":{"rendered":"<p>Con la participaci\u00f3n de una veintena de artesanos, micro empresarios, emprendedores e instituciones arranc\u00f3 este viernes 13 de marzo el XVIII Festival Nacional del Cucu\u00e1 en la comunidad de San Miguel Centro, corregimiento de Candelario Ovalle en el distrito de Penonom\u00e9. El evento promueve la preservaci\u00f3n de la Danza de los Diablos Cucu\u00e1, que debe [&hellip;]<\/p>\n","protected":false},"author":5,"featured_media":20827,"comment_status":"open","ping_status":"open","sticky":false,"template":"","format":"standard","meta":{"footnotes":""},"categories":[17],"tags":[],"class_list":["post-20817","post","type-post","status-publish","format-standard","has-post-thumbnail","hentry","category-comunitaria"],"_links":{"self":[{"href":"https:\/\/mifavorita.com.pa\/2017\/wp-json\/wp\/v2\/posts\/20817","targetHints":{"allow":["GET"]}}],"collection":[{"href":"https:\/\/mifavorita.com.pa\/2017\/wp-json\/wp\/v2\/posts"}],"about":[{"href":"https:\/\/mifavorita.com.pa\/2017\/wp-json\/wp\/v2\/types\/post"}],"author":[{"embeddable":true,"href":"https:\/\/mifavorita.com.pa\/2017\/wp-json\/wp\/v2\/users\/5"}],"replies":[{"embeddable":true,"href":"https:\/\/mifavorita.com.pa\/2017\/wp-json\/wp\/v2\/comments?post=20817"}],"version-history":[{"count":1,"href":"https:\/\/mifavorita.com.pa\/2017\/wp-json\/wp\/v2\/posts\/20817\/revisions"}],"predecessor-version":[{"id":20831,"href":"https:\/\/mifavorita.com.pa\/2017\/wp-json\/wp\/v2\/posts\/20817\/revisions\/20831"}],"wp:featuredmedia":[{"embeddable":true,"href":"https:\/\/mifavorita.com.pa\/2017\/wp-json\/wp\/v2\/media\/20827"}],"wp:attachment":[{"href":"https:\/\/mifavorita.com.pa\/2017\/wp-json\/wp\/v2\/media?parent=20817"}],"wp:term":[{"taxonomy":"category","embeddable":true,"href":"https:\/\/mifavorita.com.pa\/2017\/wp-json\/wp\/v2\/categories?post=20817"},{"taxonomy":"post_tag","embeddable":true,"href":"https:\/\/mifavorita.com.pa\/2017\/wp-json\/wp\/v2\/tags?post=20817"}],"curies":[{"name":"wp","href":"https:\/\/api.w.org\/{rel}","templated":true}]}}