{"id":20825,"date":"2026-03-13T20:39:03","date_gmt":"2026-03-13T20:39:03","guid":{"rendered":"https:\/\/mifavorita.com.pa\/2017\/?p=20825"},"modified":"2026-03-13T20:39:49","modified_gmt":"2026-03-13T20:39:49","slug":"director-de-la-oer-aclara-que-la-propuesta-realizada-ante-el-gobierno-sobre-el-cobro-de-la-energia-solar-es-por-mantenimiento-de-los-equipos-3","status":"publish","type":"post","link":"https:\/\/mifavorita.com.pa\/2017\/director-de-la-oer-aclara-que-la-propuesta-realizada-ante-el-gobierno-sobre-el-cobro-de-la-energia-solar-es-por-mantenimiento-de-los-equipos-3\/","title":{"rendered":"DIRECTOR DE LA OER ACLARA QUE LA PROPUESTA REALIZADA ANTE EL GOBIERNO SOBRE EL COBRO DE LA ENERG\u00cdA SOLAR ES POR MANTENIMIENTO DE LOS EQUIPOS"},"content":{"rendered":"<p>\u00abNo se cobra la luz solar, ni los equipos, se cobrar\u00eda el respaldo para que el equipo tenga una sostenibilidad\u00bb, as\u00ed se refiri\u00f3 el director nacional de la Oficina de Electrificaci\u00f3n Rural, Antonio Clement, a su propuesta ante el Ministerio de la Presidencia para implementar mecanismos para medici\u00f3n de consumo y cobro en los sistemas de paneles solares en \u00e1reas remotas del pa\u00eds, para que se garantice qu\u00e9 los usuarios reciban un servicio similar a aquellos ciudadanos que est\u00e1n conectados a la red nacional.<\/p>\n<p>La idea es que \u00e1reas remotas en donde no exista luz el\u00e9ctrica con puntos de interconexi\u00f3n y que no se tenga planes a futuro de instalar, se instalen kits de medidores en cada casa para pagar por su consumo en un modelo individual a base de energ\u00eda solar. La idea es que los equipos reciban el mantenimiento adecuado para que los mismos duren m\u00e1s tiempo y se proteja la inversi\u00f3n tanto del Estado como de las personas.<\/p>\n<p><img fetchpriority=\"high\" decoding=\"async\" src=\"https:\/\/mifavorita.com.pa\/2017\/wp-content\/uploads\/2026\/03\/img-20260313-wa03753501297420633654862.jpg\" class=\"wp-image-20819 alignnone size-full\" width=\"1600\" height=\"1600\" srcset=\"https:\/\/mifavorita.com.pa\/2017\/wp-content\/uploads\/2026\/03\/img-20260313-wa03753501297420633654862.jpg 1600w, https:\/\/mifavorita.com.pa\/2017\/wp-content\/uploads\/2026\/03\/img-20260313-wa03753501297420633654862-300x300.jpg 300w, https:\/\/mifavorita.com.pa\/2017\/wp-content\/uploads\/2026\/03\/img-20260313-wa03753501297420633654862-1024x1024.jpg 1024w, https:\/\/mifavorita.com.pa\/2017\/wp-content\/uploads\/2026\/03\/img-20260313-wa03753501297420633654862-150x150.jpg 150w, https:\/\/mifavorita.com.pa\/2017\/wp-content\/uploads\/2026\/03\/img-20260313-wa03753501297420633654862-768x768.jpg 768w, https:\/\/mifavorita.com.pa\/2017\/wp-content\/uploads\/2026\/03\/img-20260313-wa03753501297420633654862-1536x1536.jpg 1536w, https:\/\/mifavorita.com.pa\/2017\/wp-content\/uploads\/2026\/03\/img-20260313-wa03753501297420633654862-700x700.jpg 700w, https:\/\/mifavorita.com.pa\/2017\/wp-content\/uploads\/2026\/03\/img-20260313-wa03753501297420633654862-800x800.jpg 800w, https:\/\/mifavorita.com.pa\/2017\/wp-content\/uploads\/2026\/03\/img-20260313-wa03753501297420633654862-500x500.jpg 500w\" sizes=\"(max-width: 1600px) 100vw, 1600px\" \/><br \/>\nEl director de la Oficina de Electrificaci\u00f3n, aclar\u00f3 que no se pretende cobrar por el uso de la luz del sol, sino por el mantenimiento de los equipos, porque si bien el sol es gratuito, el mantenimiento de los equipos que convierten el calor de los rayos en electricidad, no lo son.<\/p>\n<p>De igual manera, destac\u00f3 que cada paname\u00f1o merece el acceso a la electricidad, por lo que deben concentrarse en cerrar la brecha energ\u00e9tica qu\u00e9 existe en Panam\u00e1, incluidas muchas zonas de Cocl\u00e9, \u00e1reas comarcales y otras zonas apartadas.<\/p>\n<p><img decoding=\"async\" src=\"https:\/\/mifavorita.com.pa\/2017\/wp-content\/uploads\/2026\/03\/img-20260313-wa03771890953518867978894.jpg\" class=\"wp-image-20820 alignnone size-full\" width=\"1006\" height=\"1212\" data-temp-aztec-id=\"35489005-c967-4299-820a-4cb935b64eb6\" srcset=\"https:\/\/mifavorita.com.pa\/2017\/wp-content\/uploads\/2026\/03\/img-20260313-wa03771890953518867978894.jpg 1006w, https:\/\/mifavorita.com.pa\/2017\/wp-content\/uploads\/2026\/03\/img-20260313-wa03771890953518867978894-249x300.jpg 249w, https:\/\/mifavorita.com.pa\/2017\/wp-content\/uploads\/2026\/03\/img-20260313-wa03771890953518867978894-850x1024.jpg 850w, https:\/\/mifavorita.com.pa\/2017\/wp-content\/uploads\/2026\/03\/img-20260313-wa03771890953518867978894-768x925.jpg 768w, https:\/\/mifavorita.com.pa\/2017\/wp-content\/uploads\/2026\/03\/img-20260313-wa03771890953518867978894-700x843.jpg 700w, https:\/\/mifavorita.com.pa\/2017\/wp-content\/uploads\/2026\/03\/img-20260313-wa03771890953518867978894-500x602.jpg 500w\" sizes=\"(max-width: 1006px) 100vw, 1006px\" \/><br \/>\nLos sistemas fotovolt\u00e1icos no s\u00f3lo ser\u00edan instalados a las casas sino tambi\u00e9n a las instituciones p\u00fablicas que existan en estos lugares, o incluso, muchos ya tienen los sistemas instalados, pero no cuentan con una empresa que respalde el mantenimiento de los equipos. Dependiendo de las zonas, la propuesta incluye que la empresa el\u00e9ctrica que rija el \u00e1rea com\u00fan, sea la responsable.<\/p>\n","protected":false},"excerpt":{"rendered":"<p>\u00abNo se cobra la luz solar, ni los equipos, se cobrar\u00eda el respaldo para que el equipo tenga una sostenibilidad\u00bb, as\u00ed se refiri\u00f3 el director nacional de la Oficina de Electrificaci\u00f3n Rural, Antonio Clement, a su propuesta ante el Ministerio de la Presidencia para implementar mecanismos para medici\u00f3n de consumo y cobro en los sistemas [&hellip;]<\/p>\n","protected":false},"author":2,"featured_media":20818,"comment_status":"open","ping_status":"open","sticky":false,"template":"","format":"standard","meta":{"footnotes":""},"categories":[1],"tags":[],"class_list":["post-20825","post","type-post","status-publish","format-standard","has-post-thumbnail","hentry","category-noticias"],"_links":{"self":[{"href":"https:\/\/mifavorita.com.pa\/2017\/wp-json\/wp\/v2\/posts\/20825","targetHints":{"allow":["GET"]}}],"collection":[{"href":"https:\/\/mifavorita.com.pa\/2017\/wp-json\/wp\/v2\/posts"}],"about":[{"href":"https:\/\/mifavorita.com.pa\/2017\/wp-json\/wp\/v2\/types\/post"}],"author":[{"embeddable":true,"href":"https:\/\/mifavorita.com.pa\/2017\/wp-json\/wp\/v2\/users\/2"}],"replies":[{"embeddable":true,"href":"https:\/\/mifavorita.com.pa\/2017\/wp-json\/wp\/v2\/comments?post=20825"}],"version-history":[{"count":1,"href":"https:\/\/mifavorita.com.pa\/2017\/wp-json\/wp\/v2\/posts\/20825\/revisions"}],"predecessor-version":[{"id":20826,"href":"https:\/\/mifavorita.com.pa\/2017\/wp-json\/wp\/v2\/posts\/20825\/revisions\/20826"}],"wp:featuredmedia":[{"embeddable":true,"href":"https:\/\/mifavorita.com.pa\/2017\/wp-json\/wp\/v2\/media\/20818"}],"wp:attachment":[{"href":"https:\/\/mifavorita.com.pa\/2017\/wp-json\/wp\/v2\/media?parent=20825"}],"wp:term":[{"taxonomy":"category","embeddable":true,"href":"https:\/\/mifavorita.com.pa\/2017\/wp-json\/wp\/v2\/categories?post=20825"},{"taxonomy":"post_tag","embeddable":true,"href":"https:\/\/mifavorita.com.pa\/2017\/wp-json\/wp\/v2\/tags?post=20825"}],"curies":[{"name":"wp","href":"https:\/\/api.w.org\/{rel}","templated":true}]}}