{"id":21395,"date":"2026-04-27T18:57:38","date_gmt":"2026-04-27T18:57:38","guid":{"rendered":"https:\/\/mifavorita.com.pa\/2017\/?p=21395"},"modified":"2026-04-27T19:01:01","modified_gmt":"2026-04-27T19:01:01","slug":"atrapados-con-una-res-dentro-de-un-sedan-en-aguadulce","status":"publish","type":"post","link":"https:\/\/mifavorita.com.pa\/2017\/atrapados-con-una-res-dentro-de-un-sedan-en-aguadulce\/","title":{"rendered":"ATRAPADOS CON UNA RES DENTRO DE UN SED\u00c1N EN AGUADULCE"},"content":{"rendered":"\n<p><\/p>\n\n\n\n<figure class=\"wp-block-image size-large\"><img fetchpriority=\"high\" decoding=\"async\" width=\"1024\" height=\"768\" src=\"https:\/\/mifavorita.com.pa\/2017\/wp-content\/uploads\/2026\/04\/WhatsApp-Image-2026-04-25-at-12.50.01-PM-1024x768.jpeg\" alt=\"\" class=\"wp-image-21396\" srcset=\"https:\/\/mifavorita.com.pa\/2017\/wp-content\/uploads\/2026\/04\/WhatsApp-Image-2026-04-25-at-12.50.01-PM-1024x768.jpeg 1024w, https:\/\/mifavorita.com.pa\/2017\/wp-content\/uploads\/2026\/04\/WhatsApp-Image-2026-04-25-at-12.50.01-PM-300x225.jpeg 300w, https:\/\/mifavorita.com.pa\/2017\/wp-content\/uploads\/2026\/04\/WhatsApp-Image-2026-04-25-at-12.50.01-PM-768x576.jpeg 768w, https:\/\/mifavorita.com.pa\/2017\/wp-content\/uploads\/2026\/04\/WhatsApp-Image-2026-04-25-at-12.50.01-PM-1536x1152.jpeg 1536w, https:\/\/mifavorita.com.pa\/2017\/wp-content\/uploads\/2026\/04\/WhatsApp-Image-2026-04-25-at-12.50.01-PM-700x525.jpeg 700w, https:\/\/mifavorita.com.pa\/2017\/wp-content\/uploads\/2026\/04\/WhatsApp-Image-2026-04-25-at-12.50.01-PM-500x375.jpeg 500w, https:\/\/mifavorita.com.pa\/2017\/wp-content\/uploads\/2026\/04\/WhatsApp-Image-2026-04-25-at-12.50.01-PM-800x600.jpeg 800w, https:\/\/mifavorita.com.pa\/2017\/wp-content\/uploads\/2026\/04\/WhatsApp-Image-2026-04-25-at-12.50.01-PM.jpeg 1600w\" sizes=\"(max-width: 1024px) 100vw, 1024px\" \/><\/figure>\n\n\n\n<p> Lo que parec\u00eda un simple control policial termin\u00f3 con un hallazgo inusual: dos personas, entre ellas un menor de edad, fueron aprehendidas cuando transportaban una res dentro de un veh\u00edculo tipo sed\u00e1n, en el sector de El Roble.<\/p>\n\n\n\n<p>El hecho se registr\u00f3 el pasado s\u00e1bado en horas de la madrugada, durante un ret\u00e9n instalado por unidades de la Polic\u00eda Nacional. Al inspeccionar el autom\u00f3vil, los agentes encontraron el animal en los asientos traseros, acostado y con la cabeza doblada, situaci\u00f3n que levant\u00f3 de inmediato las sospechas.<\/p>\n\n\n\n<p>De acuerdo con la comisionada Mar\u00eda Guti\u00e9rrez, jefa de la Segunda Zona de Polic\u00eda de Cocl\u00e9, los ocupantes del veh\u00edculo no pudieron justificar la procedencia del ganado, por lo que fueron aprehendidos de inmediato.<\/p>\n\n\n\n<p>Este caso a\u00fan no ha sido esclarecido, pero las autoridades presumen que podr\u00eda estar vinculado a un posible hurto pecuario. Uno de los ciudadanos mantiene antecedentes relacionados con este delito y ya hab\u00eda sido procesado anteriormente, aunque actualmente no se encontraba bajo detenci\u00f3n preventiva.<\/p>\n\n\n\n<p>Ante cuestionamientos sobre c\u00f3mo una persona con antecedentes logra mantenerse en libertad, la comisionada explic\u00f3 que la Polic\u00eda cumple con su labor, pero son otras instancias las encargadas de definir las medidas cautelares.<\/p>\n\n\n\n<p>\u201cReiteramos a la ciudadan\u00eda nuestro compromiso con la seguridad; sin embargo, tenemos l\u00edmites. Nosotros ponemos a estas personas a \u00f3rdenes de los administradores de justicia, quienes deben realizar las investigaciones y recabar las pruebas necesarias para aplicar medidas m\u00e1s severas\u201d, se\u00f1al\u00f3.<\/p>\n\n\n\n<p>La Polic\u00eda Nacional indic\u00f3 que los aprehendidos fueron remitidos a las autoridades correspondientes, mientras contin\u00faan las investigaciones.<\/p>\n\n\n\n<p><\/p>\n","protected":false},"excerpt":{"rendered":"<p>Lo que parec\u00eda un simple control policial termin\u00f3 con un hallazgo inusual: dos personas, entre ellas un menor de edad, fueron aprehendidas cuando transportaban una res dentro de un veh\u00edculo tipo sed\u00e1n, en el sector de El Roble. El hecho se registr\u00f3 el pasado s\u00e1bado en horas de la madrugada, durante un ret\u00e9n instalado por [&hellip;]<\/p>\n","protected":false},"author":7,"featured_media":21396,"comment_status":"open","ping_status":"open","sticky":false,"template":"","format":"standard","meta":{"footnotes":""},"categories":[1,33],"tags":[],"class_list":["post-21395","post","type-post","status-publish","format-standard","has-post-thumbnail","hentry","category-noticias","category-politica"],"_links":{"self":[{"href":"https:\/\/mifavorita.com.pa\/2017\/wp-json\/wp\/v2\/posts\/21395","targetHints":{"allow":["GET"]}}],"collection":[{"href":"https:\/\/mifavorita.com.pa\/2017\/wp-json\/wp\/v2\/posts"}],"about":[{"href":"https:\/\/mifavorita.com.pa\/2017\/wp-json\/wp\/v2\/types\/post"}],"author":[{"embeddable":true,"href":"https:\/\/mifavorita.com.pa\/2017\/wp-json\/wp\/v2\/users\/7"}],"replies":[{"embeddable":true,"href":"https:\/\/mifavorita.com.pa\/2017\/wp-json\/wp\/v2\/comments?post=21395"}],"version-history":[{"count":1,"href":"https:\/\/mifavorita.com.pa\/2017\/wp-json\/wp\/v2\/posts\/21395\/revisions"}],"predecessor-version":[{"id":21397,"href":"https:\/\/mifavorita.com.pa\/2017\/wp-json\/wp\/v2\/posts\/21395\/revisions\/21397"}],"wp:featuredmedia":[{"embeddable":true,"href":"https:\/\/mifavorita.com.pa\/2017\/wp-json\/wp\/v2\/media\/21396"}],"wp:attachment":[{"href":"https:\/\/mifavorita.com.pa\/2017\/wp-json\/wp\/v2\/media?parent=21395"}],"wp:term":[{"taxonomy":"category","embeddable":true,"href":"https:\/\/mifavorita.com.pa\/2017\/wp-json\/wp\/v2\/categories?post=21395"},{"taxonomy":"post_tag","embeddable":true,"href":"https:\/\/mifavorita.com.pa\/2017\/wp-json\/wp\/v2\/tags?post=21395"}],"curies":[{"name":"wp","href":"https:\/\/api.w.org\/{rel}","templated":true}]}}