{"id":21399,"date":"2026-04-27T19:45:44","date_gmt":"2026-04-27T19:45:44","guid":{"rendered":"https:\/\/mifavorita.com.pa\/2017\/?p=21399"},"modified":"2026-04-27T19:54:25","modified_gmt":"2026-04-27T19:54:25","slug":"minsa-promueve-la-salud-mental-y-uso-de-su-clinica-del-empleado-en-el-dia-de-la-seguridad-y-la-salud-en-el-trabajo","status":"publish","type":"post","link":"https:\/\/mifavorita.com.pa\/2017\/minsa-promueve-la-salud-mental-y-uso-de-su-clinica-del-empleado-en-el-dia-de-la-seguridad-y-la-salud-en-el-trabajo\/","title":{"rendered":"MINSA PROMUEVE LA SALUD MENTAL Y USO DE SU CL\u00cdNICA DEL EMPLEADO EN EL D\u00cdA DE LA SEGURIDAD Y LA SALUD EN EL TRABAJO"},"content":{"rendered":"\n<p>Con motivo de la conmemoraci\u00f3n del D\u00eda Mundial de la Seguridad y la Salud en el Trabajo el 28 de abril, el departamento encargado de este aspecto del Ministerio de Salud en la provincia de Cocl\u00e9, resalta el lema 2026 \u201cEntornos de trabajo psicosociales saludables: un camino hacia trabajadores realizados y organizaciones fuertes\u201d, promueve la salud mental y el uso de su reci\u00e9n inaugurada cl\u00ednica del empleado.<\/p>\n\n\n\n<figure class=\"wp-block-gallery has-nested-images columns-default is-cropped wp-block-gallery-1 is-layout-flex wp-block-gallery-is-layout-flex\">\n<figure class=\"wp-block-image size-large\"><img fetchpriority=\"high\" decoding=\"async\" width=\"1024\" height=\"768\" data-id=\"21403\" src=\"https:\/\/mifavorita.com.pa\/2017\/wp-content\/uploads\/2026\/04\/IMG_5447-1-1024x768.jpeg\" alt=\"\" class=\"wp-image-21403\" srcset=\"https:\/\/mifavorita.com.pa\/2017\/wp-content\/uploads\/2026\/04\/IMG_5447-1-1024x768.jpeg 1024w, https:\/\/mifavorita.com.pa\/2017\/wp-content\/uploads\/2026\/04\/IMG_5447-1-300x225.jpeg 300w, https:\/\/mifavorita.com.pa\/2017\/wp-content\/uploads\/2026\/04\/IMG_5447-1-768x576.jpeg 768w, https:\/\/mifavorita.com.pa\/2017\/wp-content\/uploads\/2026\/04\/IMG_5447-1-1536x1152.jpeg 1536w, https:\/\/mifavorita.com.pa\/2017\/wp-content\/uploads\/2026\/04\/IMG_5447-1-700x525.jpeg 700w, https:\/\/mifavorita.com.pa\/2017\/wp-content\/uploads\/2026\/04\/IMG_5447-1-500x375.jpeg 500w, https:\/\/mifavorita.com.pa\/2017\/wp-content\/uploads\/2026\/04\/IMG_5447-1-800x600.jpeg 800w, https:\/\/mifavorita.com.pa\/2017\/wp-content\/uploads\/2026\/04\/IMG_5447-1.jpeg 1600w\" sizes=\"(max-width: 1024px) 100vw, 1024px\" \/><\/figure>\n\n\n\n<figure class=\"wp-block-image size-large\"><img decoding=\"async\" width=\"1024\" height=\"768\" data-id=\"21401\" src=\"https:\/\/mifavorita.com.pa\/2017\/wp-content\/uploads\/2026\/04\/IMG_5446-1024x768.jpeg\" alt=\"\" class=\"wp-image-21401\" srcset=\"https:\/\/mifavorita.com.pa\/2017\/wp-content\/uploads\/2026\/04\/IMG_5446-1024x768.jpeg 1024w, https:\/\/mifavorita.com.pa\/2017\/wp-content\/uploads\/2026\/04\/IMG_5446-300x225.jpeg 300w, https:\/\/mifavorita.com.pa\/2017\/wp-content\/uploads\/2026\/04\/IMG_5446-768x576.jpeg 768w, https:\/\/mifavorita.com.pa\/2017\/wp-content\/uploads\/2026\/04\/IMG_5446-1536x1152.jpeg 1536w, https:\/\/mifavorita.com.pa\/2017\/wp-content\/uploads\/2026\/04\/IMG_5446-700x525.jpeg 700w, https:\/\/mifavorita.com.pa\/2017\/wp-content\/uploads\/2026\/04\/IMG_5446-500x375.jpeg 500w, https:\/\/mifavorita.com.pa\/2017\/wp-content\/uploads\/2026\/04\/IMG_5446-800x600.jpeg 800w, https:\/\/mifavorita.com.pa\/2017\/wp-content\/uploads\/2026\/04\/IMG_5446.jpeg 1600w\" sizes=\"(max-width: 1024px) 100vw, 1024px\" \/><\/figure>\n\n\n\n<figure class=\"wp-block-image size-large\"><img decoding=\"async\" width=\"1024\" height=\"768\" data-id=\"21402\" src=\"https:\/\/mifavorita.com.pa\/2017\/wp-content\/uploads\/2026\/04\/IMG_5449-1024x768.jpeg\" alt=\"\" class=\"wp-image-21402\" srcset=\"https:\/\/mifavorita.com.pa\/2017\/wp-content\/uploads\/2026\/04\/IMG_5449-1024x768.jpeg 1024w, https:\/\/mifavorita.com.pa\/2017\/wp-content\/uploads\/2026\/04\/IMG_5449-300x225.jpeg 300w, https:\/\/mifavorita.com.pa\/2017\/wp-content\/uploads\/2026\/04\/IMG_5449-768x576.jpeg 768w, https:\/\/mifavorita.com.pa\/2017\/wp-content\/uploads\/2026\/04\/IMG_5449-1536x1152.jpeg 1536w, https:\/\/mifavorita.com.pa\/2017\/wp-content\/uploads\/2026\/04\/IMG_5449-700x525.jpeg 700w, https:\/\/mifavorita.com.pa\/2017\/wp-content\/uploads\/2026\/04\/IMG_5449-500x375.jpeg 500w, https:\/\/mifavorita.com.pa\/2017\/wp-content\/uploads\/2026\/04\/IMG_5449-800x600.jpeg 800w, https:\/\/mifavorita.com.pa\/2017\/wp-content\/uploads\/2026\/04\/IMG_5449.jpeg 1600w\" sizes=\"(max-width: 1024px) 100vw, 1024px\" \/><\/figure>\n<\/figure>\n\n\n\n<p>Querube D\u00edaz, enfermera, explic\u00f3 que este d\u00eda se enfoca en la promoci\u00f3n y el mantenimiento del bienestar f\u00edsico, social y mental de los trabajadores en cualquiera de sus ocupaciones, adem\u00e1s de prevenir accidentes y enfermedades laborales, con la mejora de las condiciones del trabajador a trav\u00e9s del fomento de una cultura para tener satisfacci\u00f3n en todo lo que hacen.<\/p>\n\n\n\n<p>De igual forma, la enfermera detall\u00f3 que, tras varios a\u00f1os de insistencia, el pasado 7 de abril, se inaugur\u00f3 la Cl\u00ednica del Empleado para colaboradores del Ministerio de Salud, que busca que los servidores mantengan un lugar para atenci\u00f3n de emergencia, pero tambi\u00e9n el seguimiento en condiciones cr\u00f3nicas o patolog\u00edas.<\/p>\n\n\n\n<p>La enfermera tambi\u00e9n destac\u00f3 que la seguridad y la salud, tambi\u00e9n incluye la necesidad de crear ambientes laborales agradables, pues la mente puede llegar a cansarse y sufrir el s\u00edndrome del Burnout, o del cerebro quemado, raz\u00f3n por la cual, promueven m\u00e9todos para aliviar el estr\u00e9s y la tensi\u00f3n, pues tambi\u00e9n desencadena otras condiciones f\u00edsicas complejas y cr\u00f3nicas que pueden afectar el desempe\u00f1o laboral y la vida personal del trabajador.<\/p>\n\n\n\n<figure class=\"wp-block-image size-large\"><img loading=\"lazy\" decoding=\"async\" width=\"1024\" height=\"768\" src=\"https:\/\/mifavorita.com.pa\/2017\/wp-content\/uploads\/2026\/04\/IMG_5448-1024x768.jpeg\" alt=\"\" class=\"wp-image-21404\" srcset=\"https:\/\/mifavorita.com.pa\/2017\/wp-content\/uploads\/2026\/04\/IMG_5448-1024x768.jpeg 1024w, https:\/\/mifavorita.com.pa\/2017\/wp-content\/uploads\/2026\/04\/IMG_5448-300x225.jpeg 300w, https:\/\/mifavorita.com.pa\/2017\/wp-content\/uploads\/2026\/04\/IMG_5448-768x576.jpeg 768w, https:\/\/mifavorita.com.pa\/2017\/wp-content\/uploads\/2026\/04\/IMG_5448-1536x1152.jpeg 1536w, https:\/\/mifavorita.com.pa\/2017\/wp-content\/uploads\/2026\/04\/IMG_5448-700x525.jpeg 700w, https:\/\/mifavorita.com.pa\/2017\/wp-content\/uploads\/2026\/04\/IMG_5448-500x375.jpeg 500w, https:\/\/mifavorita.com.pa\/2017\/wp-content\/uploads\/2026\/04\/IMG_5448-800x600.jpeg 800w, https:\/\/mifavorita.com.pa\/2017\/wp-content\/uploads\/2026\/04\/IMG_5448.jpeg 1600w\" sizes=\"(max-width: 1024px) 100vw, 1024px\" \/><\/figure>\n","protected":false},"excerpt":{"rendered":"<p>Con motivo de la conmemoraci\u00f3n del D\u00eda Mundial de la Seguridad y la Salud en el Trabajo el 28 de abril, el departamento encargado de este aspecto del Ministerio de Salud en la provincia de Cocl\u00e9, resalta el lema 2026 \u201cEntornos de trabajo psicosociales saludables: un camino hacia trabajadores realizados y organizaciones fuertes\u201d, promueve la [&hellip;]<\/p>\n","protected":false},"author":6,"featured_media":21400,"comment_status":"open","ping_status":"open","sticky":false,"template":"","format":"standard","meta":{"footnotes":""},"categories":[1,16],"tags":[],"class_list":["post-21399","post","type-post","status-publish","format-standard","has-post-thumbnail","hentry","category-noticias","category-salud"],"_links":{"self":[{"href":"https:\/\/mifavorita.com.pa\/2017\/wp-json\/wp\/v2\/posts\/21399","targetHints":{"allow":["GET"]}}],"collection":[{"href":"https:\/\/mifavorita.com.pa\/2017\/wp-json\/wp\/v2\/posts"}],"about":[{"href":"https:\/\/mifavorita.com.pa\/2017\/wp-json\/wp\/v2\/types\/post"}],"author":[{"embeddable":true,"href":"https:\/\/mifavorita.com.pa\/2017\/wp-json\/wp\/v2\/users\/6"}],"replies":[{"embeddable":true,"href":"https:\/\/mifavorita.com.pa\/2017\/wp-json\/wp\/v2\/comments?post=21399"}],"version-history":[{"count":1,"href":"https:\/\/mifavorita.com.pa\/2017\/wp-json\/wp\/v2\/posts\/21399\/revisions"}],"predecessor-version":[{"id":21405,"href":"https:\/\/mifavorita.com.pa\/2017\/wp-json\/wp\/v2\/posts\/21399\/revisions\/21405"}],"wp:featuredmedia":[{"embeddable":true,"href":"https:\/\/mifavorita.com.pa\/2017\/wp-json\/wp\/v2\/media\/21400"}],"wp:attachment":[{"href":"https:\/\/mifavorita.com.pa\/2017\/wp-json\/wp\/v2\/media?parent=21399"}],"wp:term":[{"taxonomy":"category","embeddable":true,"href":"https:\/\/mifavorita.com.pa\/2017\/wp-json\/wp\/v2\/categories?post=21399"},{"taxonomy":"post_tag","embeddable":true,"href":"https:\/\/mifavorita.com.pa\/2017\/wp-json\/wp\/v2\/tags?post=21399"}],"curies":[{"name":"wp","href":"https:\/\/api.w.org\/{rel}","templated":true}]}}