{"id":21407,"date":"2026-04-27T21:02:23","date_gmt":"2026-04-27T21:02:23","guid":{"rendered":"https:\/\/mifavorita.com.pa\/2017\/?p=21407"},"modified":"2026-04-27T21:09:20","modified_gmt":"2026-04-27T21:09:20","slug":"once-hechos-de-transito-y-9-lesionados-durante-el-fin-de-semana-en-cocle","status":"publish","type":"post","link":"https:\/\/mifavorita.com.pa\/2017\/once-hechos-de-transito-y-9-lesionados-durante-el-fin-de-semana-en-cocle\/","title":{"rendered":"ONCE HECHOS DE TR\u00c1NSITO Y 9 LESIONADOS DURANTE EL FIN DE SEMANA EN COCL\u00c9"},"content":{"rendered":"\n<p>Unos 11 hechos de tr\u00e1nsito de registraron durante el fin de semana en la provincia de Cocl\u00e9, de los cuales 6 fueron colisiones, 3 choques, 1 atropello y 1 ca\u00edda, con un saldo de 9 personas lesionadas, unas 7 por colisiones, 1 por atropello y 1 por la ca\u00edda, adem\u00e1s se colocaron un total de 432 boletas a conductores por no cumplir con las normativas de tr\u00e1nsito, en su mayor\u00eda por no respetar se\u00f1ales.<\/p>\n\n\n\n<p>El subteniente Adalberto Gonz\u00e1lez, de la Polic\u00eda de Transito en Cocl\u00e9, indic\u00f3 que de las 432 unas 162 fueron aplicadas a conductores por rebasar los l\u00edmites de velocidad, unas 116 por desatender se\u00f1ales, 10 por luces inadecuadas, unos 7 por conducir bajo los efectos del alcohol, 7 por cintas reflectivas inadecuadas o no existentes y 7 por estar mal estacionados. <\/p>\n\n\n\n<p>De los casos reportados, tambi\u00e9n fue necesario el uso de gr\u00faas para transportar veh\u00edculos a los patrios, con un total de 15 autos, siendo unos 5 por conductores bajo los efectos del alcohol o con aliento alcoh\u00f3lico, unos 3 que no portaban licencia, 1 por alcohol y sin licencia, 3 por accidentes de tr\u00e1nsito, y varios por no contar con p\u00f3liza o mantenerla vencida.<\/p>\n\n\n\n<p>La polic\u00eda de tr\u00e1nsito recuerda a la poblaci\u00f3n, extremar las medidas de seguridad en las v\u00edas, ya que de los 116 d\u00edas que lleva el a\u00f1o 2026, ya se reportan a nivel nacional unas 117 v\u00edctimas fatales, de las cuales 12 son de la provincia de Cocl\u00e9. Resalt\u00f3 el uso de los puentes peatonales, cintur\u00f3n de seguridad y omitir el uso del celular al conducir.<\/p>\n","protected":false},"excerpt":{"rendered":"<p>Unos 11 hechos de tr\u00e1nsito de registraron durante el fin de semana en la provincia de Cocl\u00e9, de los cuales 6 fueron colisiones, 3 choques, 1 atropello y 1 ca\u00edda, con un saldo de 9 personas lesionadas, unas 7 por colisiones, 1 por atropello y 1 por la ca\u00edda, adem\u00e1s se colocaron un total de [&hellip;]<\/p>\n","protected":false},"author":6,"featured_media":21408,"comment_status":"open","ping_status":"open","sticky":false,"template":"","format":"standard","meta":{"footnotes":""},"categories":[1,37],"tags":[],"class_list":["post-21407","post","type-post","status-publish","format-standard","has-post-thumbnail","hentry","category-noticias","category-policivas"],"_links":{"self":[{"href":"https:\/\/mifavorita.com.pa\/2017\/wp-json\/wp\/v2\/posts\/21407","targetHints":{"allow":["GET"]}}],"collection":[{"href":"https:\/\/mifavorita.com.pa\/2017\/wp-json\/wp\/v2\/posts"}],"about":[{"href":"https:\/\/mifavorita.com.pa\/2017\/wp-json\/wp\/v2\/types\/post"}],"author":[{"embeddable":true,"href":"https:\/\/mifavorita.com.pa\/2017\/wp-json\/wp\/v2\/users\/6"}],"replies":[{"embeddable":true,"href":"https:\/\/mifavorita.com.pa\/2017\/wp-json\/wp\/v2\/comments?post=21407"}],"version-history":[{"count":1,"href":"https:\/\/mifavorita.com.pa\/2017\/wp-json\/wp\/v2\/posts\/21407\/revisions"}],"predecessor-version":[{"id":21409,"href":"https:\/\/mifavorita.com.pa\/2017\/wp-json\/wp\/v2\/posts\/21407\/revisions\/21409"}],"wp:featuredmedia":[{"embeddable":true,"href":"https:\/\/mifavorita.com.pa\/2017\/wp-json\/wp\/v2\/media\/21408"}],"wp:attachment":[{"href":"https:\/\/mifavorita.com.pa\/2017\/wp-json\/wp\/v2\/media?parent=21407"}],"wp:term":[{"taxonomy":"category","embeddable":true,"href":"https:\/\/mifavorita.com.pa\/2017\/wp-json\/wp\/v2\/categories?post=21407"},{"taxonomy":"post_tag","embeddable":true,"href":"https:\/\/mifavorita.com.pa\/2017\/wp-json\/wp\/v2\/tags?post=21407"}],"curies":[{"name":"wp","href":"https:\/\/api.w.org\/{rel}","templated":true}]}}