{"id":21412,"date":"2026-04-27T21:42:07","date_gmt":"2026-04-27T21:42:07","guid":{"rendered":"https:\/\/mifavorita.com.pa\/2017\/?p=21412"},"modified":"2026-04-27T21:49:17","modified_gmt":"2026-04-27T21:49:17","slug":"ipacoop-premiara-a-la-cooperativa-distinguida","status":"publish","type":"post","link":"https:\/\/mifavorita.com.pa\/2017\/ipacoop-premiara-a-la-cooperativa-distinguida\/","title":{"rendered":"IPACOOP PREMIAR\u00c1 A LA COOPERATIVA DISTINGUIDA"},"content":{"rendered":"\n<p>Con el objetivo de destacar la trayectoria, dedicaci\u00f3n y esfuerzo de las cooperativas a nivel nacional y el marco de sus 46 a\u00f1os el Instituto Paname\u00f1o Aut\u00f3nomo Cooperativo (Ipacoop), premiar\u00e1 a la \u201cCooperativa Distinguida\u201d este a\u00f1o 2026.<\/p>\n\n\n\n<p>Para ello los cooperativistas a nivel nacional deben llenar un formulario de inscripci\u00f3n a trav\u00e9s de la p\u00e1gina web o el Instagram del Ipacoop, adem\u00e1s de cumplir con requisitos como estar al d\u00eda en su vida jur\u00eddica en el registro de cooperativas, estar al d\u00eda en la entrega de los informes y el pago de las obligaciones con la instituci\u00f3n.<\/p>\n\n\n\n<p>Gissell Mart\u00ednez, directora regional del Instituto Paname\u00f1o Aut\u00f3nomo Cooperativo en la provincia de Cocl\u00e9 detall\u00f3 que los interesados en participar de este concurso tienen hasta el 30 de abril para llenar el formulario y cumplir con los requisitos, todos ser\u00e1n evaluados por un jurado calificar que escoger\u00e1 a las tres mejores cooperativas para la entrega de medallas de oro, plata y bronce.<\/p>\n\n\n\n<figure class=\"wp-block-image size-large\"><img fetchpriority=\"high\" decoding=\"async\" width=\"788\" height=\"1024\" src=\"https:\/\/mifavorita.com.pa\/2017\/wp-content\/uploads\/2026\/04\/IMG-20260423-WA0031-1-788x1024.jpg\" alt=\"\" class=\"wp-image-21415\" srcset=\"https:\/\/mifavorita.com.pa\/2017\/wp-content\/uploads\/2026\/04\/IMG-20260423-WA0031-1-788x1024.jpg 788w, https:\/\/mifavorita.com.pa\/2017\/wp-content\/uploads\/2026\/04\/IMG-20260423-WA0031-1-231x300.jpg 231w, https:\/\/mifavorita.com.pa\/2017\/wp-content\/uploads\/2026\/04\/IMG-20260423-WA0031-1-768x998.jpg 768w, https:\/\/mifavorita.com.pa\/2017\/wp-content\/uploads\/2026\/04\/IMG-20260423-WA0031-1-700x910.jpg 700w, https:\/\/mifavorita.com.pa\/2017\/wp-content\/uploads\/2026\/04\/IMG-20260423-WA0031-1-500x650.jpg 500w, https:\/\/mifavorita.com.pa\/2017\/wp-content\/uploads\/2026\/04\/IMG-20260423-WA0031-1.jpg 1179w\" sizes=\"(max-width: 788px) 100vw, 788px\" \/><\/figure>\n\n\n\n<p>Mart\u00ednez, indic\u00f3 que la idea es resaltar la labor de las cooperativas y el compromiso a la hora de ofrecer sus distintos servicios a la comunidad a trav\u00e9s del cooperativismo en los distintos rubros como son servicios m\u00faltiples, ahorros, pesca, transporte entre otros adem\u00e1s de las cooperativas juveniles.<\/p>\n\n\n\n<p>Indic\u00f3 que es importante que las cooperativas que llenen en formulario para participar se aseguren de darle clic a enviar para asegurarse que su registro ha sido recibido a tiempo puesto que solo faltan unos d\u00edas.<\/p>\n\n\n\n<p>Este a\u00f1o 2026 el Ipacoop cumple 26 a\u00f1os de creaci\u00f3n como instituci\u00f3n el 21 de julio y ser\u00e1 el 31 de julio cuando se d\u00e9 la gran gala de premiaci\u00f3n y se d\u00e9 a conocer a las cooperativas distinguidas del pa\u00eds.<\/p>\n","protected":false},"excerpt":{"rendered":"<p>Con el objetivo de destacar la trayectoria, dedicaci\u00f3n y esfuerzo de las cooperativas a nivel nacional y el marco de sus 46 a\u00f1os el Instituto Paname\u00f1o Aut\u00f3nomo Cooperativo (Ipacoop), premiar\u00e1 a la \u201cCooperativa Distinguida\u201d este a\u00f1o 2026. Para ello los cooperativistas a nivel nacional deben llenar un formulario de inscripci\u00f3n a trav\u00e9s de la p\u00e1gina [&hellip;]<\/p>\n","protected":false},"author":5,"featured_media":21413,"comment_status":"open","ping_status":"open","sticky":false,"template":"","format":"standard","meta":{"footnotes":""},"categories":[17,1],"tags":[],"class_list":["post-21412","post","type-post","status-publish","format-standard","has-post-thumbnail","hentry","category-comunitaria","category-noticias"],"_links":{"self":[{"href":"https:\/\/mifavorita.com.pa\/2017\/wp-json\/wp\/v2\/posts\/21412","targetHints":{"allow":["GET"]}}],"collection":[{"href":"https:\/\/mifavorita.com.pa\/2017\/wp-json\/wp\/v2\/posts"}],"about":[{"href":"https:\/\/mifavorita.com.pa\/2017\/wp-json\/wp\/v2\/types\/post"}],"author":[{"embeddable":true,"href":"https:\/\/mifavorita.com.pa\/2017\/wp-json\/wp\/v2\/users\/5"}],"replies":[{"embeddable":true,"href":"https:\/\/mifavorita.com.pa\/2017\/wp-json\/wp\/v2\/comments?post=21412"}],"version-history":[{"count":1,"href":"https:\/\/mifavorita.com.pa\/2017\/wp-json\/wp\/v2\/posts\/21412\/revisions"}],"predecessor-version":[{"id":21416,"href":"https:\/\/mifavorita.com.pa\/2017\/wp-json\/wp\/v2\/posts\/21412\/revisions\/21416"}],"wp:featuredmedia":[{"embeddable":true,"href":"https:\/\/mifavorita.com.pa\/2017\/wp-json\/wp\/v2\/media\/21413"}],"wp:attachment":[{"href":"https:\/\/mifavorita.com.pa\/2017\/wp-json\/wp\/v2\/media?parent=21412"}],"wp:term":[{"taxonomy":"category","embeddable":true,"href":"https:\/\/mifavorita.com.pa\/2017\/wp-json\/wp\/v2\/categories?post=21412"},{"taxonomy":"post_tag","embeddable":true,"href":"https:\/\/mifavorita.com.pa\/2017\/wp-json\/wp\/v2\/tags?post=21412"}],"curies":[{"name":"wp","href":"https:\/\/api.w.org\/{rel}","templated":true}]}}