{"id":21419,"date":"2026-04-27T22:09:21","date_gmt":"2026-04-27T22:09:21","guid":{"rendered":"https:\/\/mifavorita.com.pa\/2017\/?p=21419"},"modified":"2026-04-27T22:12:28","modified_gmt":"2026-04-27T22:12:28","slug":"facinerosos-tiran-combustible-al-tanque-de-almacenamiento-de-agua-de-la-comunidad-de-el-instante-en-ola","status":"publish","type":"post","link":"https:\/\/mifavorita.com.pa\/2017\/facinerosos-tiran-combustible-al-tanque-de-almacenamiento-de-agua-de-la-comunidad-de-el-instante-en-ola\/","title":{"rendered":"FACINEROSOS TIRAN COMBUSTIBLE AL TANQUE DE ALMACENAMIENTO DE AGUA DE LA COMUNIDAD DE EL INSTANTE EN OL\u00c1."},"content":{"rendered":"\n<p>Que se investigue y se castigue en\u00e9rgicamente a los responsables de verter combustible en el tanque de almacenamiento de agua de la comunidad, sector de El Instante en la comunidad de Barranco Colorado en el corregimiento de El Picacho en el distrito de Ol\u00e1, es lo que piden residentes de esta comunidad.<\/p>\n\n\n\n<p>Y es que este domingo varios residentes se acercaron a las autoridades ya que el agua ten\u00eda un olor a di\u00e9sel y un sabor extra\u00f1o, por lo que junto a la Junta Administradora del Acueducto Rural se realiz\u00f3 una inspecci\u00f3n en el tanque de almacenamiento verificando que efectivamente se cometido un atentado contra la poblaci\u00f3n por lo que se procedi\u00f3 a cerrar las llaves y a prohibir el consumo del agua.<\/p>\n\n\n\n<p>Arsenio Ortiz, alcalde distrito de Ol\u00e1, manifest\u00f3 su preocupaci\u00f3n por el hecho ya que considera el mismo es un atentado contra la salud y la vida de las m\u00e1s de 40 familias que habitan en esta comunidad que dependen de este acueducto rural y que ahora est\u00e1n sin agua ante esta dificultad.<\/p>\n\n\n\n<p>Nos sentimos preocupados, esto para nosotros es como un crimen y estamos solicitando a las autoridades que se investigue lo ocurrido no solo al Ministerio de Salud, sino tambi\u00e9n a Mi Ambiente y al Ministerio P\u00fablico, porque insisto creo que esto es un atentado contra la poblaci\u00f3n, dijo el alcalde.<\/p>\n\n\n\n<p>Ortiz asegur\u00f3 que de inmediato puso el conocimiento a las autoridades, desde el gobernador y las dem\u00e1s autoridades pero hasta este lunes no hab\u00edan obtenido respuesta cosa que tambi\u00e9n le preocupa puesto que a veces tardan en atender los llamados de los olae\u00f1os y no se hacen por molestar sino por necesidad.<\/p>\n","protected":false},"excerpt":{"rendered":"<p>Que se investigue y se castigue en\u00e9rgicamente a los responsables de verter combustible en el tanque de almacenamiento de agua de la comunidad, sector de El Instante en la comunidad de Barranco Colorado en el corregimiento de El Picacho en el distrito de Ol\u00e1, es lo que piden residentes de esta comunidad. Y es que [&hellip;]<\/p>\n","protected":false},"author":5,"featured_media":0,"comment_status":"open","ping_status":"open","sticky":false,"template":"","format":"standard","meta":{"footnotes":""},"categories":[1],"tags":[],"class_list":["post-21419","post","type-post","status-publish","format-standard","hentry","category-noticias"],"_links":{"self":[{"href":"https:\/\/mifavorita.com.pa\/2017\/wp-json\/wp\/v2\/posts\/21419","targetHints":{"allow":["GET"]}}],"collection":[{"href":"https:\/\/mifavorita.com.pa\/2017\/wp-json\/wp\/v2\/posts"}],"about":[{"href":"https:\/\/mifavorita.com.pa\/2017\/wp-json\/wp\/v2\/types\/post"}],"author":[{"embeddable":true,"href":"https:\/\/mifavorita.com.pa\/2017\/wp-json\/wp\/v2\/users\/5"}],"replies":[{"embeddable":true,"href":"https:\/\/mifavorita.com.pa\/2017\/wp-json\/wp\/v2\/comments?post=21419"}],"version-history":[{"count":1,"href":"https:\/\/mifavorita.com.pa\/2017\/wp-json\/wp\/v2\/posts\/21419\/revisions"}],"predecessor-version":[{"id":21426,"href":"https:\/\/mifavorita.com.pa\/2017\/wp-json\/wp\/v2\/posts\/21419\/revisions\/21426"}],"wp:attachment":[{"href":"https:\/\/mifavorita.com.pa\/2017\/wp-json\/wp\/v2\/media?parent=21419"}],"wp:term":[{"taxonomy":"category","embeddable":true,"href":"https:\/\/mifavorita.com.pa\/2017\/wp-json\/wp\/v2\/categories?post=21419"},{"taxonomy":"post_tag","embeddable":true,"href":"https:\/\/mifavorita.com.pa\/2017\/wp-json\/wp\/v2\/tags?post=21419"}],"curies":[{"name":"wp","href":"https:\/\/api.w.org\/{rel}","templated":true}]}}