{"id":21428,"date":"2026-04-28T18:18:42","date_gmt":"2026-04-28T18:18:42","guid":{"rendered":"https:\/\/mifavorita.com.pa\/2017\/?p=21428"},"modified":"2026-04-28T18:24:23","modified_gmt":"2026-04-28T18:24:23","slug":"plan-piloto-cuidarte-beneficia-a-2-mil-100-ninos-de-todo-el-pais-unos-300-son-de-cocle","status":"publish","type":"post","link":"https:\/\/mifavorita.com.pa\/2017\/plan-piloto-cuidarte-beneficia-a-2-mil-100-ninos-de-todo-el-pais-unos-300-son-de-cocle\/","title":{"rendered":"PLAN PILOTO CUIDARTE BENEFICIA A 2 MIL 100 NI\u00d1OS DE TODO EL PA\u00cdS; UNOS 300 SON DE COCL\u00c9"},"content":{"rendered":"\n<p>Unos 300 ni\u00f1os entre los 6 y 36 meses de edad de 6 distritos de la provincia de Cocl\u00e9, se benefician con el Plan Piloto Cuidarte, un programa que lleva adelante el Ministerio de Desarrollo Social junto a ONG\u00b4s, que buscan orientar a las familias en el desarrollo de sus beb\u00e9s con tareas simples desde casa y acompa\u00f1amiento.&nbsp; A nivel nacional, son 2 mil 100 los beneficiados ya desde el mes de febrero que inici\u00f3.<\/p>\n\n\n\n<figure class=\"wp-block-image size-large\"><img fetchpriority=\"high\" decoding=\"async\" width=\"1024\" height=\"616\" src=\"https:\/\/mifavorita.com.pa\/2017\/wp-content\/uploads\/2026\/04\/IMG_5466-1024x616.jpeg\" alt=\"\" class=\"wp-image-21430\" srcset=\"https:\/\/mifavorita.com.pa\/2017\/wp-content\/uploads\/2026\/04\/IMG_5466-1024x616.jpeg 1024w, https:\/\/mifavorita.com.pa\/2017\/wp-content\/uploads\/2026\/04\/IMG_5466-300x180.jpeg 300w, https:\/\/mifavorita.com.pa\/2017\/wp-content\/uploads\/2026\/04\/IMG_5466-768x462.jpeg 768w, https:\/\/mifavorita.com.pa\/2017\/wp-content\/uploads\/2026\/04\/IMG_5466-700x421.jpeg 700w, https:\/\/mifavorita.com.pa\/2017\/wp-content\/uploads\/2026\/04\/IMG_5466-500x301.jpeg 500w, https:\/\/mifavorita.com.pa\/2017\/wp-content\/uploads\/2026\/04\/IMG_5466.jpeg 1179w\" sizes=\"(max-width: 1024px) 100vw, 1024px\" \/><\/figure>\n\n\n\n<p>Rossana Mu\u00f1iz, directora del Servicio de Protecci\u00f3n Social, explic\u00f3 en que en este Plan se acompa\u00f1a principalmente a las madres a trabajar con sus ni\u00f1os, a trav\u00e9s, habilidades que ellos debe desarrollar, con las visitas 1 vez por semana y tareas a nivel de ling\u00fc\u00edstica, motora gruesa, motora fina, con una compa\u00f1\u00eda de dos a\u00f1os. Estas actividades incluyen la integraci\u00f3n de la familia, uso correcto y selecci\u00f3n de juguetes adecuados seg\u00fan cada etapa.<\/p>\n\n\n\n<p>Mu\u00f1iz explic\u00f3 adem\u00e1s que las encargadas son especialistas en desarrollo infantil con apoyo de Fondo Unido, Nutre Hogar y Fundaci\u00f3n Atenas, con coordinadoras divididas en regiones, que incluyen a casi todo el pa\u00eds, con 7 lotes como divisi\u00f3n, cada uno con 300 ni\u00f1os, y actualmente algunos est\u00e1n en refrendo por parte de la Contralor\u00eda de la Rep\u00fablica, como la Comarca Ng\u00e4be- Bugl\u00e9, Bocas del Toro y Chiriqu\u00ed que est\u00e1n por refrendarse.<\/p>\n\n\n\n<figure class=\"wp-block-image size-large\"><img decoding=\"async\" width=\"1024\" height=\"612\" src=\"https:\/\/mifavorita.com.pa\/2017\/wp-content\/uploads\/2026\/04\/IMG_5464-1024x612.jpeg\" alt=\"\" class=\"wp-image-21431\" srcset=\"https:\/\/mifavorita.com.pa\/2017\/wp-content\/uploads\/2026\/04\/IMG_5464-1024x612.jpeg 1024w, https:\/\/mifavorita.com.pa\/2017\/wp-content\/uploads\/2026\/04\/IMG_5464-300x179.jpeg 300w, https:\/\/mifavorita.com.pa\/2017\/wp-content\/uploads\/2026\/04\/IMG_5464-768x459.jpeg 768w, https:\/\/mifavorita.com.pa\/2017\/wp-content\/uploads\/2026\/04\/IMG_5464-700x419.jpeg 700w, https:\/\/mifavorita.com.pa\/2017\/wp-content\/uploads\/2026\/04\/IMG_5464-500x299.jpeg 500w, https:\/\/mifavorita.com.pa\/2017\/wp-content\/uploads\/2026\/04\/IMG_5464.jpeg 1179w\" sizes=\"(max-width: 1024px) 100vw, 1024px\" \/><\/figure>\n\n\n\n<p>El proyecto ha sido vigilado de cerca por la propia ministra de Desarrollo Social, Beatr\u00edz Carles, quien en recientes d\u00edas visit\u00f3 Ol\u00e1 y La Pintada para conocer algunas familias y los avances de sus peque\u00f1os, los cuales han sido satisfactorios. &nbsp;<\/p>\n\n\n\n<p>Los ni\u00f1os participantes fueron escogidos a trav\u00e9s de los representantes de corregimiento quienes identificaron familias con infantes en la edad requerida de \u00e1reas rurales, mayormente. El objetivo es que el ni\u00f1o en sus primeros a\u00f1os de vida pueda desarrollar habilidades que le sirvan en su desarrollo cognitivo, social y l\u00f3gico, y por ende construir caracteres en su adultez.<\/p>\n\n\n\n<figure class=\"wp-block-image size-large\"><img decoding=\"async\" width=\"896\" height=\"1024\" src=\"https:\/\/mifavorita.com.pa\/2017\/wp-content\/uploads\/2026\/04\/IMG_5463-896x1024.jpeg\" alt=\"\" class=\"wp-image-21432\" srcset=\"https:\/\/mifavorita.com.pa\/2017\/wp-content\/uploads\/2026\/04\/IMG_5463-896x1024.jpeg 896w, https:\/\/mifavorita.com.pa\/2017\/wp-content\/uploads\/2026\/04\/IMG_5463-262x300.jpeg 262w, https:\/\/mifavorita.com.pa\/2017\/wp-content\/uploads\/2026\/04\/IMG_5463-768x878.jpeg 768w, https:\/\/mifavorita.com.pa\/2017\/wp-content\/uploads\/2026\/04\/IMG_5463-700x800.jpeg 700w, https:\/\/mifavorita.com.pa\/2017\/wp-content\/uploads\/2026\/04\/IMG_5463-500x572.jpeg 500w, https:\/\/mifavorita.com.pa\/2017\/wp-content\/uploads\/2026\/04\/IMG_5463.jpeg 1179w\" sizes=\"(max-width: 896px) 100vw, 896px\" \/><\/figure>\n","protected":false},"excerpt":{"rendered":"<p>Unos 300 ni\u00f1os entre los 6 y 36 meses de edad de 6 distritos de la provincia de Cocl\u00e9, se benefician con el Plan Piloto Cuidarte, un programa que lleva adelante el Ministerio de Desarrollo Social junto a ONG\u00b4s, que buscan orientar a las familias en el desarrollo de sus beb\u00e9s con tareas simples desde [&hellip;]<\/p>\n","protected":false},"author":6,"featured_media":21429,"comment_status":"open","ping_status":"open","sticky":false,"template":"","format":"standard","meta":{"footnotes":""},"categories":[17,1],"tags":[],"class_list":["post-21428","post","type-post","status-publish","format-standard","has-post-thumbnail","hentry","category-comunitaria","category-noticias"],"_links":{"self":[{"href":"https:\/\/mifavorita.com.pa\/2017\/wp-json\/wp\/v2\/posts\/21428","targetHints":{"allow":["GET"]}}],"collection":[{"href":"https:\/\/mifavorita.com.pa\/2017\/wp-json\/wp\/v2\/posts"}],"about":[{"href":"https:\/\/mifavorita.com.pa\/2017\/wp-json\/wp\/v2\/types\/post"}],"author":[{"embeddable":true,"href":"https:\/\/mifavorita.com.pa\/2017\/wp-json\/wp\/v2\/users\/6"}],"replies":[{"embeddable":true,"href":"https:\/\/mifavorita.com.pa\/2017\/wp-json\/wp\/v2\/comments?post=21428"}],"version-history":[{"count":2,"href":"https:\/\/mifavorita.com.pa\/2017\/wp-json\/wp\/v2\/posts\/21428\/revisions"}],"predecessor-version":[{"id":21435,"href":"https:\/\/mifavorita.com.pa\/2017\/wp-json\/wp\/v2\/posts\/21428\/revisions\/21435"}],"wp:featuredmedia":[{"embeddable":true,"href":"https:\/\/mifavorita.com.pa\/2017\/wp-json\/wp\/v2\/media\/21429"}],"wp:attachment":[{"href":"https:\/\/mifavorita.com.pa\/2017\/wp-json\/wp\/v2\/media?parent=21428"}],"wp:term":[{"taxonomy":"category","embeddable":true,"href":"https:\/\/mifavorita.com.pa\/2017\/wp-json\/wp\/v2\/categories?post=21428"},{"taxonomy":"post_tag","embeddable":true,"href":"https:\/\/mifavorita.com.pa\/2017\/wp-json\/wp\/v2\/tags?post=21428"}],"curies":[{"name":"wp","href":"https:\/\/api.w.org\/{rel}","templated":true}]}}