{"id":21436,"date":"2026-04-28T19:06:55","date_gmt":"2026-04-28T19:06:55","guid":{"rendered":"https:\/\/mifavorita.com.pa\/2017\/?p=21436"},"modified":"2026-04-28T19:30:27","modified_gmt":"2026-04-28T19:30:27","slug":"comite-en-penonome-de-grupo-de-intercambio-afs-realizara-tarde-cultural-en-el-dia-de-la-danza","status":"publish","type":"post","link":"https:\/\/mifavorita.com.pa\/2017\/comite-en-penonome-de-grupo-de-intercambio-afs-realizara-tarde-cultural-en-el-dia-de-la-danza\/","title":{"rendered":"COMIT\u00c9 EN PENONOM\u00c9 DE GRUPO DE INTERCAMBIO AFS REALIZAR\u00c1 TARDE CULTURAL EN EL D\u00cdA DE LA DANZA"},"content":{"rendered":"\n<p>Para integrar a unos 17 j\u00f3venes que participan del programa de intercambio cultural y estudiantil AFS en Penonom\u00e9, voluntarios de la organizaci\u00f3n realizar\u00e1n una tarde cultural este 29 de abril en la que rendir\u00e1n tributo al D\u00eda Mundial de la Danza, con clases gratuitas y al aire libre de ritmos tropicales de 3 a 6 de la tarde en el Parque 8 de Diciembre.<\/p>\n\n\n\n<p>La actividad, a parte de instruir a los j\u00f3venes de intercambio en la cultura paname\u00f1a, tambi\u00e9n busca su integraci\u00f3n con el entorno y sus familias de acogida. Julio Ja\u00e9n, coordinador del Comit\u00e9 AFS de Penonom\u00e9, explic\u00f3 que los chicos provienen de Rep\u00fablica Checa, Jap\u00f3n, Italia, Alemania y Estados Unidos, y que est\u00e1n muy emocionados de poder compartir con todo el pueblo esta actividad.<\/p>\n\n\n\n<p>Onelis Cece\u00f1a, instructora de Swing Dance Center, una de las academias que participar\u00e1 de la tarde cultural, se\u00f1al\u00f3 que brindar\u00e1n al p\u00fablico muestras de bailes tropicales como salsa, bachata y merengue, de los que tambi\u00e9n podr\u00e1n participar en unas mini clases junto a las ni\u00f1as estudiantes de la academia.<\/p>\n\n\n\n<p>Esta es una actividad abierta a todo p\u00fablico, adem\u00e1s tendr\u00e1n ventas variadas con emprendedores locales y a la academia de Danzas Yaisseth. El Comit\u00e9 de este programa de intercambio en Penonom\u00e9, ha participado a trav\u00e9s de los a\u00f1os al recibir cientos de j\u00f3venes de pa\u00edses tanto de Europa, Asia y Am\u00e9rica del Norte tanto para Universidades como Escuelas, espacios que brindan oportunidades culturales para el visitante como para los j\u00f3venes que comparten con ellos.<\/p>\n\n\n\n<figure class=\"wp-block-image size-large\"><img fetchpriority=\"high\" decoding=\"async\" width=\"591\" height=\"1024\" src=\"https:\/\/mifavorita.com.pa\/2017\/wp-content\/uploads\/2026\/04\/unnamed-2026-04-28T140544.082-591x1024.jpg\" alt=\"\" class=\"wp-image-21438\" srcset=\"https:\/\/mifavorita.com.pa\/2017\/wp-content\/uploads\/2026\/04\/unnamed-2026-04-28T140544.082-591x1024.jpg 591w, https:\/\/mifavorita.com.pa\/2017\/wp-content\/uploads\/2026\/04\/unnamed-2026-04-28T140544.082-173x300.jpg 173w, https:\/\/mifavorita.com.pa\/2017\/wp-content\/uploads\/2026\/04\/unnamed-2026-04-28T140544.082-768x1331.jpg 768w, https:\/\/mifavorita.com.pa\/2017\/wp-content\/uploads\/2026\/04\/unnamed-2026-04-28T140544.082-700x1213.jpg 700w, https:\/\/mifavorita.com.pa\/2017\/wp-content\/uploads\/2026\/04\/unnamed-2026-04-28T140544.082-500x867.jpg 500w, https:\/\/mifavorita.com.pa\/2017\/wp-content\/uploads\/2026\/04\/unnamed-2026-04-28T140544.082.jpg 784w\" sizes=\"(max-width: 591px) 100vw, 591px\" \/><\/figure>\n","protected":false},"excerpt":{"rendered":"<p>Para integrar a unos 17 j\u00f3venes que participan del programa de intercambio cultural y estudiantil AFS en Penonom\u00e9, voluntarios de la organizaci\u00f3n realizar\u00e1n una tarde cultural este 29 de abril en la que rendir\u00e1n tributo al D\u00eda Mundial de la Danza, con clases gratuitas y al aire libre de ritmos tropicales de 3 a 6 [&hellip;]<\/p>\n","protected":false},"author":6,"featured_media":21437,"comment_status":"open","ping_status":"open","sticky":false,"template":"","format":"standard","meta":{"footnotes":""},"categories":[30,1],"tags":[],"class_list":["post-21436","post","type-post","status-publish","format-standard","has-post-thumbnail","hentry","category-cultura","category-noticias"],"_links":{"self":[{"href":"https:\/\/mifavorita.com.pa\/2017\/wp-json\/wp\/v2\/posts\/21436","targetHints":{"allow":["GET"]}}],"collection":[{"href":"https:\/\/mifavorita.com.pa\/2017\/wp-json\/wp\/v2\/posts"}],"about":[{"href":"https:\/\/mifavorita.com.pa\/2017\/wp-json\/wp\/v2\/types\/post"}],"author":[{"embeddable":true,"href":"https:\/\/mifavorita.com.pa\/2017\/wp-json\/wp\/v2\/users\/6"}],"replies":[{"embeddable":true,"href":"https:\/\/mifavorita.com.pa\/2017\/wp-json\/wp\/v2\/comments?post=21436"}],"version-history":[{"count":1,"href":"https:\/\/mifavorita.com.pa\/2017\/wp-json\/wp\/v2\/posts\/21436\/revisions"}],"predecessor-version":[{"id":21439,"href":"https:\/\/mifavorita.com.pa\/2017\/wp-json\/wp\/v2\/posts\/21436\/revisions\/21439"}],"wp:featuredmedia":[{"embeddable":true,"href":"https:\/\/mifavorita.com.pa\/2017\/wp-json\/wp\/v2\/media\/21437"}],"wp:attachment":[{"href":"https:\/\/mifavorita.com.pa\/2017\/wp-json\/wp\/v2\/media?parent=21436"}],"wp:term":[{"taxonomy":"category","embeddable":true,"href":"https:\/\/mifavorita.com.pa\/2017\/wp-json\/wp\/v2\/categories?post=21436"},{"taxonomy":"post_tag","embeddable":true,"href":"https:\/\/mifavorita.com.pa\/2017\/wp-json\/wp\/v2\/tags?post=21436"}],"curies":[{"name":"wp","href":"https:\/\/api.w.org\/{rel}","templated":true}]}}