{"id":21441,"date":"2026-04-29T20:45:09","date_gmt":"2026-04-29T20:45:09","guid":{"rendered":"https:\/\/mifavorita.com.pa\/2017\/?p=21441"},"modified":"2026-04-29T20:49:11","modified_gmt":"2026-04-29T20:49:11","slug":"penonomena-solicitan-apoyo-para-realizar-el-documental-san-antoniohistorias-de-un-barrio","status":"publish","type":"post","link":"https:\/\/mifavorita.com.pa\/2017\/penonomena-solicitan-apoyo-para-realizar-el-documental-san-antoniohistorias-de-un-barrio\/","title":{"rendered":"PENONOME\u00d1A SOLICITAN APOYO PARA REALIZAR EL DOCUMENTAL SAN ANTONIO:HISTORIAS DE UN BARRIO"},"content":{"rendered":"\n<p>Para dar vida y voz a aquellas historias y memorias de los residentes de Penonom\u00e9 sobre su colonial barrio de San Antonio, un equipo de documentalistas se encuentra durante esta \u00faltima semana de abril, en la recolecci\u00f3n de audios, fotograf\u00edas o todo tipo de documentos para elaborar un documental denominado San Antonio: la memoria de un barrio, y que ser\u00e1 estrenado en noviembre.<\/p>\n\n\n\n<p>Este proyecto fue propuesto por la documentalista Xochil Vergara, penonome\u00f1a, como parte de una convocatoria de la empresa Televisora Nacional, y fue seleccionado junto a otros dos como ganadores para desarrollarlo, por lo que ahora ella, junto a su equipo, solicitan el apoyo de todo el distrito.<\/p>\n\n\n\n<p>La idea de Xochil es mostrar la evoluci\u00f3n hist\u00f3rica de Penonom\u00e9 desde uno de sus barrios m\u00e1s representativos, por lo que es lo que quiere mostrar a trav\u00e9s de las voces de todas las personas que tengan alg\u00fan tipo de memorias, por lo que el proyecto presentar\u00e1 eso como esencia principal.<\/p>\n\n\n\n<p>Este documental debe incluir todo tipo de material que las personas est\u00e9n dispuestas a aportar del barrio, vivan o no actualmente en \u00e9l, por eso durante esta semana las personas podr\u00e1n comunicarse al 67846441 si quieren ser parte o enviar alg\u00fan tipo de material del barrio.<\/p>\n\n\n\n<p>Durante tres domingos de noviembre en horario de prime time, los documentales ser\u00e1n estrenados, al igual que mostrados en eventos internacionales como parte de la promoci\u00f3n hist\u00f3rica, cultural y tur\u00edstica de todo el pa\u00eds que resguarda a\u00fan la memoria dentro de reconocidos barrios en los que a\u00fan su gente vive la esencia de comunidad y ans\u00edan contar lo que saben.<\/p>\n","protected":false},"excerpt":{"rendered":"<p>Para dar vida y voz a aquellas historias y memorias de los residentes de Penonom\u00e9 sobre su colonial barrio de San Antonio, un equipo de documentalistas se encuentra durante esta \u00faltima semana de abril, en la recolecci\u00f3n de audios, fotograf\u00edas o todo tipo de documentos para elaborar un documental denominado San Antonio: la memoria de [&hellip;]<\/p>\n","protected":false},"author":6,"featured_media":21442,"comment_status":"open","ping_status":"open","sticky":false,"template":"","format":"standard","meta":{"footnotes":""},"categories":[30,1],"tags":[],"class_list":["post-21441","post","type-post","status-publish","format-standard","has-post-thumbnail","hentry","category-cultura","category-noticias"],"_links":{"self":[{"href":"https:\/\/mifavorita.com.pa\/2017\/wp-json\/wp\/v2\/posts\/21441","targetHints":{"allow":["GET"]}}],"collection":[{"href":"https:\/\/mifavorita.com.pa\/2017\/wp-json\/wp\/v2\/posts"}],"about":[{"href":"https:\/\/mifavorita.com.pa\/2017\/wp-json\/wp\/v2\/types\/post"}],"author":[{"embeddable":true,"href":"https:\/\/mifavorita.com.pa\/2017\/wp-json\/wp\/v2\/users\/6"}],"replies":[{"embeddable":true,"href":"https:\/\/mifavorita.com.pa\/2017\/wp-json\/wp\/v2\/comments?post=21441"}],"version-history":[{"count":1,"href":"https:\/\/mifavorita.com.pa\/2017\/wp-json\/wp\/v2\/posts\/21441\/revisions"}],"predecessor-version":[{"id":21443,"href":"https:\/\/mifavorita.com.pa\/2017\/wp-json\/wp\/v2\/posts\/21441\/revisions\/21443"}],"wp:featuredmedia":[{"embeddable":true,"href":"https:\/\/mifavorita.com.pa\/2017\/wp-json\/wp\/v2\/media\/21442"}],"wp:attachment":[{"href":"https:\/\/mifavorita.com.pa\/2017\/wp-json\/wp\/v2\/media?parent=21441"}],"wp:term":[{"taxonomy":"category","embeddable":true,"href":"https:\/\/mifavorita.com.pa\/2017\/wp-json\/wp\/v2\/categories?post=21441"},{"taxonomy":"post_tag","embeddable":true,"href":"https:\/\/mifavorita.com.pa\/2017\/wp-json\/wp\/v2\/tags?post=21441"}],"curies":[{"name":"wp","href":"https:\/\/api.w.org\/{rel}","templated":true}]}}