{"id":21445,"date":"2026-04-29T21:01:32","date_gmt":"2026-04-29T21:01:32","guid":{"rendered":"https:\/\/mifavorita.com.pa\/2017\/?p=21445"},"modified":"2026-04-29T21:05:25","modified_gmt":"2026-04-29T21:05:25","slug":"extension-del-iphe-en-penonome-sensibilizo-a-la-poblacion-sobre-el-autismo-con-caminata","status":"publish","type":"post","link":"https:\/\/mifavorita.com.pa\/2017\/extension-del-iphe-en-penonome-sensibilizo-a-la-poblacion-sobre-el-autismo-con-caminata\/","title":{"rendered":"EXTENSI\u00d3N DEL IPHE EN PENONOM\u00c9 SENSIBILIZ\u00d3 A LA POBLACI\u00d3N SOBRE EL AUTISMO CON CAMINATA"},"content":{"rendered":"\n<p>En compa\u00f1\u00eda de toda la comunidad educativa y de instituciones invitadas, la extensi\u00f3n Penonom\u00e9 del Instituto Paname\u00f1o de Habilitaci\u00f3n Especial, realiz\u00f3 una caminata como cierre al mes del autismo la ma\u00f1ana de este 29 de abril, actividad que se desarroll\u00f3 por las principales calles del pueblo y que busc\u00f3 sensibilizar a la poblaci\u00f3n general sobre el respeto a la condici\u00f3n.<\/p>\n\n\n\n<p>El IPHE en Penonom\u00e9 atiende en la actualidad unos 150 ni\u00f1os y j\u00f3venes con la condici\u00f3n de autismo, sin embargo, todos los estudiantes con diversas condiciones tambi\u00e9n se unieron a esta actividad. Marlena Moreno, directora de la extensi\u00f3n, explic\u00f3 que con cada ni\u00f1o se trabaja de una manera especializada para lograr progreso en su educaci\u00f3n y desarrollo personal, trabajo que debe ser apoyado por los padres de familia.<\/p>\n\n\n\n<figure class=\"wp-block-gallery has-nested-images columns-default is-cropped wp-block-gallery-1 is-layout-flex wp-block-gallery-is-layout-flex\">\n<figure class=\"wp-block-image size-large\"><img fetchpriority=\"high\" decoding=\"async\" width=\"1024\" height=\"447\" data-id=\"21448\" src=\"https:\/\/mifavorita.com.pa\/2017\/wp-content\/uploads\/2026\/04\/IMG_5505-1024x447.jpeg\" alt=\"\" class=\"wp-image-21448\" srcset=\"https:\/\/mifavorita.com.pa\/2017\/wp-content\/uploads\/2026\/04\/IMG_5505-1024x447.jpeg 1024w, https:\/\/mifavorita.com.pa\/2017\/wp-content\/uploads\/2026\/04\/IMG_5505-300x131.jpeg 300w, https:\/\/mifavorita.com.pa\/2017\/wp-content\/uploads\/2026\/04\/IMG_5505-768x335.jpeg 768w, https:\/\/mifavorita.com.pa\/2017\/wp-content\/uploads\/2026\/04\/IMG_5505-700x306.jpeg 700w, https:\/\/mifavorita.com.pa\/2017\/wp-content\/uploads\/2026\/04\/IMG_5505-500x218.jpeg 500w, https:\/\/mifavorita.com.pa\/2017\/wp-content\/uploads\/2026\/04\/IMG_5505-800x350.jpeg 800w, https:\/\/mifavorita.com.pa\/2017\/wp-content\/uploads\/2026\/04\/IMG_5505.jpeg 1179w\" sizes=\"(max-width: 1024px) 100vw, 1024px\" \/><\/figure>\n\n\n\n<figure class=\"wp-block-image size-large\"><img decoding=\"async\" width=\"1024\" height=\"463\" data-id=\"21447\" src=\"https:\/\/mifavorita.com.pa\/2017\/wp-content\/uploads\/2026\/04\/IMG_5504-1024x463.jpeg\" alt=\"\" class=\"wp-image-21447\" srcset=\"https:\/\/mifavorita.com.pa\/2017\/wp-content\/uploads\/2026\/04\/IMG_5504-1024x463.jpeg 1024w, https:\/\/mifavorita.com.pa\/2017\/wp-content\/uploads\/2026\/04\/IMG_5504-300x136.jpeg 300w, https:\/\/mifavorita.com.pa\/2017\/wp-content\/uploads\/2026\/04\/IMG_5504-768x347.jpeg 768w, https:\/\/mifavorita.com.pa\/2017\/wp-content\/uploads\/2026\/04\/IMG_5504-700x316.jpeg 700w, https:\/\/mifavorita.com.pa\/2017\/wp-content\/uploads\/2026\/04\/IMG_5504-500x226.jpeg 500w, https:\/\/mifavorita.com.pa\/2017\/wp-content\/uploads\/2026\/04\/IMG_5504.jpeg 1179w\" sizes=\"(max-width: 1024px) 100vw, 1024px\" \/><\/figure>\n<\/figure>\n\n\n\n<p>La directora tambi\u00e9n dijo que, a la sociedad, le hacen la solicitud de respeto en todas las formas, as\u00ed sea en escuelas, Iglesias, o cualquier sitio, pues las miradas y los gestos suelen incomodar principalmente a los padres de familia que luchan d\u00eda a d\u00eda por la inclusi\u00f3n de sus ni\u00f1os o adolescentes, adem\u00e1s de abrir espacios adaptados a ellos, y no ellos adaptados a los espacios.<\/p>\n\n\n\n<p>Por su parte, Juan Carlos Tu\u00f1\u00f3n, director de la Secretar\u00eda Nacional de Discapacidad en Cocl\u00e9, expres\u00f3 su agradecimiento al ser invitados a participar y tambi\u00e9n hizo un llamado a los padres de familia a acudir a la instituci\u00f3n a tramitar sus carnets de discapacidad con toda la documentaci\u00f3n, y de tener dudas acudir igual a las oficinas para recibir apoyo y orientaci\u00f3n.<\/p>\n\n\n\n<figure class=\"wp-block-gallery has-nested-images columns-default is-cropped wp-block-gallery-2 is-layout-flex wp-block-gallery-is-layout-flex\">\n<figure class=\"wp-block-image size-large\"><img decoding=\"async\" width=\"1024\" height=\"576\" data-id=\"21452\" src=\"https:\/\/mifavorita.com.pa\/2017\/wp-content\/uploads\/2026\/04\/IMG_5494-1024x576.jpeg\" alt=\"\" class=\"wp-image-21452\" srcset=\"https:\/\/mifavorita.com.pa\/2017\/wp-content\/uploads\/2026\/04\/IMG_5494-1024x576.jpeg 1024w, https:\/\/mifavorita.com.pa\/2017\/wp-content\/uploads\/2026\/04\/IMG_5494-300x169.jpeg 300w, https:\/\/mifavorita.com.pa\/2017\/wp-content\/uploads\/2026\/04\/IMG_5494-768x432.jpeg 768w, https:\/\/mifavorita.com.pa\/2017\/wp-content\/uploads\/2026\/04\/IMG_5494-1536x864.jpeg 1536w, https:\/\/mifavorita.com.pa\/2017\/wp-content\/uploads\/2026\/04\/IMG_5494-2048x1152.jpeg 2048w, https:\/\/mifavorita.com.pa\/2017\/wp-content\/uploads\/2026\/04\/IMG_5494-700x394.jpeg 700w, https:\/\/mifavorita.com.pa\/2017\/wp-content\/uploads\/2026\/04\/IMG_5494-500x281.jpeg 500w\" sizes=\"(max-width: 1024px) 100vw, 1024px\" \/><\/figure>\n\n\n\n<figure class=\"wp-block-image size-large\"><img loading=\"lazy\" decoding=\"async\" width=\"1024\" height=\"576\" data-id=\"21451\" src=\"https:\/\/mifavorita.com.pa\/2017\/wp-content\/uploads\/2026\/04\/IMG_5484-1024x576.jpeg\" alt=\"\" class=\"wp-image-21451\" srcset=\"https:\/\/mifavorita.com.pa\/2017\/wp-content\/uploads\/2026\/04\/IMG_5484-1024x576.jpeg 1024w, https:\/\/mifavorita.com.pa\/2017\/wp-content\/uploads\/2026\/04\/IMG_5484-300x169.jpeg 300w, https:\/\/mifavorita.com.pa\/2017\/wp-content\/uploads\/2026\/04\/IMG_5484-768x432.jpeg 768w, https:\/\/mifavorita.com.pa\/2017\/wp-content\/uploads\/2026\/04\/IMG_5484-1536x864.jpeg 1536w, https:\/\/mifavorita.com.pa\/2017\/wp-content\/uploads\/2026\/04\/IMG_5484-2048x1152.jpeg 2048w, https:\/\/mifavorita.com.pa\/2017\/wp-content\/uploads\/2026\/04\/IMG_5484-700x394.jpeg 700w, https:\/\/mifavorita.com.pa\/2017\/wp-content\/uploads\/2026\/04\/IMG_5484-500x281.jpeg 500w\" sizes=\"(max-width: 1024px) 100vw, 1024px\" \/><\/figure>\n\n\n\n<figure class=\"wp-block-image size-large\"><img loading=\"lazy\" decoding=\"async\" width=\"1024\" height=\"576\" data-id=\"21450\" src=\"https:\/\/mifavorita.com.pa\/2017\/wp-content\/uploads\/2026\/04\/IMG_5479-1024x576.jpeg\" alt=\"\" class=\"wp-image-21450\" srcset=\"https:\/\/mifavorita.com.pa\/2017\/wp-content\/uploads\/2026\/04\/IMG_5479-1024x576.jpeg 1024w, https:\/\/mifavorita.com.pa\/2017\/wp-content\/uploads\/2026\/04\/IMG_5479-300x169.jpeg 300w, https:\/\/mifavorita.com.pa\/2017\/wp-content\/uploads\/2026\/04\/IMG_5479-768x432.jpeg 768w, https:\/\/mifavorita.com.pa\/2017\/wp-content\/uploads\/2026\/04\/IMG_5479-1536x864.jpeg 1536w, https:\/\/mifavorita.com.pa\/2017\/wp-content\/uploads\/2026\/04\/IMG_5479-2048x1152.jpeg 2048w, https:\/\/mifavorita.com.pa\/2017\/wp-content\/uploads\/2026\/04\/IMG_5479-700x394.jpeg 700w, https:\/\/mifavorita.com.pa\/2017\/wp-content\/uploads\/2026\/04\/IMG_5479-500x281.jpeg 500w\" sizes=\"(max-width: 1024px) 100vw, 1024px\" \/><\/figure>\n<\/figure>\n\n\n\n<p>La caminata culmin\u00f3 en el Parque 8 de Diciembre, con una gran actividad de arte, pintura y creatividad con los estudiantes seg\u00fan el grado que cursan junto a sus docentes y el equipo de t\u00e9cnicos, por lo que padres de familia pudieron disfrutar de un momento ameno al compartir las actividades con sus hijos al airea libre.<\/p>\n\n\n\n<figure class=\"wp-block-image size-large\"><img loading=\"lazy\" decoding=\"async\" width=\"1024\" height=\"576\" src=\"https:\/\/mifavorita.com.pa\/2017\/wp-content\/uploads\/2026\/04\/IMG_5474-1024x576.jpeg\" alt=\"\" class=\"wp-image-21453\" srcset=\"https:\/\/mifavorita.com.pa\/2017\/wp-content\/uploads\/2026\/04\/IMG_5474-1024x576.jpeg 1024w, https:\/\/mifavorita.com.pa\/2017\/wp-content\/uploads\/2026\/04\/IMG_5474-300x169.jpeg 300w, https:\/\/mifavorita.com.pa\/2017\/wp-content\/uploads\/2026\/04\/IMG_5474-768x432.jpeg 768w, https:\/\/mifavorita.com.pa\/2017\/wp-content\/uploads\/2026\/04\/IMG_5474-1536x864.jpeg 1536w, https:\/\/mifavorita.com.pa\/2017\/wp-content\/uploads\/2026\/04\/IMG_5474-2048x1152.jpeg 2048w, https:\/\/mifavorita.com.pa\/2017\/wp-content\/uploads\/2026\/04\/IMG_5474-700x394.jpeg 700w, https:\/\/mifavorita.com.pa\/2017\/wp-content\/uploads\/2026\/04\/IMG_5474-500x281.jpeg 500w\" sizes=\"(max-width: 1024px) 100vw, 1024px\" \/><\/figure>\n","protected":false},"excerpt":{"rendered":"<p>En compa\u00f1\u00eda de toda la comunidad educativa y de instituciones invitadas, la extensi\u00f3n Penonom\u00e9 del Instituto Paname\u00f1o de Habilitaci\u00f3n Especial, realiz\u00f3 una caminata como cierre al mes del autismo la ma\u00f1ana de este 29 de abril, actividad que se desarroll\u00f3 por las principales calles del pueblo y que busc\u00f3 sensibilizar a la poblaci\u00f3n general sobre [&hellip;]<\/p>\n","protected":false},"author":6,"featured_media":21446,"comment_status":"open","ping_status":"open","sticky":false,"template":"","format":"standard","meta":{"footnotes":""},"categories":[17,1],"tags":[],"class_list":["post-21445","post","type-post","status-publish","format-standard","has-post-thumbnail","hentry","category-comunitaria","category-noticias"],"_links":{"self":[{"href":"https:\/\/mifavorita.com.pa\/2017\/wp-json\/wp\/v2\/posts\/21445","targetHints":{"allow":["GET"]}}],"collection":[{"href":"https:\/\/mifavorita.com.pa\/2017\/wp-json\/wp\/v2\/posts"}],"about":[{"href":"https:\/\/mifavorita.com.pa\/2017\/wp-json\/wp\/v2\/types\/post"}],"author":[{"embeddable":true,"href":"https:\/\/mifavorita.com.pa\/2017\/wp-json\/wp\/v2\/users\/6"}],"replies":[{"embeddable":true,"href":"https:\/\/mifavorita.com.pa\/2017\/wp-json\/wp\/v2\/comments?post=21445"}],"version-history":[{"count":1,"href":"https:\/\/mifavorita.com.pa\/2017\/wp-json\/wp\/v2\/posts\/21445\/revisions"}],"predecessor-version":[{"id":21454,"href":"https:\/\/mifavorita.com.pa\/2017\/wp-json\/wp\/v2\/posts\/21445\/revisions\/21454"}],"wp:featuredmedia":[{"embeddable":true,"href":"https:\/\/mifavorita.com.pa\/2017\/wp-json\/wp\/v2\/media\/21446"}],"wp:attachment":[{"href":"https:\/\/mifavorita.com.pa\/2017\/wp-json\/wp\/v2\/media?parent=21445"}],"wp:term":[{"taxonomy":"category","embeddable":true,"href":"https:\/\/mifavorita.com.pa\/2017\/wp-json\/wp\/v2\/categories?post=21445"},{"taxonomy":"post_tag","embeddable":true,"href":"https:\/\/mifavorita.com.pa\/2017\/wp-json\/wp\/v2\/tags?post=21445"}],"curies":[{"name":"wp","href":"https:\/\/api.w.org\/{rel}","templated":true}]}}