{"id":21456,"date":"2026-04-30T12:59:20","date_gmt":"2026-04-30T12:59:20","guid":{"rendered":"https:\/\/mifavorita.com.pa\/2017\/?p=21456"},"modified":"2026-04-30T13:17:48","modified_gmt":"2026-04-30T13:17:48","slug":"estudiantes-afectados-por-agroquimico-en-el-ipt-omar-torrijos-herrera-fueron-trasladados-a-hospitales-suspenden-clases-este-jueves-30-de-abril","status":"publish","type":"post","link":"https:\/\/mifavorita.com.pa\/2017\/estudiantes-afectados-por-agroquimico-en-el-ipt-omar-torrijos-herrera-fueron-trasladados-a-hospitales-suspenden-clases-este-jueves-30-de-abril\/","title":{"rendered":"ESTUDIANTES AFECTADOS POR AGROQU\u00cdMICO EN EL IPT OMAR TORRIJOS HERRERA FUERON TRASLADADOS A HOSPITALES. SUSPENDEN CLASES ESTE JUEVES 30 DE ABRIL"},"content":{"rendered":"\n<p>Unos 24 estudiantes del Instituto Profesional y T\u00e9cnico Omar Torrijos Herrera ubicado en el distrito de Ol\u00e1, resultaron afectados tras el derrame de un supuesto agroqu\u00edmico en el plantel mientras realizaban labores de limpieza dentro de un dep\u00f3sito de herramientas y materiales la ma\u00f1ana del mi\u00e9rcoles 29 de abril. Los mismos fueron trasladados con apoyo de docentes en sus veh\u00edculos particulares hasta el Centro Materno Infantil de este distrito.<\/p>\n\n\n\n<p>La situaci\u00f3n, que gener\u00f3 conmoci\u00f3n, pero a la vez una r\u00e1pida acci\u00f3n entre compa\u00f1eros para ayudar a evacuar a los estudiantes que presentaban s\u00edntomas como garganta reseca, tos, dificultad para respirar, v\u00f3mitos, mareos, dolor de cabeza y ansiedad, fue controlada por m\u00e9dicos del centro de salud, que lograron estabilizar a los estudiantes.<\/p>\n\n\n\n<figure class=\"wp-block-image size-large\"><img fetchpriority=\"high\" decoding=\"async\" width=\"1024\" height=\"547\" src=\"https:\/\/mifavorita.com.pa\/2017\/wp-content\/uploads\/2026\/04\/IMG_5509-1024x547.jpeg\" alt=\"\" class=\"wp-image-21458\" srcset=\"https:\/\/mifavorita.com.pa\/2017\/wp-content\/uploads\/2026\/04\/IMG_5509-1024x547.jpeg 1024w, https:\/\/mifavorita.com.pa\/2017\/wp-content\/uploads\/2026\/04\/IMG_5509-300x160.jpeg 300w, https:\/\/mifavorita.com.pa\/2017\/wp-content\/uploads\/2026\/04\/IMG_5509-768x410.jpeg 768w, https:\/\/mifavorita.com.pa\/2017\/wp-content\/uploads\/2026\/04\/IMG_5509-700x374.jpeg 700w, https:\/\/mifavorita.com.pa\/2017\/wp-content\/uploads\/2026\/04\/IMG_5509-500x267.jpeg 500w, https:\/\/mifavorita.com.pa\/2017\/wp-content\/uploads\/2026\/04\/IMG_5509.jpeg 1179w\" sizes=\"(max-width: 1024px) 100vw, 1024px\" \/><\/figure>\n\n\n\n<p>El director m\u00e9dico de este Centro, Javier Sol\u00eds, explic\u00f3 que luego de aplicar sueros rehidratantes y estabilizar los s\u00edntomas, los estudiantes fueron trasladados a hospitales de la provincia; unos 11 fueron enviados al Hospital Rafael Est\u00e9vez de Aguadulce, 2 de ellos en c\u00f3digo amarillo, es decir que requer\u00edan m\u00e1s evaluaci\u00f3n, y el resto en c\u00f3digo verde, estables y consientes.<\/p>\n\n\n\n<p>Otros 13 estudiantes fueron movilizados hacia el Hospital Aquilino Tejeira en Penonom\u00e9, todos en c\u00f3digo verde, para su revisi\u00f3n. El director resalt\u00f3 que lo m\u00e1s importante era que se les realizaran ex\u00e1menes de laboratorios para determinar las afectaciones al sistema, las cuales pueden incluso presentarse tras varias semanas.<\/p>\n\n\n\n<figure class=\"wp-block-image size-large\"><img decoding=\"async\" width=\"1024\" height=\"547\" src=\"https:\/\/mifavorita.com.pa\/2017\/wp-content\/uploads\/2026\/04\/IMG_5508-1024x547.jpeg\" alt=\"\" class=\"wp-image-21459\" srcset=\"https:\/\/mifavorita.com.pa\/2017\/wp-content\/uploads\/2026\/04\/IMG_5508-1024x547.jpeg 1024w, https:\/\/mifavorita.com.pa\/2017\/wp-content\/uploads\/2026\/04\/IMG_5508-300x160.jpeg 300w, https:\/\/mifavorita.com.pa\/2017\/wp-content\/uploads\/2026\/04\/IMG_5508-768x410.jpeg 768w, https:\/\/mifavorita.com.pa\/2017\/wp-content\/uploads\/2026\/04\/IMG_5508-700x374.jpeg 700w, https:\/\/mifavorita.com.pa\/2017\/wp-content\/uploads\/2026\/04\/IMG_5508-500x267.jpeg 500w, https:\/\/mifavorita.com.pa\/2017\/wp-content\/uploads\/2026\/04\/IMG_5508.jpeg 1179w\" sizes=\"(max-width: 1024px) 100vw, 1024px\" \/><\/figure>\n\n\n\n<p>Los estudiantes requirieron de cambios en sus vestimentas pues a\u00fan en el Centro de Salud, el olor era penetrante, lo que oblig\u00f3 a todo el personal, docentes y padres que acompa\u00f1aban a los j\u00f3venes, a utilizar mascarillas.<\/p>\n\n\n\n<p>A\u00fan se desconoce espec\u00edficamente de qu\u00e9 producto agr\u00edcola se trata, sin embargo, debido al fuerte olor que emanaba del plantel, los Bomberos acudieron al sitio a verificar la condici\u00f3n de la sustancia, y tras la visita el Ministerio de Educaci\u00f3n en Cocl\u00e9 emiti\u00f3 un comunicado en el que suspend\u00edan clases el jueves 30 mientras se realizaban las labores de limpieza. El Ministerio de Salud igual debe acudir para realizar sus evaluaciones.<\/p>\n\n\n\n<figure class=\"wp-block-image size-large\"><img decoding=\"async\" width=\"1024\" height=\"529\" src=\"https:\/\/mifavorita.com.pa\/2017\/wp-content\/uploads\/2026\/04\/IMG_5510-1024x529.jpeg\" alt=\"\" class=\"wp-image-21460\" srcset=\"https:\/\/mifavorita.com.pa\/2017\/wp-content\/uploads\/2026\/04\/IMG_5510-1024x529.jpeg 1024w, https:\/\/mifavorita.com.pa\/2017\/wp-content\/uploads\/2026\/04\/IMG_5510-300x155.jpeg 300w, https:\/\/mifavorita.com.pa\/2017\/wp-content\/uploads\/2026\/04\/IMG_5510-768x397.jpeg 768w, https:\/\/mifavorita.com.pa\/2017\/wp-content\/uploads\/2026\/04\/IMG_5510-700x362.jpeg 700w, https:\/\/mifavorita.com.pa\/2017\/wp-content\/uploads\/2026\/04\/IMG_5510-500x258.jpeg 500w, https:\/\/mifavorita.com.pa\/2017\/wp-content\/uploads\/2026\/04\/IMG_5510.jpeg 1179w\" sizes=\"(max-width: 1024px) 100vw, 1024px\" \/><\/figure>\n\n\n\n<p><\/p>\n","protected":false},"excerpt":{"rendered":"<p>Unos 24 estudiantes del Instituto Profesional y T\u00e9cnico Omar Torrijos Herrera ubicado en el distrito de Ol\u00e1, resultaron afectados tras el derrame de un supuesto agroqu\u00edmico en el plantel mientras realizaban labores de limpieza dentro de un dep\u00f3sito de herramientas y materiales la ma\u00f1ana del mi\u00e9rcoles 29 de abril. Los mismos fueron trasladados con apoyo [&hellip;]<\/p>\n","protected":false},"author":6,"featured_media":21457,"comment_status":"open","ping_status":"open","sticky":false,"template":"","format":"standard","meta":{"footnotes":""},"categories":[40,1],"tags":[],"class_list":["post-21456","post","type-post","status-publish","format-standard","has-post-thumbnail","hentry","category-educacion","category-noticias"],"_links":{"self":[{"href":"https:\/\/mifavorita.com.pa\/2017\/wp-json\/wp\/v2\/posts\/21456","targetHints":{"allow":["GET"]}}],"collection":[{"href":"https:\/\/mifavorita.com.pa\/2017\/wp-json\/wp\/v2\/posts"}],"about":[{"href":"https:\/\/mifavorita.com.pa\/2017\/wp-json\/wp\/v2\/types\/post"}],"author":[{"embeddable":true,"href":"https:\/\/mifavorita.com.pa\/2017\/wp-json\/wp\/v2\/users\/6"}],"replies":[{"embeddable":true,"href":"https:\/\/mifavorita.com.pa\/2017\/wp-json\/wp\/v2\/comments?post=21456"}],"version-history":[{"count":2,"href":"https:\/\/mifavorita.com.pa\/2017\/wp-json\/wp\/v2\/posts\/21456\/revisions"}],"predecessor-version":[{"id":21467,"href":"https:\/\/mifavorita.com.pa\/2017\/wp-json\/wp\/v2\/posts\/21456\/revisions\/21467"}],"wp:featuredmedia":[{"embeddable":true,"href":"https:\/\/mifavorita.com.pa\/2017\/wp-json\/wp\/v2\/media\/21457"}],"wp:attachment":[{"href":"https:\/\/mifavorita.com.pa\/2017\/wp-json\/wp\/v2\/media?parent=21456"}],"wp:term":[{"taxonomy":"category","embeddable":true,"href":"https:\/\/mifavorita.com.pa\/2017\/wp-json\/wp\/v2\/categories?post=21456"},{"taxonomy":"post_tag","embeddable":true,"href":"https:\/\/mifavorita.com.pa\/2017\/wp-json\/wp\/v2\/tags?post=21456"}],"curies":[{"name":"wp","href":"https:\/\/api.w.org\/{rel}","templated":true}]}}