{"id":21470,"date":"2026-04-30T19:42:01","date_gmt":"2026-04-30T19:42:01","guid":{"rendered":"https:\/\/mifavorita.com.pa\/2017\/?p=21470"},"modified":"2026-04-30T19:46:15","modified_gmt":"2026-04-30T19:46:15","slug":"autoridades-locales-conmemoraron-los-445-anos-de-fundacion-del-pueblo-de-penonome","status":"publish","type":"post","link":"https:\/\/mifavorita.com.pa\/2017\/autoridades-locales-conmemoraron-los-445-anos-de-fundacion-del-pueblo-de-penonome\/","title":{"rendered":"AUTORIDADES LOCALES CONMEMORARON LOS 445 A\u00d1OS DE FUNDACI\u00d3N DEL PUEBLO DE PENONOM\u00c9"},"content":{"rendered":"\n<p>Penonom\u00e9 celebr\u00f3 sus 445 a\u00f1os de fundaci\u00f3n con una eucarist\u00eda de acci\u00f3n de gracias desde la Catedral San Juan Bautista, presidida por Monse\u00f1or Edgardo Cede\u00f1o en compa\u00f1\u00eda de funcionarios de la Alcald\u00eda de Penonom\u00e9, funcionarios de otras instituciones y el gobernador de la provincia, al igual que del Cuerpo de Bomberos que celebran los 73 a\u00f1os de fundaci\u00f3n de su estaci\u00f3n Juan Parada.<\/p>\n\n\n\n<p>Monse\u00f1or Edgardo Cede\u00f1o durante la homil\u00eda hizo un especial llamado a las autoridades a la uni\u00f3n para permitir el progreso de este pueblo que se ha convertido en ciudad completamente por su ubicaci\u00f3n geogr\u00e1fica, cultura y valores de su gente. Robin Kam, alcalde del distrito manifest\u00f3 su alegr\u00eda al celebrar un aniversario de fundaci\u00f3n m\u00e1s e indic\u00f3 que tambi\u00e9n se hizo entrega de dos canastillas a los primeros ni\u00f1os nacidos en este d\u00eda.<\/p>\n\n\n\n<figure class=\"wp-block-image size-large\"><img fetchpriority=\"high\" decoding=\"async\" width=\"1024\" height=\"576\" src=\"https:\/\/mifavorita.com.pa\/2017\/wp-content\/uploads\/2026\/04\/IMG_5516-1024x576.jpeg\" alt=\"\" class=\"wp-image-21472\" srcset=\"https:\/\/mifavorita.com.pa\/2017\/wp-content\/uploads\/2026\/04\/IMG_5516-1024x576.jpeg 1024w, https:\/\/mifavorita.com.pa\/2017\/wp-content\/uploads\/2026\/04\/IMG_5516-300x169.jpeg 300w, https:\/\/mifavorita.com.pa\/2017\/wp-content\/uploads\/2026\/04\/IMG_5516-768x432.jpeg 768w, https:\/\/mifavorita.com.pa\/2017\/wp-content\/uploads\/2026\/04\/IMG_5516-1536x864.jpeg 1536w, https:\/\/mifavorita.com.pa\/2017\/wp-content\/uploads\/2026\/04\/IMG_5516-2048x1152.jpeg 2048w, https:\/\/mifavorita.com.pa\/2017\/wp-content\/uploads\/2026\/04\/IMG_5516-700x394.jpeg 700w, https:\/\/mifavorita.com.pa\/2017\/wp-content\/uploads\/2026\/04\/IMG_5516-500x281.jpeg 500w\" sizes=\"(max-width: 1024px) 100vw, 1024px\" \/><\/figure>\n\n\n\n<p>De igual manera, el gobernador de la provincia, Irving Gonz\u00e1lez, indic\u00f3 que la historia del pueblo de Penonom\u00e9 es muestra de su crecimiento geogr\u00e1fico y econ\u00f3mico, ya que alguien hizo las cosas bien al agrupar los poblados cercanos en el centro del pa\u00eds con gente armoniosa y talentosa.<\/p>\n\n\n\n<p>Por su parte Margarita Ducreaux, jefa de los Bomberos, se refiri\u00f3 al aniversario de la estaci\u00f3n Juan Parada, que coincide con la fundaci\u00f3n de Penonom\u00e9, la cual resalt\u00f3, est\u00e1 siembre al servicio de la poblaci\u00f3n con las unidades fijas, aquellas que rotan y los administrativos que atienden todo tipo de tr\u00e1mites. Exhort\u00f3 a la poblaci\u00f3n a acompa\u00f1arlos a su paseo de antorchas a las 8 de la noche desde esta estaci\u00f3n por las principales calles.<\/p>\n\n\n\n<p>Este 30 de abril tambi\u00e9n se conmemora la creaci\u00f3n del Coro IV centenario, que celebran sus 45 a\u00f1os de aniversario, por lo que fueron sus integrantes los encargados de amenizar la eucarist\u00eda y celebrar junto a todo el pueblo su historia.<\/p>\n\n\n\n<figure class=\"wp-block-gallery has-nested-images columns-default is-cropped wp-block-gallery-1 is-layout-flex wp-block-gallery-is-layout-flex\">\n<figure class=\"wp-block-image size-large\"><img decoding=\"async\" width=\"1024\" height=\"576\" data-id=\"21479\" src=\"https:\/\/mifavorita.com.pa\/2017\/wp-content\/uploads\/2026\/04\/IMG_5520-1024x576.jpeg\" alt=\"\" class=\"wp-image-21479\" srcset=\"https:\/\/mifavorita.com.pa\/2017\/wp-content\/uploads\/2026\/04\/IMG_5520-1024x576.jpeg 1024w, https:\/\/mifavorita.com.pa\/2017\/wp-content\/uploads\/2026\/04\/IMG_5520-300x169.jpeg 300w, https:\/\/mifavorita.com.pa\/2017\/wp-content\/uploads\/2026\/04\/IMG_5520-768x432.jpeg 768w, https:\/\/mifavorita.com.pa\/2017\/wp-content\/uploads\/2026\/04\/IMG_5520-1536x864.jpeg 1536w, https:\/\/mifavorita.com.pa\/2017\/wp-content\/uploads\/2026\/04\/IMG_5520-2048x1152.jpeg 2048w, https:\/\/mifavorita.com.pa\/2017\/wp-content\/uploads\/2026\/04\/IMG_5520-700x394.jpeg 700w, https:\/\/mifavorita.com.pa\/2017\/wp-content\/uploads\/2026\/04\/IMG_5520-500x281.jpeg 500w\" sizes=\"(max-width: 1024px) 100vw, 1024px\" \/><\/figure>\n\n\n\n<figure class=\"wp-block-image size-large\"><img decoding=\"async\" width=\"1024\" height=\"576\" data-id=\"21478\" src=\"https:\/\/mifavorita.com.pa\/2017\/wp-content\/uploads\/2026\/04\/IMG_5524-1024x576.jpeg\" alt=\"\" class=\"wp-image-21478\" srcset=\"https:\/\/mifavorita.com.pa\/2017\/wp-content\/uploads\/2026\/04\/IMG_5524-1024x576.jpeg 1024w, https:\/\/mifavorita.com.pa\/2017\/wp-content\/uploads\/2026\/04\/IMG_5524-300x169.jpeg 300w, https:\/\/mifavorita.com.pa\/2017\/wp-content\/uploads\/2026\/04\/IMG_5524-768x432.jpeg 768w, https:\/\/mifavorita.com.pa\/2017\/wp-content\/uploads\/2026\/04\/IMG_5524-1536x864.jpeg 1536w, https:\/\/mifavorita.com.pa\/2017\/wp-content\/uploads\/2026\/04\/IMG_5524-2048x1152.jpeg 2048w, https:\/\/mifavorita.com.pa\/2017\/wp-content\/uploads\/2026\/04\/IMG_5524-700x394.jpeg 700w, https:\/\/mifavorita.com.pa\/2017\/wp-content\/uploads\/2026\/04\/IMG_5524-500x281.jpeg 500w\" sizes=\"(max-width: 1024px) 100vw, 1024px\" \/><\/figure>\n\n\n\n<figure class=\"wp-block-image size-large\"><img loading=\"lazy\" decoding=\"async\" width=\"1024\" height=\"576\" data-id=\"21474\" src=\"https:\/\/mifavorita.com.pa\/2017\/wp-content\/uploads\/2026\/04\/20260430_093249-1024x576.jpg\" alt=\"\" class=\"wp-image-21474\" srcset=\"https:\/\/mifavorita.com.pa\/2017\/wp-content\/uploads\/2026\/04\/20260430_093249-1024x576.jpg 1024w, https:\/\/mifavorita.com.pa\/2017\/wp-content\/uploads\/2026\/04\/20260430_093249-300x169.jpg 300w, https:\/\/mifavorita.com.pa\/2017\/wp-content\/uploads\/2026\/04\/20260430_093249-768x432.jpg 768w, https:\/\/mifavorita.com.pa\/2017\/wp-content\/uploads\/2026\/04\/20260430_093249-1536x864.jpg 1536w, https:\/\/mifavorita.com.pa\/2017\/wp-content\/uploads\/2026\/04\/20260430_093249-700x394.jpg 700w, https:\/\/mifavorita.com.pa\/2017\/wp-content\/uploads\/2026\/04\/20260430_093249-500x281.jpg 500w, https:\/\/mifavorita.com.pa\/2017\/wp-content\/uploads\/2026\/04\/20260430_093249.jpg 1920w\" sizes=\"(max-width: 1024px) 100vw, 1024px\" \/><\/figure>\n\n\n\n<figure class=\"wp-block-image size-large\"><img loading=\"lazy\" decoding=\"async\" width=\"1024\" height=\"576\" data-id=\"21473\" src=\"https:\/\/mifavorita.com.pa\/2017\/wp-content\/uploads\/2026\/04\/20260430_090907-1024x576.jpg\" alt=\"\" class=\"wp-image-21473\" srcset=\"https:\/\/mifavorita.com.pa\/2017\/wp-content\/uploads\/2026\/04\/20260430_090907-1024x576.jpg 1024w, https:\/\/mifavorita.com.pa\/2017\/wp-content\/uploads\/2026\/04\/20260430_090907-300x169.jpg 300w, https:\/\/mifavorita.com.pa\/2017\/wp-content\/uploads\/2026\/04\/20260430_090907-768x432.jpg 768w, https:\/\/mifavorita.com.pa\/2017\/wp-content\/uploads\/2026\/04\/20260430_090907-1536x864.jpg 1536w, https:\/\/mifavorita.com.pa\/2017\/wp-content\/uploads\/2026\/04\/20260430_090907-700x394.jpg 700w, https:\/\/mifavorita.com.pa\/2017\/wp-content\/uploads\/2026\/04\/20260430_090907-500x281.jpg 500w, https:\/\/mifavorita.com.pa\/2017\/wp-content\/uploads\/2026\/04\/20260430_090907.jpg 1920w\" sizes=\"(max-width: 1024px) 100vw, 1024px\" \/><\/figure>\n<\/figure>\n","protected":false},"excerpt":{"rendered":"<p>Penonom\u00e9 celebr\u00f3 sus 445 a\u00f1os de fundaci\u00f3n con una eucarist\u00eda de acci\u00f3n de gracias desde la Catedral San Juan Bautista, presidida por Monse\u00f1or Edgardo Cede\u00f1o en compa\u00f1\u00eda de funcionarios de la Alcald\u00eda de Penonom\u00e9, funcionarios de otras instituciones y el gobernador de la provincia, al igual que del Cuerpo de Bomberos que celebran los 73 [&hellip;]<\/p>\n","protected":false},"author":6,"featured_media":21471,"comment_status":"open","ping_status":"open","sticky":false,"template":"","format":"standard","meta":{"footnotes":""},"categories":[17,1],"tags":[],"class_list":["post-21470","post","type-post","status-publish","format-standard","has-post-thumbnail","hentry","category-comunitaria","category-noticias"],"_links":{"self":[{"href":"https:\/\/mifavorita.com.pa\/2017\/wp-json\/wp\/v2\/posts\/21470","targetHints":{"allow":["GET"]}}],"collection":[{"href":"https:\/\/mifavorita.com.pa\/2017\/wp-json\/wp\/v2\/posts"}],"about":[{"href":"https:\/\/mifavorita.com.pa\/2017\/wp-json\/wp\/v2\/types\/post"}],"author":[{"embeddable":true,"href":"https:\/\/mifavorita.com.pa\/2017\/wp-json\/wp\/v2\/users\/6"}],"replies":[{"embeddable":true,"href":"https:\/\/mifavorita.com.pa\/2017\/wp-json\/wp\/v2\/comments?post=21470"}],"version-history":[{"count":1,"href":"https:\/\/mifavorita.com.pa\/2017\/wp-json\/wp\/v2\/posts\/21470\/revisions"}],"predecessor-version":[{"id":21481,"href":"https:\/\/mifavorita.com.pa\/2017\/wp-json\/wp\/v2\/posts\/21470\/revisions\/21481"}],"wp:featuredmedia":[{"embeddable":true,"href":"https:\/\/mifavorita.com.pa\/2017\/wp-json\/wp\/v2\/media\/21471"}],"wp:attachment":[{"href":"https:\/\/mifavorita.com.pa\/2017\/wp-json\/wp\/v2\/media?parent=21470"}],"wp:term":[{"taxonomy":"category","embeddable":true,"href":"https:\/\/mifavorita.com.pa\/2017\/wp-json\/wp\/v2\/categories?post=21470"},{"taxonomy":"post_tag","embeddable":true,"href":"https:\/\/mifavorita.com.pa\/2017\/wp-json\/wp\/v2\/tags?post=21470"}],"curies":[{"name":"wp","href":"https:\/\/api.w.org\/{rel}","templated":true}]}}